{"id":23963,"date":"2025-06-13T10:08:27","date_gmt":"2025-06-13T13:08:27","guid":{"rendered":"https:\/\/radiobitacora.com.ar\/web\/?p=23963"},"modified":"2025-06-13T10:12:52","modified_gmt":"2025-06-13T13:12:52","slug":"campeonato-de-ciclismo-infanto-juvenil","status":"publish","type":"post","link":"https:\/\/radiobitacora.com.ar\/web\/2025\/06\/13\/campeonato-de-ciclismo-infanto-juvenil\/","title":{"rendered":"CAMPEONATO DE CICLISMO INFANTO JUVENIL"},"content":{"rendered":"<p style=\"font-weight: 400;\">Despu\u00e9s de 11 a\u00f1os, Goya se prepara para recibir la 2\u00aa fecha del Ciclismo Nacional.<\/p>\n<p style=\"font-weight: 400;\">Avanzan los trabajos de optimizaci\u00f3n en el Vel\u00f3dromo Municipal \u201cLucho L\u00f3pez\u201d, trazado para la competencia durante los d\u00edas s\u00e1bado 14 y domingo 15 de junio.<\/p>\n<p style=\"font-weight: 400;\"><img loading=\"lazy\" decoding=\"async\" class=\"wp-image-23964 alignleft\" src=\"https:\/\/radiobitacora.com.ar\/web\/wp-content\/uploads\/2025\/06\/ciclismo-infanto-juvenil-Velodromo-recorrida-de-Mariano-4.jpg\" alt=\"\" width=\"300\" height=\"200\" srcset=\"https:\/\/radiobitacora.com.ar\/web\/wp-content\/uploads\/2025\/06\/ciclismo-infanto-juvenil-Velodromo-recorrida-de-Mariano-4.jpg 2048w, https:\/\/radiobitacora.com.ar\/web\/wp-content\/uploads\/2025\/06\/ciclismo-infanto-juvenil-Velodromo-recorrida-de-Mariano-4-696x464.jpg 696w, https:\/\/radiobitacora.com.ar\/web\/wp-content\/uploads\/2025\/06\/ciclismo-infanto-juvenil-Velodromo-recorrida-de-Mariano-4-1068x712.jpg 1068w, https:\/\/radiobitacora.com.ar\/web\/wp-content\/uploads\/2025\/06\/ciclismo-infanto-juvenil-Velodromo-recorrida-de-Mariano-4-630x420.jpg 630w\" sizes=\"auto, (max-width: 300px) 100vw, 300px\" \/><\/p>\n<p style=\"font-weight: 400;\">El INTENDENTE MARIANO HORMAECHEA OBSERV\u00d3 LOS TRABAJOS EN EL CIRCUITO<\/p>\n<p style=\"font-weight: 400;\">Junto al director de Deportes Alejandro Lago y el director de Servicios, Pedro Zarantonelli, el intendente Mariano Hormaechea recorri\u00f3 el vel\u00f3dromo y se interioriz\u00f3 de los trabajos de adecuaci\u00f3n y optimizaci\u00f3n del \u201cLucho L\u00f3pez\u201d para recibir a los j\u00f3venes ciclistas de todo el pa\u00eds.<\/p>\n<p style=\"font-weight: 400;\">La invitaci\u00f3n para vivir la fiesta del Ciclismo es para este fin de semana en nuestra ciudad, 14 y 15 de junio. \u00a1No te lo pierdas!<\/p>\n<p style=\"font-weight: 400;\">Direcci\u00f3n de Prensa-Municipalidad de Goya<\/p>\n","protected":false},"excerpt":{"rendered":"<p>Despu\u00e9s de 11 a\u00f1os, Goya se prepara para recibir la 2\u00aa fecha del Ciclismo Nacional. Avanzan los trabajos de optimizaci\u00f3n en el Vel\u00f3dromo Municipal \u201cLucho L\u00f3pez\u201d, trazado para la competencia durante los d\u00edas s\u00e1bado 14 y domingo 15 de junio. El INTENDENTE MARIANO HORMAECHEA OBSERV\u00d3 LOS TRABAJOS EN EL CIRCUITO Junto al director de Deportes [&hellip;]<\/p>\n","protected":false},"author":2,"featured_media":23965,"comment_status":"closed","ping_status":"closed","sticky":false,"template":"","format":"standard","meta":{"footnotes":""},"categories":[56],"tags":[],"class_list":{"0":"post-23963","1":"post","2":"type-post","3":"status-publish","4":"format-standard","5":"has-post-thumbnail","7":"category-locales"},"_links":{"self":[{"href":"https:\/\/radiobitacora.com.ar\/web\/wp-json\/wp\/v2\/posts\/23963","targetHints":{"allow":["GET"]}}],"collection":[{"href":"https:\/\/radiobitacora.com.ar\/web\/wp-json\/wp\/v2\/posts"}],"about":[{"href":"https:\/\/radiobitacora.com.ar\/web\/wp-json\/wp\/v2\/types\/post"}],"author":[{"embeddable":true,"href":"https:\/\/radiobitacora.com.ar\/web\/wp-json\/wp\/v2\/users\/2"}],"replies":[{"embeddable":true,"href":"https:\/\/radiobitacora.com.ar\/web\/wp-json\/wp\/v2\/comments?post=23963"}],"version-history":[{"count":0,"href":"https:\/\/radiobitacora.com.ar\/web\/wp-json\/wp\/v2\/posts\/23963\/revisions"}],"wp:featuredmedia":[{"embeddable":true,"href":"https:\/\/radiobitacora.com.ar\/web\/wp-json\/wp\/v2\/media\/23965"}],"wp:attachment":[{"href":"https:\/\/radiobitacora.com.ar\/web\/wp-json\/wp\/v2\/media?parent=23963"}],"wp:term":[{"taxonomy":"category","embeddable":true,"href":"https:\/\/radiobitacora.com.ar\/web\/wp-json\/wp\/v2\/categories?post=23963"},{"taxonomy":"post_tag","embeddable":true,"href":"https:\/\/radiobitacora.com.ar\/web\/wp-json\/wp\/v2\/tags?post=23963"}],"curies":[{"name":"wp","href":"https:\/\/api.w.org\/{rel}","templated":true}]}}