{"id":23992,"date":"2025-06-14T19:51:01","date_gmt":"2025-06-14T22:51:01","guid":{"rendered":"https:\/\/radiobitacora.com.ar\/web\/?p=23992"},"modified":"2025-06-14T19:51:08","modified_gmt":"2025-06-14T22:51:08","slug":"primera-muestra-g-i-e-2025","status":"publish","type":"post","link":"https:\/\/radiobitacora.com.ar\/web\/2025\/06\/14\/primera-muestra-g-i-e-2025\/","title":{"rendered":"PRIMERA MUESTRA G.I.E. 2025"},"content":{"rendered":"<p><em>Gastronom\u00eda, indumentaria y est\u00e9tica \/ cursos de capacitaci\u00f3n en manicur\u00eda y maquillaje social: Artes y oficios que inspiran<\/em>.<\/p>\n<p>En la ma\u00f1ana de este jueves 12 de junio se desarroll\u00f3 la primera Muestra GIE &#8211; Gastronom\u00eda- Indumentaria- Est\u00e9tica &#8211;\u00a0 de la Escuela Municipal don Antonio Villarreal, en el horario de 9 a 12.<\/p>\n<p>Esta es la primera muestra que se lleva adelante con la idea de dar cuenta del proceso de formaci\u00f3n de alumnos y alumnas con diferentes orientaciones profesionales.<\/p>\n<p>Presentaron sus propuestas los tres sectores profesionales: gastronom\u00eda (perfil panadero, pastelero y cocinero); est\u00e9tica con sus dos perfiles profesionales:\u00a0auxiliar de peluquer\u00eda\/peluquero\/ra y el sector indumentario (operario cortador, modelista\u2013patronista-operador de m\u00e1quinas y confeccionista a medida) presente con sus cuatro perfiles profesionales y el curso de blanquer\u00eda.<\/p>\n<p><img loading=\"lazy\" decoding=\"async\" class=\"wp-image-23993 alignleft\" src=\"https:\/\/radiobitacora.com.ar\/web\/wp-content\/uploads\/2025\/06\/muestra-gie-2025-1-1.jpg\" alt=\"\" width=\"318\" height=\"212\" srcset=\"https:\/\/radiobitacora.com.ar\/web\/wp-content\/uploads\/2025\/06\/muestra-gie-2025-1-1.jpg 1600w, https:\/\/radiobitacora.com.ar\/web\/wp-content\/uploads\/2025\/06\/muestra-gie-2025-1-1-696x464.jpg 696w, https:\/\/radiobitacora.com.ar\/web\/wp-content\/uploads\/2025\/06\/muestra-gie-2025-1-1-1068x712.jpg 1068w, https:\/\/radiobitacora.com.ar\/web\/wp-content\/uploads\/2025\/06\/muestra-gie-2025-1-1-630x420.jpg 630w\" sizes=\"auto, (max-width: 318px) 100vw, 318px\" \/><\/p>\n<p>Las propuestas de capacitaci\u00f3n municipal: curso de manicur\u00eda y curso de maquillaje social, de forma pr\u00e1ctica mostraron a los visitantes los tipos, el proceso, los insumos y detalles de un maquillaje social.<\/p>\n<p>&nbsp;<\/p>\n<p>Por su parte, la profesora a cargo del curso de manicur\u00eda y sus estudiantes presentaron los tipos de u\u00f1as y de dise\u00f1o conforme a las diferentes situaciones laborales: trabajo rural, trabajo de la casa, docencia, seguridad, oficina entre otros.<\/p>\n<p>El espacio curricular Gesti\u00f3n estuvo presente en la muestra dando a entender que el mismo atraviesa a todas las formaciones profesionales y cursos de capacitaci\u00f3n, ya que se debe complementar la formaci\u00f3n en un oficio o en un espacio de arte con la producci\u00f3n, el marketing, la gesti\u00f3n del empleo y el desarrollo de los proyectos ocupacionales\/emprendimientos.<\/p>\n<p>M\u00e1s de 200 alumnos del sexto a\u00f1o de las escuelas secundarias de Goya llegaron puntualmente a la instituci\u00f3n para disfrutar de la Muestra y buscar informaci\u00f3n de los diferentes sectores. Han estado presentes las siguientes instituciones educativas de Goya:\u00a0 Colegio Secundario Juan Eusebio Torrent, Colegio Secundario Gregoria Morales, Colegio Secundario Brigadier Rub\u00e9n Gustavo Zini y CESPA N\u00b0 1.\u00a0Familiares, ex alumnas \/os, vecinos, p\u00fablico en general completaron el cuantioso grupo humano presente en la muestra.<\/p>\n<p><img loading=\"lazy\" decoding=\"async\" class=\"wp-image-23994 alignleft\" src=\"https:\/\/radiobitacora.com.ar\/web\/wp-content\/uploads\/2025\/06\/muestra-gie-2025-3.jpg\" alt=\"\" width=\"326\" height=\"217\" srcset=\"https:\/\/radiobitacora.com.ar\/web\/wp-content\/uploads\/2025\/06\/muestra-gie-2025-3.jpg 1600w, https:\/\/radiobitacora.com.ar\/web\/wp-content\/uploads\/2025\/06\/muestra-gie-2025-3-696x464.jpg 696w, https:\/\/radiobitacora.com.ar\/web\/wp-content\/uploads\/2025\/06\/muestra-gie-2025-3-1068x712.jpg 1068w, https:\/\/radiobitacora.com.ar\/web\/wp-content\/uploads\/2025\/06\/muestra-gie-2025-3-630x420.jpg 630w\" sizes=\"auto, (max-width: 326px) 100vw, 326px\" \/><\/p>\n<p>Los grupos de estudiantes fueron acompa\u00f1ados por los representantes de los equipos directivos y profesores de estos establecimientos educativos los que, en el transcurso de la ma\u00f1ana, participaron activamente recorriendo con ellos las aulas de la escuela municipal Antonio Villarreal.<\/p>\n<p>&nbsp;<\/p>\n<p>El rector y la secretaria administrativa del Instituto Tecnol\u00f3gico Goya acompa\u00f1aron de forma permanente el desarrollo de la muestra.<\/p>\n<p>La coordinadora de discapacidad de la municipalidad de Goya, Prof. Liza Kammerichs , acompa\u00f1\u00f3 la muestra destacando a los estudiantes presentes la acci\u00f3n generosa de las escuelas municipales en el mes de la plena inclusi\u00f3n, realizando\u00a0 una jornada inclusiva en las instalaciones de la escuela(ya por tercer a\u00f1o consecutivo), en la que se conjugan los docentes de ambos establecimientos educativos y sus estudiantes para que las personas con discapacidad que participan de la misma sientan y vivan la vocaci\u00f3n de servicio y el don de gente del equipo de profesores y de conducci\u00f3n de las mismas.<\/p>\n<p>&nbsp;<\/p>\n<p>La presencia de la directora de la escuela taller \u201cNtra. Sra. de Itat\u00ed\u201d y la asesora pedag\u00f3gica de ambas instituciones se sumaron a la din\u00e1mica actividad implic\u00e1ndose en cada sal\u00f3n y en sus propuestas formativas.<\/p>\n<p>El clima vivido fue de respeto, escucha atenta, y aprecio por las producciones.<\/p>\n<p>&nbsp;<\/p>\n<p>La Dra. Sonia Espina, secretaria de Educaci\u00f3n de la Municipalidad de Goya, acompa\u00f1ada por parte de su equipo, se hizo presente para acompa\u00f1ar la Muestra, trayendo la salutaci\u00f3n el se\u00f1or intendente Dr. Mariano Hormaechea.<\/p>\n<p>&nbsp;<\/p>\n<p>La concejala Vivian Merlo tambi\u00e9n se ha hecho presente destacando la relevancia que posee la visibilidad de las escuelas municipales y particularmente la gesti\u00f3n directiva como del equipo profesional que en forma constante estuvo y est\u00e1 presente en todas las actividades requeridas por la Municipalidad de Goya.<\/p>\n<p>&nbsp;<\/p>\n<p>El momento final de esta muestra fue la entrega de certificados a los estudiantes que se desempe\u00f1aron como disertantes presentando las particularidades de cada sector profesional del sector. Dicha actividad estuvo a cargo de los docentes responsables de los diferentes espacios de formaci\u00f3n. Profesores: Cristian Ortigoza, Mart\u00edn Cuevas, Oriana Guti\u00e9rrez, Lorena Espinoza, Ana Alegre, Jesica Ben\u00edtez, Natalia Tortone, Olga Duarte y Rosario Bravo. Directora: Sra. Dora Mac\u00edas.<\/p>\n<p>&nbsp;<\/p>\n<p>Los estudiantes de secundaria, autoridades, docentes y visitantes acompa\u00f1aron con sus aplausos este emotivo y significativo momento de reconocimiento a la tarea realizada.<\/p>\n<p>&nbsp;<\/p>\n<p>La Municipalidad de Goya, a trav\u00e9s de la gesti\u00f3n del intendente Doctor Mariano Hormaechea, provee los recursos y elementos necesarios para trabajar en pos de una educaci\u00f3n inclusiva, desde la primera hasta la \u00faltima propuesta de formaci\u00f3n laboral que se desarrolla en las instituciones escolares.<\/p>\n<p>&nbsp;<\/p>\n<p>En el momento de cierre de la\u00a0Muestra GIE se expres\u00f3 que la misma represent\u00f3 mostrar qui\u00e9nes son, qu\u00e9 hacen, la manera como la metodolog\u00eda utilizada para formar a quienes los eligen.<\/p>\n<p>&nbsp;<\/p>\n<p>Las escuelas municipales desde el a\u00f1o 2015 entregan certificaciones nacionales teniendo el respaldo del INET (Instituto Nacional de Educaci\u00f3n T\u00e9cnica).<\/p>\n<p>&nbsp;<\/p>\n<p>Direcci\u00f3n de Prensa-Municipalidad de Goya<\/p>\n","protected":false},"excerpt":{"rendered":"<p>Gastronom\u00eda, indumentaria y est\u00e9tica \/ cursos de capacitaci\u00f3n en manicur\u00eda y maquillaje social: Artes y oficios que inspiran. En la ma\u00f1ana de este jueves 12 de junio se desarroll\u00f3 la primera Muestra GIE &#8211; Gastronom\u00eda- Indumentaria- Est\u00e9tica &#8211;\u00a0 de la Escuela Municipal don Antonio Villarreal, en el horario de 9 a 12. Esta es la [&hellip;]<\/p>\n","protected":false},"author":2,"featured_media":23995,"comment_status":"closed","ping_status":"closed","sticky":false,"template":"","format":"standard","meta":{"footnotes":""},"categories":[56],"tags":[],"class_list":{"0":"post-23992","1":"post","2":"type-post","3":"status-publish","4":"format-standard","5":"has-post-thumbnail","7":"category-locales"},"_links":{"self":[{"href":"https:\/\/radiobitacora.com.ar\/web\/wp-json\/wp\/v2\/posts\/23992","targetHints":{"allow":["GET"]}}],"collection":[{"href":"https:\/\/radiobitacora.com.ar\/web\/wp-json\/wp\/v2\/posts"}],"about":[{"href":"https:\/\/radiobitacora.com.ar\/web\/wp-json\/wp\/v2\/types\/post"}],"author":[{"embeddable":true,"href":"https:\/\/radiobitacora.com.ar\/web\/wp-json\/wp\/v2\/users\/2"}],"replies":[{"embeddable":true,"href":"https:\/\/radiobitacora.com.ar\/web\/wp-json\/wp\/v2\/comments?post=23992"}],"version-history":[{"count":0,"href":"https:\/\/radiobitacora.com.ar\/web\/wp-json\/wp\/v2\/posts\/23992\/revisions"}],"wp:featuredmedia":[{"embeddable":true,"href":"https:\/\/radiobitacora.com.ar\/web\/wp-json\/wp\/v2\/media\/23995"}],"wp:attachment":[{"href":"https:\/\/radiobitacora.com.ar\/web\/wp-json\/wp\/v2\/media?parent=23992"}],"wp:term":[{"taxonomy":"category","embeddable":true,"href":"https:\/\/radiobitacora.com.ar\/web\/wp-json\/wp\/v2\/categories?post=23992"},{"taxonomy":"post_tag","embeddable":true,"href":"https:\/\/radiobitacora.com.ar\/web\/wp-json\/wp\/v2\/tags?post=23992"}],"curies":[{"name":"wp","href":"https:\/\/api.w.org\/{rel}","templated":true}]}}