{"id":23997,"date":"2025-06-14T19:59:22","date_gmt":"2025-06-14T22:59:22","guid":{"rendered":"https:\/\/radiobitacora.com.ar\/web\/?p=23997"},"modified":"2025-06-14T19:59:22","modified_gmt":"2025-06-14T22:59:22","slug":"215o-aniversario-prefectura-naval","status":"publish","type":"post","link":"https:\/\/radiobitacora.com.ar\/web\/2025\/06\/14\/215o-aniversario-prefectura-naval\/","title":{"rendered":"215\u00ba ANIVERSARIO PREFECTURA NAVAL"},"content":{"rendered":"<p style=\"font-weight: 400;\">La Municipalidad de Goya, a trav\u00e9s de la Direcci\u00f3n de Cultura invita a una colorida propuesta el pr\u00f3ximo 28 de junio.<\/p>\n<p style=\"font-weight: 400;\">Con motivo de celebrarse el 215\u00ba aniversario de la entidad prefecturiana, se propone esta actividad: \u201cPintando Prefectura\u201d.<\/p>\n<p style=\"font-weight: 400;\">La misma est\u00e1 destinada a todos los que tengan inter\u00e9s en juntarse en el play\u00f3n de la Prefectura Goya el s\u00e1bado 28 de junio desde las 9 horas para pasar un d\u00eda a todo color.<\/p>\n<p style=\"font-weight: 400;\">El D\u00eda de la Prefectura Naval Argentina se celebra cada 30 de junio, conmemorando la creaci\u00f3n de esta fuerza de seguridad mar\u00edtima nacional. Este d\u00eda se conmemora la designaci\u00f3n de Mart\u00edn Jacobo Thompson como primer Capit\u00e1n de Puerto de las Provincias Unidas del R\u00edo de la Plata, evento que marc\u00f3 el inicio de la Prefectura Naval.<\/p>\n<p style=\"font-weight: 400;\">La invitaci\u00f3n es a participar con tus pinceles para ser parte de \u201cPintando Prefectura\u201d.<\/p>\n<p style=\"font-weight: 400;\">Direcci\u00f3n de Prensa-Municipalidad de Goya<\/p>\n","protected":false},"excerpt":{"rendered":"<p>La Municipalidad de Goya, a trav\u00e9s de la Direcci\u00f3n de Cultura invita a una colorida propuesta el pr\u00f3ximo 28 de junio. Con motivo de celebrarse el 215\u00ba aniversario de la entidad prefecturiana, se propone esta actividad: \u201cPintando Prefectura\u201d. La misma est\u00e1 destinada a todos los que tengan inter\u00e9s en juntarse en el play\u00f3n de la [&hellip;]<\/p>\n","protected":false},"author":2,"featured_media":23998,"comment_status":"closed","ping_status":"closed","sticky":false,"template":"","format":"standard","meta":{"footnotes":""},"categories":[1],"tags":[],"class_list":{"0":"post-23997","1":"post","2":"type-post","3":"status-publish","4":"format-standard","5":"has-post-thumbnail","7":"category-sin-categoria"},"_links":{"self":[{"href":"https:\/\/radiobitacora.com.ar\/web\/wp-json\/wp\/v2\/posts\/23997","targetHints":{"allow":["GET"]}}],"collection":[{"href":"https:\/\/radiobitacora.com.ar\/web\/wp-json\/wp\/v2\/posts"}],"about":[{"href":"https:\/\/radiobitacora.com.ar\/web\/wp-json\/wp\/v2\/types\/post"}],"author":[{"embeddable":true,"href":"https:\/\/radiobitacora.com.ar\/web\/wp-json\/wp\/v2\/users\/2"}],"replies":[{"embeddable":true,"href":"https:\/\/radiobitacora.com.ar\/web\/wp-json\/wp\/v2\/comments?post=23997"}],"version-history":[{"count":0,"href":"https:\/\/radiobitacora.com.ar\/web\/wp-json\/wp\/v2\/posts\/23997\/revisions"}],"wp:featuredmedia":[{"embeddable":true,"href":"https:\/\/radiobitacora.com.ar\/web\/wp-json\/wp\/v2\/media\/23998"}],"wp:attachment":[{"href":"https:\/\/radiobitacora.com.ar\/web\/wp-json\/wp\/v2\/media?parent=23997"}],"wp:term":[{"taxonomy":"category","embeddable":true,"href":"https:\/\/radiobitacora.com.ar\/web\/wp-json\/wp\/v2\/categories?post=23997"},{"taxonomy":"post_tag","embeddable":true,"href":"https:\/\/radiobitacora.com.ar\/web\/wp-json\/wp\/v2\/tags?post=23997"}],"curies":[{"name":"wp","href":"https:\/\/api.w.org\/{rel}","templated":true}]}}