{"id":24000,"date":"2025-06-14T20:11:51","date_gmt":"2025-06-14T23:11:51","guid":{"rendered":"https:\/\/radiobitacora.com.ar\/web\/?p=24000"},"modified":"2025-06-14T20:11:51","modified_gmt":"2025-06-14T23:11:51","slug":"deportes-franco-colapinto-tuvo-una-gran-clasificacion-firmo-su-mejor-actuacion-en-alpine-y-largara-10-en-el-gp-de-canada-de-formula-1","status":"publish","type":"post","link":"https:\/\/radiobitacora.com.ar\/web\/2025\/06\/14\/deportes-franco-colapinto-tuvo-una-gran-clasificacion-firmo-su-mejor-actuacion-en-alpine-y-largara-10-en-el-gp-de-canada-de-formula-1\/","title":{"rendered":"DEPORTES FRANCO COLAPINTO TUVO UNA GRAN CLASIFICACI\u00d3N, FIRM\u00d3 SU MEJOR ACTUACI\u00d3N EN ALPINE Y LARGAR\u00c1 10\u00b0 EN EL GP DE CANAD\u00c1 DE F\u00d3RMULA 1"},"content":{"rendered":"<div class=\"body-blogging-article\">\n<p class=\"paragraph\"><b>George Russell<\/b>\u00a0se qued\u00f3 con la pole position y comenzar\u00e1 el Gran Premio de Canad\u00e1 de este domingo desde el primer lugar por delante de\u00a0<b>Max Verstappen<\/b>.<\/p>\n<p class=\"paragraph\"><b>Franco Colapinto<\/b>\u00a0protagoniz\u00f3 su mejor actuaci\u00f3n desde que desembarc\u00f3 en\u00a0<b>Alpine\u00a0<\/b>y largar\u00e1\u00a0<b>10\u00b0 el domingo<\/b>\u00a0tras las penalizaciones que recibieron\u00a0<b>Isack Hadjar<\/b>\u00a0y\u00a0<b>Yuki Tsunoda<\/b>. Su compa\u00f1ero,\u00a0<b>Pierre Gasly<\/b>, no tuvo un buen rendimiento en la Q1 y qued\u00f3 en el \u00faltimo 19\u00b0 lugar de la grilla.<\/p>\n<p class=\"paragraph\">M\u00e1s all\u00e1 de tener su actuaci\u00f3n m\u00e1s sobresaliente con su flamante escuder\u00eda, es una de las mejores clasificaciones del argentino en sus pocas carreras como piloto de F1. Previamente hab\u00eda conseguido un\u00a0<b>9\u00b0 puesto en el GP de Azerbaiy\u00e1n<\/b>\u00a0del 2024 cuando corr\u00eda con Williams y luego firm\u00f3 un\u00a0<b>10\u00aa colocaci\u00f3n para la Sprint del GP de Estados Unidos<\/b>\u00a0del a\u00f1o pasado.<\/p>\n<p class=\"paragraph\">La carrera a\u00a0<b>70 vueltas se llevar\u00e1 a cabo este domingo a partir de las 15.00<\/b>\u00a0de Argentina.<\/p>\n<\/div>\n<div class=\"body-blogging-top-line\"><\/div>\n<div class=\"body-blogging\">\n<div id=\"parrafo_0\" class=\"body-blogging-container\">\n<div class=\"body-blogging-time-line\">\n<div class=\"body-blogging-time\"><span class=\"body-blogging-time-hour\">19:48\u00a0hs<\/span><span class=\"body-blogging-time-date\">Hoy<\/span><\/div>\n<div class=\"body-blogging-figures\">\n<div class=\"body-blogging-figures-big-circle live-blogging-blinker-white\">\n<div class=\"body-blogging-figures-sm-circle live-blogging-blinker-yellow\"><\/div>\n<\/div>\n<div class=\"body-blogging-figures-line\"><\/div>\n<\/div>\n<\/div>\n<div class=\"body-blogging-article \">\n<p class=\"paragraph\"><b>\u00a1Franco Colapinto subir\u00e1 un lugar y largar\u00e1 10\u00b0!<\/b>\u00a0Los comisarios decidieron sancionar a Isack Hadjar (clasific\u00f3 noveno) por un problema en la qualy con Carlos Sainz y le impusieron una penalizaci\u00f3n de tres puestos.<\/p>\n<\/div>\n<div class=\"body-blogging-article \">\n<div class=\"visual-image\"><picture><source srcset=\"https:\/\/www.infobae.com\/resizer\/v2\/53UEKNY63RFULJ6MPMMP7TRV6I.jpg?auth=c38043666edc6486ed5db1934c4463f7fb7036d68a7bf18b39fcdc0d34573373&amp;smart=true&amp;width=992&amp;height=661&amp;quality=85\" media=\"(min-width: 1000px)\" \/><source srcset=\"https:\/\/www.infobae.com\/resizer\/v2\/53UEKNY63RFULJ6MPMMP7TRV6I.jpg?auth=c38043666edc6486ed5db1934c4463f7fb7036d68a7bf18b39fcdc0d34573373&amp;smart=true&amp;width=768&amp;height=512&amp;quality=85\" media=\"(min-width: 768px)\" \/><source srcset=\"https:\/\/www.infobae.com\/resizer\/v2\/53UEKNY63RFULJ6MPMMP7TRV6I.jpg?auth=c38043666edc6486ed5db1934c4463f7fb7036d68a7bf18b39fcdc0d34573373&amp;smart=true&amp;width=577&amp;height=385&amp;quality=85\" media=\"(min-width: 580px)\" \/><source srcset=\"https:\/\/www.infobae.com\/resizer\/v2\/53UEKNY63RFULJ6MPMMP7TRV6I.jpg?auth=c38043666edc6486ed5db1934c4463f7fb7036d68a7bf18b39fcdc0d34573373&amp;smart=true&amp;width=420&amp;height=280&amp;quality=85\" media=\"(min-width: 350px)\" \/><source srcset=\"https:\/\/www.infobae.com\/resizer\/v2\/53UEKNY63RFULJ6MPMMP7TRV6I.jpg?auth=c38043666edc6486ed5db1934c4463f7fb7036d68a7bf18b39fcdc0d34573373&amp;smart=true&amp;width=350&amp;height=233&amp;quality=85\" media=\"(min-width: 80px)\" \/><img loading=\"lazy\" decoding=\"async\" class=\"global-image\" src=\"https:\/\/www.infobae.com\/resizer\/v2\/53UEKNY63RFULJ6MPMMP7TRV6I.jpg?auth=c38043666edc6486ed5db1934c4463f7fb7036d68a7bf18b39fcdc0d34573373&amp;smart=true&amp;width=350&amp;height=233&amp;quality=85\" alt=\"Franco Colapinto comenzar\u00e1 en el\" width=\"4000\" height=\"2667\" \/><\/picture>Franco Colapinto comenzar\u00e1 en el 10\u00b0 lugar la carrera de este domingo (Foto: Reuters\/ David Kirouac-Imagn Images)<\/div>\n<div class=\"body-blogging-btm-line\"><\/div>\n<\/div>\n<\/div>\n<div id=\"parrafo_1\" class=\"body-blogging-container\">\n<div class=\"body-blogging-time-line\">\n<div class=\"body-blogging-time\"><span class=\"body-blogging-time-hour\">18:35\u00a0hs<\/span><span class=\"body-blogging-time-date\">Hoy<\/span><\/div>\n<div class=\"body-blogging-figures\">\n<div class=\"body-blogging-figures-big-circle\">\n<div class=\"body-blogging-figures-sm-circle\"><\/div>\n<\/div>\n<div class=\"body-blogging-figures-line\"><\/div>\n<\/div>\n<\/div>\n<div class=\"body-blogging-article \">\n<p class=\"paragraph\"><b>EL RESUMEN DE LA CLASIFICACI\u00d3N<\/b><\/p>\n<\/div>\n<div class=\"body-blogging-article \">\n<div class=\"rawHTML\">\n<div class=\"container-video\"><iframe class=\"responsive-iframe-video\" title=\"video-espn\" src=\"https:\/\/www.espn.com.ar\/core\/video\/iframe?id=15310528&amp;endcard=false&amp;omniReportSuite=wdgespge\" allowfullscreen=\"allowfullscreen\" data-mce-fragment=\"1\"><\/iframe><\/div>\n<\/div>\n<div class=\"body-blogging-btm-line\"><\/div>\n<\/div>\n<\/div>\n<div id=\"parrafo_2\" class=\"body-blogging-container\">\n<div class=\"body-blogging-time-line\">\n<div class=\"body-blogging-time\"><\/div>\n<\/div>\n<div class=\"body-blogging-article \">\n<div class=\"article-header article-headline-live-blogging\">\n<h2 id=\"la-esperanzadora-frase-de-franco-colapinto-tras-su-mejor-actuacion-con-alpine:-&quot;se-puede-llegar-a-los-puntos&quot;\" class=\"display-block article-headline text_align_left article-headline-live-blogging\">La esperanzadora frase de Franco Colapinto tras su mejor actuaci\u00f3n con Alpine: \u201cSe puede llegar a los puntos\u201d<\/h2>\n<h3 class=\"article-subheadline text_align_left article-subheadline-live-blogging\">El argentino se meti\u00f3 en Q2 y partir\u00e1 en el 10\u00b0 lugar en el Gran premio de Canad\u00e1<\/h3>\n<\/div>\n<div class=\"sharebar-container display_flex\">\n<div class=\"share-bar-article-date-container \"><\/div>\n<\/div>\n<p class=\"paragraph\"><b>Franco Colapinto<\/b>\u00a0realiz\u00f3 una solvente tarea en la sesi\u00f3n de clasificaci\u00f3n en el\u00a0<i>Circuito Gilles Villenueve<\/i>\u00a0y\u00a0<a title=\"https:\/\/www.infobae.com\/deportes\/2025\/06\/14\/franco-colapinto-tendra-la-ultima-practica-antes-de-la-clasificacion-del-gp-de-canada-de-formula-1-hora-y-tv\/\" href=\"https:\/\/www.infobae.com\/deportes\/2025\/06\/14\/franco-colapinto-tendra-la-ultima-practica-antes-de-la-clasificacion-del-gp-de-canada-de-formula-1-hora-y-tv\/\" target=\"_blank\" rel=\"noopener\"><b>largar\u00e1 en el 10\u00b0 puesto en el Gran Premio de Canad\u00e1<\/b><\/a>. Este es el mejor resultado del argentino durante sus primeras cuatro carreras con\u00a0<b>Alpine<\/b>, adem\u00e1s de que es la primera vez que se mete en Q2 con esta escuder\u00eda. Por su parte,<b>\u00a0Pierre Gasly<\/b>, compa\u00f1ero del pilarense en la escuder\u00eda francesa, partir\u00e1 en el \u00faltimo lugar en la grilla de salida.<\/p>\n<div class=\"text-element\"><a class=\"paragraph\" href=\"https:\/\/www.infobae.com\/deportes\/2025\/06\/14\/la-esperanzadora-frase-de-franco-colapinto-tras-su-mejor-actuacion-con-alpine-se-puede-llegar-a-los-puntos\/\" target=\"_blank\" rel=\"noopener noreferrer\" aria-label=\"La esperanzadora frase de Franco Colapinto tras su mejor actuaci\u00f3n con Alpine: \u201cSe puede llegar a los puntos\u201d\"><b class=\"read-full-note\">Leer la nota completa<\/b><\/a><\/div>\n<div class=\"body-blogging-btm-line\"><\/div>\n<\/div>\n<\/div>\n<div id=\"parrafo_3\" class=\"body-blogging-container\">\n<div class=\"body-blogging-time-line\">\n<div class=\"body-blogging-time\"><span class=\"body-blogging-time-hour\">18:08\u00a0hs<\/span><span class=\"body-blogging-time-date\">Hoy<\/span><\/div>\n<div class=\"body-blogging-figures\">\n<div class=\"body-blogging-figures-big-circle\">\n<div class=\"body-blogging-figures-sm-circle\"><\/div>\n<\/div>\n<div class=\"body-blogging-figures-line\"><\/div>\n<\/div>\n<\/div>\n<div class=\"body-blogging-article \">\n<p class=\"paragraph\"><b>\u00a1George Russell se queda con la pole en Canad\u00e1!\u00a0<\/b>El de Mercedes firm\u00f3 un giro de 1:10.899 para apoderarse del primer lugar de la grilla en la carrera del domingo. Max Verstappen largar\u00e1 segundo.<\/p>\n<\/div>\n<div class=\"body-blogging-article \">\n<p class=\"paragraph\">Oscar Piastri (3\u00b0), Andrea Kimi Antonelli (4\u00b0), Lewis Hamilton (5\u00b0), Fernando Alonso (6\u00b0), Lando Norris (7\u00b0), Charles Leclerc (8\u00b0), Isack Hadjar (9\u00b0) y Alex Albon (10\u00b0) ocuparon los otros lugares.<\/p>\n<div class=\"body-blogging-btm-line\"><\/div>\n<\/div>\n<\/div>\n<div id=\"parrafo_4\" class=\"body-blogging-container\">\n<div class=\"body-blogging-time-line\">\n<div class=\"body-blogging-time\"><span class=\"body-blogging-time-hour\">18:04\u00a0hs<\/span><span class=\"body-blogging-time-date\">Hoy<\/span><\/div>\n<div class=\"body-blogging-figures\">\n<div class=\"body-blogging-figures-big-circle\">\n<div class=\"body-blogging-figures-sm-circle\"><\/div>\n<\/div>\n<div class=\"body-blogging-figures-line\"><\/div>\n<\/div>\n<\/div>\n<div class=\"body-blogging-article \">\n<p class=\"paragraph\"><b>Max Verstappen<\/b>\u00a0lidera la Q3 cuando restan 4 minutos para el final. Registr\u00f3 una vuelta de 1:11.248.<\/p>\n<div class=\"body-blogging-btm-line\"><\/div>\n<\/div>\n<\/div>\n<div id=\"parrafo_5\" class=\"body-blogging-container\">\n<div class=\"body-blogging-time-line\">\n<div class=\"body-blogging-time\"><span class=\"body-blogging-time-hour\">17:55\u00a0hs<\/span><span class=\"body-blogging-time-date\">Hoy<\/span><\/div>\n<div class=\"body-blogging-figures\">\n<div class=\"body-blogging-figures-big-circle\">\n<div class=\"body-blogging-figures-sm-circle\"><\/div>\n<\/div>\n<div class=\"body-blogging-figures-line\"><\/div>\n<\/div>\n<\/div>\n<div class=\"body-blogging-article \">\n<p class=\"paragraph\"><b>\u00a1Arranca la Q3!<\/b>\u00a0George Russell, Lando Norris, Charles Lerclerc, Max Verstappen, Oscar Piastri, Fernando Alonso, Lewis Hamilton, Alex Albon, Andrea Kimi Antonelli e Isack Hadjar pelear\u00e1n por la pole.<\/p>\n<div class=\"body-blogging-btm-line\"><\/div>\n<\/div>\n<\/div>\n<div id=\"parrafo_6\" class=\"body-blogging-container\">\n<div class=\"body-blogging-time-line\">\n<div class=\"body-blogging-time\"><span class=\"body-blogging-time-hour\">17:49\u00a0hs<\/span><span class=\"body-blogging-time-date\">Hoy<\/span><\/div>\n<div class=\"body-blogging-figures\">\n<div class=\"body-blogging-figures-big-circle\">\n<div class=\"body-blogging-figures-sm-circle\"><\/div>\n<\/div>\n<div class=\"body-blogging-figures-line\"><\/div>\n<\/div>\n<\/div>\n<div class=\"body-blogging-article \">\n<p class=\"paragraph\"><b>\u00a1Final de la Q2! Esteban Ocon<\/b>\u00a0de Haas,\u00a0<b>Oliver Bearman<\/b>\u00a0de Haas,\u00a0<b>Nico H\u00fclkenberg<\/b>\u00a0de Sauber,\u00a0<b>Franco Colapinto<\/b>\u00a0de Alpine y\u00a0<b>Yuki Tsunoda<\/b>\u00a0de Red Bull son los cinco eliminados.<\/p>\n<\/div>\n<div class=\"body-blogging-article \">\n<p class=\"paragraph\">El argentino qued\u00f3 12\u00b0, a tan solo 0.139 del tiempo de Isack Hadjar, que fue el registro de corte para pasar a la Q3. De todos modos, marc\u00f3 una vuelta de 1:12.142, la m\u00e1s veloz de su fin de semana.<\/p>\n<\/div>\n<div class=\"body-blogging-article \">\n<p class=\"paragraph\">Hay que tener en cuenta que Yuki Tsunoda recibi\u00f3 una penalizaci\u00f3n de diez puestos antes de la clasificaci\u00f3n:\u00a0<b>Colapinto iniciar\u00e1 la carrera del domingo en el 11\u00b0 lugar<\/b>.<\/p>\n<\/div>\n<div class=\"body-blogging-article \">\n<div class=\"rawHTML\">\n<div class=\"container-video\"><iframe class=\"responsive-iframe-video\" title=\"video-espn\" src=\"https:\/\/www.espn.com.ar\/core\/video\/iframe?id=15310409&amp;endcard=false&amp;omniReportSuite=wdgespge\" allowfullscreen=\"allowfullscreen\" data-mce-fragment=\"1\"><\/iframe><\/div>\n<\/div>\n<div class=\"body-blogging-btm-line\"><\/div>\n<\/div>\n<\/div>\n<div id=\"parrafo_7\" class=\"body-blogging-container\">\n<div class=\"body-blogging-time-line\">\n<div class=\"body-blogging-time\"><span class=\"body-blogging-time-hour\">17:47\u00a0hs<\/span><span class=\"body-blogging-time-date\">Hoy<\/span><\/div>\n<div class=\"body-blogging-figures\">\n<div class=\"body-blogging-figures-big-circle\">\n<div class=\"body-blogging-figures-sm-circle\"><\/div>\n<\/div>\n<div class=\"body-blogging-figures-line\"><\/div>\n<\/div>\n<\/div>\n<div class=\"body-blogging-article \">\n<p class=\"paragraph\"><b>Yuki Tsunoda<\/b>\u00a0supera el registro de\u00a0<b>Franco Colapinto<\/b>\u00a0y lo hace caer hasta el 11\u00b0 lugar. Quedan los \u00faltimos segundos.<\/p>\n<div class=\"body-blogging-btm-line\"><\/div>\n<\/div>\n<\/div>\n<div id=\"parrafo_8\" class=\"body-blogging-container\">\n<div class=\"body-blogging-time-line\">\n<div class=\"body-blogging-time\"><span class=\"body-blogging-time-hour\">17:45\u00a0hs<\/span><span class=\"body-blogging-time-date\">Hoy<\/span><\/div>\n<div class=\"body-blogging-figures\">\n<div class=\"body-blogging-figures-big-circle\">\n<div class=\"body-blogging-figures-sm-circle\"><\/div>\n<\/div>\n<div class=\"body-blogging-figures-line\"><\/div>\n<\/div>\n<\/div>\n<div class=\"body-blogging-article \">\n<p class=\"paragraph\"><b>Franco Colapinto<\/b>\u00a0pone su mejor tiempo del fin de semana con\u00a0<b>1:12.142<\/b>\u00a0y queda 10\u00b0 cuando restan 2 minutos.<\/p>\n<div class=\"body-blogging-btm-line\"><\/div>\n<\/div>\n<\/div>\n<div id=\"parrafo_9\" class=\"body-blogging-container\">\n<div class=\"body-blogging-time-line\">\n<div class=\"body-blogging-time\"><span class=\"body-blogging-time-hour\">17:43\u00a0hs<\/span><span class=\"body-blogging-time-date\">Hoy<\/span><\/div>\n<div class=\"body-blogging-figures\">\n<div class=\"body-blogging-figures-big-circle\">\n<div class=\"body-blogging-figures-sm-circle\"><\/div>\n<\/div>\n<div class=\"body-blogging-figures-line\"><\/div>\n<\/div>\n<\/div>\n<div class=\"body-blogging-article \">\n<p class=\"paragraph\"><b>Charles Leclerc<\/b>\u00a0marca el mejor tiempo de la Q2 con 1:11.626. Quedan 4 minutos.<\/p>\n<div class=\"body-blogging-btm-line\"><\/div>\n<\/div>\n<\/div>\n<div id=\"parrafo_10\" class=\"body-blogging-container\">\n<div class=\"body-blogging-time-line\">\n<div class=\"body-blogging-time\"><span class=\"body-blogging-time-hour\">17:41\u00a0hs<\/span><span class=\"body-blogging-time-date\">Hoy<\/span><\/div>\n<div class=\"body-blogging-figures\">\n<div class=\"body-blogging-figures-big-circle\">\n<div class=\"body-blogging-figures-sm-circle\"><\/div>\n<\/div>\n<div class=\"body-blogging-figures-line\"><\/div>\n<\/div>\n<\/div>\n<div class=\"body-blogging-article \">\n<p class=\"paragraph\">Cuando restan seis minutos,\u00a0<b>Franco Colapinto<\/b>\u00a0figura 11\u00b0 por delante de Alex Albon, Nico H\u00fclkenberg, Esteban Ocon e Isack Hadjar.\u00a0<b>El argentino est\u00e1 a 0.050 de Oliver Bearman, el \u00faltimo que avanzar\u00eda a Q3<\/b>.<\/p>\n<div class=\"body-blogging-btm-line\"><\/div>\n<\/div>\n<\/div>\n<div id=\"parrafo_11\" class=\"body-blogging-container\">\n<div class=\"body-blogging-time-line\">\n<div class=\"body-blogging-time\"><span class=\"body-blogging-time-hour\">17:36\u00a0hs<\/span><span class=\"body-blogging-time-date\">Hoy<\/span><\/div>\n<div class=\"body-blogging-figures\">\n<div class=\"body-blogging-figures-big-circle\">\n<div class=\"body-blogging-figures-sm-circle\"><\/div>\n<\/div>\n<div class=\"body-blogging-figures-line\"><\/div>\n<\/div>\n<\/div>\n<div class=\"body-blogging-article \">\n<p class=\"paragraph\"><b>Franco Colapinto<\/b>\u00a0gira en\u00a0<b>1:12.390<\/b>\u00a0en su primera vuelta r\u00e1pida de la Q2<\/p>\n<div class=\"body-blogging-btm-line\"><\/div>\n<\/div>\n<\/div>\n<div id=\"parrafo_12\" class=\"body-blogging-container\">\n<div class=\"body-blogging-time-line\">\n<div class=\"body-blogging-time\"><span class=\"body-blogging-time-hour\">17:36\u00a0hs<\/span><span class=\"body-blogging-time-date\">Hoy<\/span><\/div>\n<div class=\"body-blogging-figures\">\n<div class=\"body-blogging-figures-big-circle\">\n<div class=\"body-blogging-figures-sm-circle\"><\/div>\n<\/div>\n<div class=\"body-blogging-figures-line\"><\/div>\n<\/div>\n<\/div>\n<div class=\"body-blogging-article \">\n<p class=\"paragraph\">\u00a1Primer registro de Q2!\u00a0<b>Max Verstappen<\/b>\u00a0pone el tiempo en\u00a0<b>1:11.638<\/b>\u00a0y est\u00e1 delante de\u00a0<b>Lando Norris<\/b>\u00a0(<b>1:11.676<\/b>).<\/p>\n<div class=\"body-blogging-btm-line\"><\/div>\n<\/div>\n<\/div>\n<div id=\"parrafo_13\" class=\"body-blogging-container\">\n<div class=\"body-blogging-time-line\">\n<div class=\"body-blogging-time\"><span class=\"body-blogging-time-hour\">17:33\u00a0hs<\/span><span class=\"body-blogging-time-date\">Hoy<\/span><\/div>\n<div class=\"body-blogging-figures\">\n<div class=\"body-blogging-figures-big-circle\">\n<div class=\"body-blogging-figures-sm-circle\"><\/div>\n<\/div>\n<div class=\"body-blogging-figures-line\"><\/div>\n<\/div>\n<\/div>\n<div class=\"body-blogging-article \">\n<p class=\"paragraph\"><b>\u00a1Arranca la Q2!<\/b>\u00a0Los 15 pilotos tendr\u00e1n 15 minutos para marcar los 10 mejores tiempos para avanzar a la \u00faltima tanda. Los cinco peores registros quedar\u00e1n eliminados.<\/p>\n<div class=\"body-blogging-btm-line\"><\/div>\n<\/div>\n<\/div>\n<div id=\"parrafo_14\" class=\"body-blogging-container\">\n<div class=\"body-blogging-time-line\">\n<div class=\"body-blogging-time\"><span class=\"body-blogging-time-hour\">17:27\u00a0hs<\/span><span class=\"body-blogging-time-date\">Hoy<\/span><\/div>\n<div class=\"body-blogging-figures\">\n<div class=\"body-blogging-figures-big-circle\">\n<div class=\"body-blogging-figures-sm-circle\"><\/div>\n<\/div>\n<div class=\"body-blogging-figures-line\"><\/div>\n<\/div>\n<\/div>\n<div class=\"body-blogging-article \">\n<p class=\"paragraph\"><b>\u00a1Final de la Q1! Pierre Gasly<\/b>\u00a0de Alpine (20\u00b0),\u00a0<b>Liam Lawson<\/b>\u00a0de Racing Bulls (19\u00b0),\u00a0<b>Lance Stroll<\/b>\u00a0de Aston Martin (18\u00b0),\u00a0<b>Carlos Sainz<\/b>\u00a0de Williams (17\u00b0) y\u00a0<b>Gabriel Bortoleto<\/b>\u00a0de Sauber (16\u00b0) son los cinco eliminados.<\/p>\n<\/div>\n<div class=\"body-blogging-article \">\n<p class=\"paragraph\"><b>Franco Colapinto<\/b>\u00a0marc\u00f3 el 10\u00b0 mejor registro de esta tanda con 1:12.234 y avanza a la Q2. Gran primera parte de la qualy para el argentino.<\/p>\n<\/div>\n<div class=\"body-blogging-article \">\n<div class=\"rawHTML\">\n<div class=\"container-video\"><iframe class=\"responsive-iframe-video\" title=\"video-espn\" src=\"https:\/\/www.espn.com.ar\/core\/video\/iframe?id=15310289&amp;endcard=false&amp;omniReportSuite=wdgespge\" allowfullscreen=\"allowfullscreen\" data-mce-fragment=\"1\"><\/iframe><\/div>\n<\/div>\n<div class=\"body-blogging-btm-line\"><\/div>\n<\/div>\n<\/div>\n<div id=\"parrafo_15\" class=\"body-blogging-container\">\n<div class=\"body-blogging-time-line\">\n<div class=\"body-blogging-time\"><span class=\"body-blogging-time-hour\">17:25\u00a0hs<\/span><span class=\"body-blogging-time-date\">Hoy<\/span><\/div>\n<div class=\"body-blogging-figures\">\n<div class=\"body-blogging-figures-big-circle\">\n<div class=\"body-blogging-figures-sm-circle\"><\/div>\n<\/div>\n<div class=\"body-blogging-figures-line\"><\/div>\n<\/div>\n<\/div>\n<div class=\"body-blogging-article \">\n<p class=\"paragraph\"><b>\u00a1\u00daltimo minuto! Esteban Ocon<\/b>\u00a0(1:12.818) est\u00e1 en el 15\u00b0 puesto, el de riesgo.<\/p>\n<div class=\"body-blogging-btm-line\"><\/div>\n<\/div>\n<\/div>\n<div id=\"parrafo_16\" class=\"body-blogging-container\">\n<div class=\"body-blogging-time-line\">\n<div class=\"body-blogging-time\"><span class=\"body-blogging-time-hour\">17:24\u00a0hs<\/span><span class=\"body-blogging-time-date\">Hoy<\/span><\/div>\n<div class=\"body-blogging-figures\">\n<div class=\"body-blogging-figures-big-circle\">\n<div class=\"body-blogging-figures-sm-circle\"><\/div>\n<\/div>\n<div class=\"body-blogging-figures-line\"><\/div>\n<\/div>\n<\/div>\n<div class=\"body-blogging-article \">\n<p class=\"paragraph\"><b>\u00a1Buena vuelta de Franco Colapinto!<\/b>\u00a0Salta al 6\u00b0 lugar con un giro de\u00a0<b>1:12.234<\/b>\u00a0cuando restan 2 minutos. Pierre Gasly figura 13\u00b0 con 1:12.667<\/p>\n<div class=\"body-blogging-btm-line\"><\/div>\n<\/div>\n<\/div>\n<div id=\"parrafo_17\" class=\"body-blogging-container\">\n<div class=\"body-blogging-time-line\">\n<div class=\"body-blogging-time\"><span class=\"body-blogging-time-hour\">17:23\u00a0hs<\/span><span class=\"body-blogging-time-date\">Hoy<\/span><\/div>\n<div class=\"body-blogging-figures\">\n<div class=\"body-blogging-figures-big-circle\">\n<div class=\"body-blogging-figures-sm-circle\"><\/div>\n<\/div>\n<div class=\"body-blogging-figures-line\"><\/div>\n<\/div>\n<\/div>\n<div class=\"body-blogging-article \">\n<p class=\"paragraph\"><b>Lando Norris<\/b>\u00a0marca el mejor registro cuando quedan menos de tres minutos:<b>\u00a01:11.826<\/b><\/p>\n<div class=\"body-blogging-btm-line\"><\/div>\n<\/div>\n<\/div>\n<div id=\"parrafo_18\" class=\"body-blogging-container\">\n<div class=\"body-blogging-time-line\">\n<div class=\"body-blogging-time\"><span class=\"body-blogging-time-hour\">17:21\u00a0hs<\/span><span class=\"body-blogging-time-date\">Hoy<\/span><\/div>\n<div class=\"body-blogging-figures\">\n<div class=\"body-blogging-figures-big-circle\">\n<div class=\"body-blogging-figures-sm-circle\"><\/div>\n<\/div>\n<div class=\"body-blogging-figures-line\"><\/div>\n<\/div>\n<\/div>\n<div class=\"body-blogging-article \">\n<p class=\"paragraph\"><b>\u00a1Bandera verde!\u00a0<\/b>Se reinicia la Q1 con 5 minutos y 30 segundos de actividad por delante.<\/p>\n<div class=\"body-blogging-btm-line\"><\/div>\n<\/div>\n<\/div>\n<div id=\"parrafo_19\" class=\"body-blogging-container\">\n<div class=\"body-blogging-time-line\">\n<div class=\"body-blogging-time\"><span class=\"body-blogging-time-hour\">17:14\u00a0hs<\/span><span class=\"body-blogging-time-date\">Hoy<\/span><\/div>\n<div class=\"body-blogging-figures\">\n<div class=\"body-blogging-figures-big-circle\">\n<div class=\"body-blogging-figures-sm-circle\"><\/div>\n<\/div>\n<div class=\"body-blogging-figures-line\"><\/div>\n<\/div>\n<\/div>\n<div class=\"body-blogging-article \">\n<p class=\"paragraph\">El brasile\u00f1o\u00a0<b>Gabriel Bortoleto<\/b>, de\u00a0<b>Sauber<\/b>, est\u00e1 con el tiempo l\u00edmite en estos momentos: figura 15\u00b0 con un giro de\u00a0<b>1:12.880<\/b>.<\/p>\n<\/div>\n<div class=\"body-blogging-article \">\n<p class=\"paragraph\"><b>Franco Colapinto<\/b>\u00a0figura 13\u00b0 (1:12.779) y\u00a0<b>Pierre Gasly<\/b>, 17\u00b0 (1:12.918).<\/p>\n<\/div>\n<div class=\"body-blogging-article \">\n<p class=\"paragraph\"><b>Fernando Alonso<\/b>\u00a0lidera la Q1 hasta el momento (1:12.239).\u00a0<b>Alex Albon\u00a0<\/b>tiene el 18\u00b0 tiempo (1:13.010).<\/p>\n<div class=\"body-blogging-btm-line\"><\/div>\n<\/div>\n<\/div>\n<div id=\"parrafo_20\" class=\"body-blogging-container\">\n<div class=\"body-blogging-time-line\">\n<div class=\"body-blogging-time\"><span class=\"body-blogging-time-hour\">17:13\u00a0hs<\/span><span class=\"body-blogging-time-date\">Hoy<\/span><\/div>\n<div class=\"body-blogging-figures\">\n<div class=\"body-blogging-figures-big-circle\">\n<div class=\"body-blogging-figures-sm-circle\"><\/div>\n<\/div>\n<div class=\"body-blogging-figures-line\"><\/div>\n<\/div>\n<\/div>\n<div class=\"body-blogging-article \">\n<p class=\"paragraph\"><b>\u00a1Problemas en el auto de Alex Albon!<\/b>\u00a0El de Williams sufri\u00f3 una rotura en su monoplaza y gener\u00f3 una bandera roja. Quedan 5 minutos y 30 segundos de la Q1 de la clasificaci\u00f3n.<\/p>\n<\/div>\n<div class=\"body-blogging-article \">\n<div class=\"rawHTML\">\n<div class=\"container-video\"><iframe class=\"responsive-iframe-video\" title=\"video-espn\" src=\"https:\/\/www.espn.com.ar\/core\/video\/iframe?id=15310219&amp;endcard=false&amp;omniReportSuite=wdgespge\" allowfullscreen=\"allowfullscreen\" data-mce-fragment=\"1\"><\/iframe><\/div>\n<\/div>\n<div class=\"body-blogging-btm-line\"><\/div>\n<\/div>\n<\/div>\n<div id=\"parrafo_21\" class=\"body-blogging-container\">\n<div class=\"body-blogging-time-line\">\n<div class=\"body-blogging-time\"><span class=\"body-blogging-time-hour\">17:11\u00a0hs<\/span><span class=\"body-blogging-time-date\">Hoy<\/span><\/div>\n<div class=\"body-blogging-figures\">\n<div class=\"body-blogging-figures-big-circle\">\n<div class=\"body-blogging-figures-sm-circle\"><\/div>\n<\/div>\n<div class=\"body-blogging-figures-line\"><\/div>\n<\/div>\n<\/div>\n<div class=\"body-blogging-article \">\n<p class=\"paragraph\">Siguen bajando los tiempos:\u00a0<b>Fernando Alonso<\/b>\u00a0trepa a lo m\u00e1s alto del listado con 1:12.239. Restan 6 minutos.<\/p>\n<div class=\"body-blogging-btm-line\"><\/div>\n<\/div>\n<\/div>\n<div id=\"parrafo_22\" class=\"body-blogging-container\">\n<div class=\"body-blogging-time-line\">\n<div class=\"body-blogging-time\"><span class=\"body-blogging-time-hour\">17:10\u00a0hs<\/span><span class=\"body-blogging-time-date\">Hoy<\/span><\/div>\n<div class=\"body-blogging-figures\">\n<div class=\"body-blogging-figures-big-circle\">\n<div class=\"body-blogging-figures-sm-circle\"><\/div>\n<\/div>\n<div class=\"body-blogging-figures-line\"><\/div>\n<\/div>\n<\/div>\n<div class=\"body-blogging-article \">\n<p class=\"paragraph\">Cuando restan siete minutos para el final,\u00a0<b>Max Verstappen<\/b>\u00a0lidera la tabla de tiempos con\u00a0<b>1:12.273<\/b>.\u00a0<b>Franco Colapinto<\/b>\u00a0figura en estos momentos 11\u00b0, por delante de su compa\u00f1ero\u00a0<b>Pierre Gasly<\/b>.<\/p>\n<div class=\"body-blogging-btm-line\"><\/div>\n<\/div>\n<\/div>\n<div id=\"parrafo_23\" class=\"body-blogging-container\">\n<div class=\"body-blogging-time-line\">\n<div class=\"body-blogging-time\"><span class=\"body-blogging-time-hour\">17:09\u00a0hs<\/span><span class=\"body-blogging-time-date\">Hoy<\/span><\/div>\n<div class=\"body-blogging-figures\">\n<div class=\"body-blogging-figures-big-circle\">\n<div class=\"body-blogging-figures-sm-circle\"><\/div>\n<\/div>\n<div class=\"body-blogging-figures-line\"><\/div>\n<\/div>\n<\/div>\n<div class=\"body-blogging-article \">\n<p class=\"paragraph\"><b>Charles Leclerc<\/b>\u00a0se pone segundo en estos momentos con un giro de 1:12.493, a 0.161 de\u00a0<b>Oscar Piastri<\/b><\/p>\n<div class=\"body-blogging-btm-line\"><\/div>\n<\/div>\n<\/div>\n<div id=\"parrafo_24\" class=\"body-blogging-container\">\n<div class=\"body-blogging-time-line\">\n<div class=\"body-blogging-time\"><span class=\"body-blogging-time-hour\">17:07\u00a0hs<\/span><span class=\"body-blogging-time-date\">Hoy<\/span><\/div>\n<div class=\"body-blogging-figures\">\n<div class=\"body-blogging-figures-big-circle\">\n<div class=\"body-blogging-figures-sm-circle\"><\/div>\n<\/div>\n<div class=\"body-blogging-figures-line\"><\/div>\n<\/div>\n<\/div>\n<div class=\"body-blogging-article \">\n<p class=\"paragraph\"><b>Oscar Piastri<\/b>\u00a0da el salto al tope de la tabla de tiempos cuando restan 10 minutos de la Q1: gir\u00f3 en\u00a0<b>1:12.332<\/b>.\u00a0<b>Lance Stroll<\/b>\u00a0sorprende y queda segundo con\u00a0<b>1:12.517<\/b>.<\/p>\n<div class=\"body-blogging-btm-line\"><\/div>\n<\/div>\n<\/div>\n<div id=\"parrafo_25\" class=\"body-blogging-container\">\n<div class=\"body-blogging-time-line\">\n<div class=\"body-blogging-time\"><span class=\"body-blogging-time-hour\">17:06\u00a0hs<\/span><span class=\"body-blogging-time-date\">Hoy<\/span><\/div>\n<div class=\"body-blogging-figures\">\n<div class=\"body-blogging-figures-big-circle\">\n<div class=\"body-blogging-figures-sm-circle\"><\/div>\n<\/div>\n<div class=\"body-blogging-figures-line\"><\/div>\n<\/div>\n<\/div>\n<div class=\"body-blogging-article \">\n<p class=\"paragraph\"><b>Franco Colapinto<\/b>\u00a0mejora su tiempo y, con neum\u00e1ticos medios, registra\u00a0<b>1:12.779<\/b>\u00a0para ubicarse moment\u00e1neamente de la cima. \u00a1Su mejor vuelta del fin de semana!<\/p>\n<div class=\"body-blogging-btm-line\"><\/div>\n<\/div>\n<\/div>\n<div id=\"parrafo_26\" class=\"body-blogging-container\">\n<div class=\"body-blogging-time-line\">\n<div class=\"body-blogging-time\"><span class=\"body-blogging-time-hour\">17:04\u00a0hs<\/span><span class=\"body-blogging-time-date\">Hoy<\/span><\/div>\n<div class=\"body-blogging-figures\">\n<div class=\"body-blogging-figures-big-circle\">\n<div class=\"body-blogging-figures-sm-circle\"><\/div>\n<\/div>\n<div class=\"body-blogging-figures-line\"><\/div>\n<\/div>\n<\/div>\n<div class=\"body-blogging-article \">\n<p class=\"paragraph\"><b>George Russell<\/b>\u00a0pone la vara en\u00a0<b>1:12.574<\/b>\u00a0en estos momentos, el mejor registro hasta ac\u00e1.<\/p>\n<div class=\"body-blogging-btm-line\"><\/div>\n<\/div>\n<\/div>\n<div id=\"parrafo_27\" class=\"body-blogging-container\">\n<div class=\"body-blogging-time-line\">\n<div class=\"body-blogging-time\"><span class=\"body-blogging-time-hour\">17:04\u00a0hs<\/span><span class=\"body-blogging-time-date\">Hoy<\/span><\/div>\n<div class=\"body-blogging-figures\">\n<div class=\"body-blogging-figures-big-circle\">\n<div class=\"body-blogging-figures-sm-circle\"><\/div>\n<\/div>\n<div class=\"body-blogging-figures-line\"><\/div>\n<\/div>\n<\/div>\n<div class=\"body-blogging-article \">\n<p class=\"paragraph\">El primer registro de\u00a0<b>Franco Colapinto<\/b>\u00a0es de\u00a0<b>1:15.789<\/b>, lejos de los mejores tiempos de las pr\u00e1cticas.\u00a0<b>Pierre Gasly<\/b>\u00a0firm\u00f3 una vuelta de\u00a0<b>1:13.787<\/b>. Ambos est\u00e1n con neum\u00e1ticos medios.<\/p>\n<div class=\"body-blogging-btm-line\"><\/div>\n<\/div>\n<\/div>\n<div id=\"parrafo_28\" class=\"body-blogging-container\">\n<div class=\"body-blogging-time-line\">\n<div class=\"body-blogging-time\"><span class=\"body-blogging-time-hour\">17:00\u00a0hs<\/span><span class=\"body-blogging-time-date\">Hoy<\/span><\/div>\n<div class=\"body-blogging-figures\">\n<div class=\"body-blogging-figures-big-circle\">\n<div class=\"body-blogging-figures-sm-circle\"><\/div>\n<\/div>\n<div class=\"body-blogging-figures-line\"><\/div>\n<\/div>\n<\/div>\n<div class=\"body-blogging-article \">\n<p class=\"paragraph\"><b>\u00a1Sem\u00e1foro en verde!<\/b>\u00a0Los 20 pilotos tienen 18 minutos para buscar su mejor registro.<\/p>\n<div class=\"body-blogging-btm-line\"><\/div>\n<\/div>\n<\/div>\n<div id=\"parrafo_29\" class=\"body-blogging-container\">\n<div class=\"body-blogging-time-line\">\n<div class=\"body-blogging-time\"><span class=\"body-blogging-time-hour\">16:50\u00a0hs<\/span><span class=\"body-blogging-time-date\">Hoy<\/span><\/div>\n<div class=\"body-blogging-figures\">\n<div class=\"body-blogging-figures-big-circle\">\n<div class=\"body-blogging-figures-sm-circle\"><\/div>\n<\/div>\n<div class=\"body-blogging-figures-line\"><\/div>\n<\/div>\n<\/div>\n<div class=\"body-blogging-article \">\n<p class=\"paragraph\"><b>\u00a1Se viene la clasificaci\u00f3n!\u00a0<\/b>Los 20 pilotos tendr\u00e1n 18 minutos para girar en busca de su mejor tiempo. Los cinco peores registros quedar\u00e1n eliminados en la Q1 y largar\u00e1n en el fondo de la grilla este domingo.<\/p>\n<\/div>\n<div class=\"body-blogging-article \">\n<div class=\"visual-image\"><picture><source srcset=\"https:\/\/www.infobae.com\/resizer\/v2\/R2TWIK6IRJGUDM4FRDYQM64LRA.jpg?auth=b62f58a49e472f2c704b960b50769eb1a500c745c348bde885ea9a142ec4d5f2&amp;smart=true&amp;width=992&amp;height=661&amp;quality=85\" media=\"(min-width: 1000px)\" \/><source srcset=\"https:\/\/www.infobae.com\/resizer\/v2\/R2TWIK6IRJGUDM4FRDYQM64LRA.jpg?auth=b62f58a49e472f2c704b960b50769eb1a500c745c348bde885ea9a142ec4d5f2&amp;smart=true&amp;width=768&amp;height=512&amp;quality=85\" media=\"(min-width: 768px)\" \/><source srcset=\"https:\/\/www.infobae.com\/resizer\/v2\/R2TWIK6IRJGUDM4FRDYQM64LRA.jpg?auth=b62f58a49e472f2c704b960b50769eb1a500c745c348bde885ea9a142ec4d5f2&amp;smart=true&amp;width=577&amp;height=385&amp;quality=85\" media=\"(min-width: 580px)\" \/><source srcset=\"https:\/\/www.infobae.com\/resizer\/v2\/R2TWIK6IRJGUDM4FRDYQM64LRA.jpg?auth=b62f58a49e472f2c704b960b50769eb1a500c745c348bde885ea9a142ec4d5f2&amp;smart=true&amp;width=420&amp;height=280&amp;quality=85\" media=\"(min-width: 350px)\" \/><source srcset=\"https:\/\/www.infobae.com\/resizer\/v2\/R2TWIK6IRJGUDM4FRDYQM64LRA.jpg?auth=b62f58a49e472f2c704b960b50769eb1a500c745c348bde885ea9a142ec4d5f2&amp;smart=true&amp;width=350&amp;height=233&amp;quality=85\" media=\"(min-width: 80px)\" \/><img loading=\"lazy\" decoding=\"async\" class=\"global-image\" src=\"https:\/\/www.infobae.com\/resizer\/v2\/R2TWIK6IRJGUDM4FRDYQM64LRA.jpg?auth=b62f58a49e472f2c704b960b50769eb1a500c745c348bde885ea9a142ec4d5f2&amp;smart=true&amp;width=350&amp;height=233&amp;quality=85\" alt=\"El Gran Premio de Canad\u00e1\" width=\"6192\" height=\"4128\" \/><\/picture>El Gran Premio de Canad\u00e1 tendr\u00e1 su esperada clasificaci\u00f3n (Foto: Reuters\/Jennifer Gauthier)<\/div>\n<div class=\"body-blogging-btm-line\"><\/div>\n<\/div>\n<\/div>\n<div id=\"parrafo_30\" class=\"body-blogging-container\">\n<div class=\"body-blogging-time-line\">\n<div class=\"body-blogging-time\"><span class=\"body-blogging-time-hour\">16:40\u00a0hs<\/span><span class=\"body-blogging-time-date\">Hoy<\/span><\/div>\n<div class=\"body-blogging-figures\">\n<div class=\"body-blogging-figures-big-circle\">\n<div class=\"body-blogging-figures-sm-circle\"><\/div>\n<\/div>\n<div class=\"body-blogging-figures-line\"><\/div>\n<\/div>\n<\/div>\n<div class=\"body-blogging-article \">\n<p class=\"paragraph\"><b>George Russell<\/b>\u00a0se qued\u00f3 con la pole position del Gran Premio de Canad\u00e1 del 2024 con Mercedes tras registrar una tiempo de 1:12.000 en la Q3, mismo cron\u00f3metro que Max Verstappen.<\/p>\n<\/div>\n<div class=\"body-blogging-article \">\n<div class=\"visual-image\"><picture><source srcset=\"https:\/\/www.infobae.com\/resizer\/v2\/3CP5Z2MR2UQ4Q7YFJL3LFTH2II.jpg?auth=f40a0f6011a0fb10bac9088c5a8e06fe80f6f7646b8649e17f7ec3ae5c8b601b&amp;smart=true&amp;width=992&amp;height=661&amp;quality=85\" media=\"(min-width: 1000px)\" \/><source srcset=\"https:\/\/www.infobae.com\/resizer\/v2\/3CP5Z2MR2UQ4Q7YFJL3LFTH2II.jpg?auth=f40a0f6011a0fb10bac9088c5a8e06fe80f6f7646b8649e17f7ec3ae5c8b601b&amp;smart=true&amp;width=768&amp;height=512&amp;quality=85\" media=\"(min-width: 768px)\" \/><source srcset=\"https:\/\/www.infobae.com\/resizer\/v2\/3CP5Z2MR2UQ4Q7YFJL3LFTH2II.jpg?auth=f40a0f6011a0fb10bac9088c5a8e06fe80f6f7646b8649e17f7ec3ae5c8b601b&amp;smart=true&amp;width=577&amp;height=385&amp;quality=85\" media=\"(min-width: 580px)\" \/><source srcset=\"https:\/\/www.infobae.com\/resizer\/v2\/3CP5Z2MR2UQ4Q7YFJL3LFTH2II.jpg?auth=f40a0f6011a0fb10bac9088c5a8e06fe80f6f7646b8649e17f7ec3ae5c8b601b&amp;smart=true&amp;width=420&amp;height=280&amp;quality=85\" media=\"(min-width: 350px)\" \/><source srcset=\"https:\/\/www.infobae.com\/resizer\/v2\/3CP5Z2MR2UQ4Q7YFJL3LFTH2II.jpg?auth=f40a0f6011a0fb10bac9088c5a8e06fe80f6f7646b8649e17f7ec3ae5c8b601b&amp;smart=true&amp;width=350&amp;height=233&amp;quality=85\" media=\"(min-width: 80px)\" \/><img loading=\"lazy\" decoding=\"async\" class=\"global-image\" src=\"https:\/\/www.infobae.com\/resizer\/v2\/3CP5Z2MR2UQ4Q7YFJL3LFTH2II.jpg?auth=f40a0f6011a0fb10bac9088c5a8e06fe80f6f7646b8649e17f7ec3ae5c8b601b&amp;smart=true&amp;width=350&amp;height=233&amp;quality=85\" alt=\"Russell logr\u00f3 la pole en\" width=\"4993\" height=\"3459\" \/><\/picture>Russell logr\u00f3 la pole en 2024 (Foto: Reuters\/Mathieu Belanger)<\/div>\n<div class=\"body-blogging-btm-line\"><\/div>\n<\/div>\n<\/div>\n<div id=\"parrafo_31\" class=\"body-blogging-container\">\n<div class=\"body-blogging-time-line\">\n<div class=\"body-blogging-time\"><span class=\"body-blogging-time-hour\">16:30\u00a0hs<\/span><span class=\"body-blogging-time-date\">Hoy<\/span><\/div>\n<div class=\"body-blogging-figures\">\n<div class=\"body-blogging-figures-big-circle\">\n<div class=\"body-blogging-figures-sm-circle\"><\/div>\n<\/div>\n<div class=\"body-blogging-figures-line\"><\/div>\n<\/div>\n<\/div>\n<div class=\"body-blogging-article \">\n<div class=\"article-header article-headline-live-blogging\">\n<h2 id=\"el-enojo-de-liam-lawson-con-franco-colapinto-durante-la-practica-libre-2-del-gp-de-canada-de-f1:-&quot;que-esta-haciendo&quot;\" class=\"display-block article-headline text_align_left article-headline-live-blogging\">El enojo de Liam Lawson con Franco Colapinto durante la pr\u00e1ctica libre 2 del GP de Canad\u00e1 de F1: \u201c\u00bfQu\u00e9 est\u00e1 haciendo?&#8221;<\/h2>\n<h3 class=\"article-subheadline text_align_left article-subheadline-live-blogging\">El piloto de Racing Bulls se quej\u00f3 por la presencia del argentino en medio del tr\u00e1fico de la sesi\u00f3n en Montreal. El historial entre ambos<\/h3>\n<\/div>\n<div class=\"sharebar-container display_flex\">\n<div class=\"share-bar-article-date-container \"><\/div>\n<\/div>\n<p class=\"paragraph\"><b>Liam Lawson<\/b>\u00a0ha tenido varias disputas con\u00a0<b>Franco Colapinto<\/b>\u00a0desde que ambos se vieron caras en la F\u00f3rmula 1 en 2024, como la pol\u00e9mica penalizaci\u00f3n al argentino por un sobrepaso al neozeland\u00e9s en el\u00a0<b>Gran Premio de M\u00e9xico<\/b>. Incluso, el hombre de Racing Bulls (RB) defendi\u00f3 al saliente\u00a0<b>Jack Doohan<\/b>\u00a0y, en la pr\u00e1ctica libre 2 del GP de Canad\u00e1, protagoniz\u00f3 una queja al piloto de Alpine por una maniobra en pista.<\/p>\n<div class=\"text-element\"><a class=\"paragraph\" href=\"https:\/\/www.infobae.com\/deportes\/2025\/06\/14\/el-enojo-de-liam-lawson-con-franco-colapinto-durante-la-practica-libre-2-del-gp-de-canada-de-f1-que-esta-haciendo\/\" target=\"_blank\" rel=\"noopener noreferrer\" aria-label=\"El enojo de Liam Lawson con Franco Colapinto durante la pr\u00e1ctica libre 2 del GP de Canad\u00e1 de F1: \u201c\u00bfQu\u00e9 est\u00e1 haciendo?\"><b class=\"read-full-note\">Leer la nota completa<\/b><\/a><\/div>\n<div class=\"body-blogging-btm-line\"><\/div>\n<\/div>\n<\/div>\n<div id=\"parrafo_32\" class=\"body-blogging-container\">\n<div class=\"body-blogging-time-line\">\n<div class=\"body-blogging-time\"><span class=\"body-blogging-time-hour\">16:01\u00a0hs<\/span><span class=\"body-blogging-time-date\">Hoy<\/span><\/div>\n<div class=\"body-blogging-figures\">\n<div class=\"body-blogging-figures-big-circle\">\n<div class=\"body-blogging-figures-sm-circle\"><\/div>\n<\/div>\n<div class=\"body-blogging-figures-line\"><\/div>\n<\/div>\n<\/div>\n<div class=\"body-blogging-article body-blogging-article-title\">\n<h2 id=\"los-tiempos-de-franco-colapinto-en-las-practicas\" class=\"header body-blogging-sub-header\">LOS TIEMPOS DE FRANCO COLAPINTO EN LAS PR\u00c1CTICAS<\/h2>\n<\/div>\n<div class=\"body-blogging-article \">\n<p class=\"paragraph\"><b>FP1<\/b>: 19\u00b0 con una vuelta de 1:14.645<\/p>\n<\/div>\n<div class=\"body-blogging-article \">\n<p class=\"paragraph\"><b>FP2<\/b>: 18\u00b0 con una vuelta de 1:13.898<\/p>\n<\/div>\n<div class=\"body-blogging-article \">\n<p class=\"paragraph\"><b>FP3<\/b>: 17\u00b0 con una vuelta de 1.13.060<\/p>\n<\/div>\n<div class=\"body-blogging-article \">\n<div class=\"visual-image\"><picture><source srcset=\"https:\/\/www.infobae.com\/resizer\/v2\/BUEVIQRSORAGXLFSRDJQOEJVWE.jpg?auth=704a1bd202cd7dea03dee366cbfa3b4b7d95f396559c307c83e42b39fff1a75f&amp;smart=true&amp;width=992&amp;height=661&amp;quality=85\" media=\"(min-width: 1000px)\" \/><source srcset=\"https:\/\/www.infobae.com\/resizer\/v2\/BUEVIQRSORAGXLFSRDJQOEJVWE.jpg?auth=704a1bd202cd7dea03dee366cbfa3b4b7d95f396559c307c83e42b39fff1a75f&amp;smart=true&amp;width=768&amp;height=512&amp;quality=85\" media=\"(min-width: 768px)\" \/><source srcset=\"https:\/\/www.infobae.com\/resizer\/v2\/BUEVIQRSORAGXLFSRDJQOEJVWE.jpg?auth=704a1bd202cd7dea03dee366cbfa3b4b7d95f396559c307c83e42b39fff1a75f&amp;smart=true&amp;width=577&amp;height=385&amp;quality=85\" media=\"(min-width: 580px)\" \/><source srcset=\"https:\/\/www.infobae.com\/resizer\/v2\/BUEVIQRSORAGXLFSRDJQOEJVWE.jpg?auth=704a1bd202cd7dea03dee366cbfa3b4b7d95f396559c307c83e42b39fff1a75f&amp;smart=true&amp;width=420&amp;height=280&amp;quality=85\" media=\"(min-width: 350px)\" \/><source srcset=\"https:\/\/www.infobae.com\/resizer\/v2\/BUEVIQRSORAGXLFSRDJQOEJVWE.jpg?auth=704a1bd202cd7dea03dee366cbfa3b4b7d95f396559c307c83e42b39fff1a75f&amp;smart=true&amp;width=350&amp;height=233&amp;quality=85\" media=\"(min-width: 80px)\" \/><img loading=\"lazy\" decoding=\"async\" class=\"global-image\" src=\"https:\/\/www.infobae.com\/resizer\/v2\/BUEVIQRSORAGXLFSRDJQOEJVWE.jpg?auth=704a1bd202cd7dea03dee366cbfa3b4b7d95f396559c307c83e42b39fff1a75f&amp;smart=true&amp;width=350&amp;height=233&amp;quality=85\" alt=\"Colapinto mostr\u00f3 un progreso pr\u00e1ctica\" width=\"4000\" height=\"2667\" \/><\/picture>Colapinto mostr\u00f3 un progreso pr\u00e1ctica a pr\u00e1ctica, pero el Alpine est\u00e1 lejos de los autos de cima (Foto: David Kirouac-Imagn Images)<\/div>\n<div class=\"body-blogging-btm-line\"><\/div>\n<\/div>\n<\/div>\n<div id=\"parrafo_33\" class=\"body-blogging-container\">\n<div class=\"body-blogging-time-line\">\n<div class=\"body-blogging-time\"><span class=\"body-blogging-time-hour\">15:23\u00a0hs<\/span><span class=\"body-blogging-time-date\">Hoy<\/span><\/div>\n<div class=\"body-blogging-figures\">\n<div class=\"body-blogging-figures-big-circle\">\n<div class=\"body-blogging-figures-sm-circle\"><\/div>\n<\/div>\n<div class=\"body-blogging-figures-line\"><\/div>\n<\/div>\n<\/div>\n<div class=\"body-blogging-article body-blogging-article-title\">\n<h2 id=\"las-clasificaciones-de-franco-colapinto-en-alpine\" class=\"header body-blogging-sub-header\">LAS CLASIFICACIONES DE FRANCO COLAPINTO EN ALPINE<\/h2>\n<\/div>\n<div class=\"body-blogging-article \">\n<p class=\"paragraph\"><b>15\u00b0\u00a0<\/b>en el Gran Premio de Imola<\/p>\n<\/div>\n<div class=\"body-blogging-article \">\n<p class=\"paragraph\"><b>18\u00b0<\/b>\u00a0en el Gran Premio de Monaco<\/p>\n<\/div>\n<div class=\"body-blogging-article \">\n<p class=\"paragraph\"><b>19\u00b0<\/b>\u00a0en el Gran Premio de Barcelona<\/p>\n<\/div>\n<div class=\"body-blogging-article \">\n<div class=\"visual-image\"><picture><source srcset=\"https:\/\/www.infobae.com\/resizer\/v2\/LZNPZEPXUFF63AE2H4ULGLAJSU.jpg?auth=a5db85cfbd84302fa50d9523ce7c2d64a56a9e48e2792ed6afe02e7cdaf6bf84&amp;smart=true&amp;width=992&amp;height=606&amp;quality=85\" media=\"(min-width: 1000px)\" \/><source srcset=\"https:\/\/www.infobae.com\/resizer\/v2\/LZNPZEPXUFF63AE2H4ULGLAJSU.jpg?auth=a5db85cfbd84302fa50d9523ce7c2d64a56a9e48e2792ed6afe02e7cdaf6bf84&amp;smart=true&amp;width=768&amp;height=469&amp;quality=85\" media=\"(min-width: 768px)\" \/><source srcset=\"https:\/\/www.infobae.com\/resizer\/v2\/LZNPZEPXUFF63AE2H4ULGLAJSU.jpg?auth=a5db85cfbd84302fa50d9523ce7c2d64a56a9e48e2792ed6afe02e7cdaf6bf84&amp;smart=true&amp;width=577&amp;height=353&amp;quality=85\" media=\"(min-width: 580px)\" \/><source srcset=\"https:\/\/www.infobae.com\/resizer\/v2\/LZNPZEPXUFF63AE2H4ULGLAJSU.jpg?auth=a5db85cfbd84302fa50d9523ce7c2d64a56a9e48e2792ed6afe02e7cdaf6bf84&amp;smart=true&amp;width=420&amp;height=257&amp;quality=85\" media=\"(min-width: 350px)\" \/><source srcset=\"https:\/\/www.infobae.com\/resizer\/v2\/LZNPZEPXUFF63AE2H4ULGLAJSU.jpg?auth=a5db85cfbd84302fa50d9523ce7c2d64a56a9e48e2792ed6afe02e7cdaf6bf84&amp;smart=true&amp;width=350&amp;height=214&amp;quality=85\" media=\"(min-width: 80px)\" \/><img loading=\"lazy\" decoding=\"async\" class=\"global-image\" src=\"https:\/\/www.infobae.com\/resizer\/v2\/LZNPZEPXUFF63AE2H4ULGLAJSU.jpg?auth=a5db85cfbd84302fa50d9523ce7c2d64a56a9e48e2792ed6afe02e7cdaf6bf84&amp;smart=true&amp;width=350&amp;height=214&amp;quality=85\" alt=\"Franco Colapinto buscar\u00e1 tener su\" width=\"6432\" height=\"4058\" \/><\/picture>Franco Colapinto buscar\u00e1 tener su mejor clasificaci\u00f3n en Alpine (Foto: Reuters\/Mathieu Belanger)<\/div>\n<div class=\"body-blogging-btm-line\"><\/div>\n<\/div>\n<\/div>\n<div id=\"parrafo_34\" class=\"body-blogging-container\">\n<div class=\"body-blogging-time-line\">\n<div class=\"body-blogging-time\"><span class=\"body-blogging-time-hour\">14:41\u00a0hs<\/span><span class=\"body-blogging-time-date\">Hoy<\/span><\/div>\n<div class=\"body-blogging-figures\">\n<div class=\"body-blogging-figures-big-circle\">\n<div class=\"body-blogging-figures-sm-circle\"><\/div>\n<\/div>\n<div class=\"body-blogging-figures-line\"><\/div>\n<\/div>\n<\/div>\n<div class=\"body-blogging-article \">\n<p class=\"paragraph\"><b>EL RESUMEN DE LA FP3<\/b><\/p>\n<\/div>\n<div class=\"body-blogging-article \">\n<div class=\"rawHTML\">\n<div class=\"container-video\"><iframe class=\"responsive-iframe-video\" title=\"video-espn\" src=\"https:\/\/www.espn.com.ar\/core\/video\/iframe?id=15309677&amp;endcard=false&amp;omniReportSuite=wdgespge\" allowfullscreen=\"allowfullscreen\" data-mce-fragment=\"1\"><\/iframe><\/div>\n<\/div>\n<div class=\"body-blogging-btm-line\"><\/div>\n<\/div>\n<\/div>\n<div id=\"parrafo_35\" class=\"body-blogging-container\">\n<div class=\"body-blogging-time-line\">\n<div class=\"body-blogging-time\"><span class=\"body-blogging-time-hour\">14:41\u00a0hs<\/span><span class=\"body-blogging-time-date\">Hoy<\/span><\/div>\n<div class=\"body-blogging-figures\">\n<div class=\"body-blogging-figures-big-circle\">\n<div class=\"body-blogging-figures-sm-circle\"><\/div>\n<\/div>\n<div class=\"body-blogging-figures-line\"><\/div>\n<\/div>\n<\/div>\n<div class=\"body-blogging-article \">\n<p class=\"paragraph\"><b>\u00a1Final de la pr\u00e1ctica libre 3! Lando Norris<\/b>\u00a0gir\u00f3 en 1:11.799 para ubicarse en lo m\u00e1s alto del \u00faltimo entrenamiento.\u00a0<b>Charles Leclerc<\/b>\u00a0qued\u00f3 segundo (1:11.877) y\u00a0<b>George Russell<\/b>\u00a0(1:11.950).<\/p>\n<\/div>\n<div class=\"body-blogging-article \">\n<p class=\"paragraph\"><b>Franco Colapinto<\/b>\u00a0tuvo una tanda con un mejor rendimiento despu\u00e9s de un viernes complicado. Si bien qued\u00f3 17\u00b0, marc\u00f3 su tiempo m\u00e1s destacado del fin de semana (<b>1.13.060<\/b>) y se posicion\u00f3 a\u00a0<b>0.376<\/b>\u00a0de la vuelta m\u00e1s r\u00e1pida de su compa\u00f1ero\u00a0<b>Pierre Gasly<\/b>\u00a0(<b>1:12.684<\/b>), que se ubic\u00f3 12\u00b0.<\/p>\n<\/div>\n<div class=\"body-blogging-article \">\n<div class=\"visual-image\"><picture><source srcset=\"https:\/\/www.infobae.com\/resizer\/v2\/DVJTUT324JGJZJKHHZHUBI5NKM.jpg?auth=53499184818449c032807c8e4fcc627629e5deba84b68b82b360815cc75e5f12&amp;smart=true&amp;width=992&amp;height=1323&amp;quality=85\" media=\"(min-width: 1000px)\" \/><source srcset=\"https:\/\/www.infobae.com\/resizer\/v2\/DVJTUT324JGJZJKHHZHUBI5NKM.jpg?auth=53499184818449c032807c8e4fcc627629e5deba84b68b82b360815cc75e5f12&amp;smart=true&amp;width=768&amp;height=1024&amp;quality=85\" media=\"(min-width: 768px)\" \/><source srcset=\"https:\/\/www.infobae.com\/resizer\/v2\/DVJTUT324JGJZJKHHZHUBI5NKM.jpg?auth=53499184818449c032807c8e4fcc627629e5deba84b68b82b360815cc75e5f12&amp;smart=true&amp;width=577&amp;height=769&amp;quality=85\" media=\"(min-width: 580px)\" \/><source srcset=\"https:\/\/www.infobae.com\/resizer\/v2\/DVJTUT324JGJZJKHHZHUBI5NKM.jpg?auth=53499184818449c032807c8e4fcc627629e5deba84b68b82b360815cc75e5f12&amp;smart=true&amp;width=420&amp;height=560&amp;quality=85\" media=\"(min-width: 350px)\" \/><source srcset=\"https:\/\/www.infobae.com\/resizer\/v2\/DVJTUT324JGJZJKHHZHUBI5NKM.jpg?auth=53499184818449c032807c8e4fcc627629e5deba84b68b82b360815cc75e5f12&amp;smart=true&amp;width=350&amp;height=467&amp;quality=85\" media=\"(min-width: 80px)\" \/><img loading=\"lazy\" decoding=\"async\" class=\"global-image\" src=\"https:\/\/www.infobae.com\/resizer\/v2\/DVJTUT324JGJZJKHHZHUBI5NKM.jpg?auth=53499184818449c032807c8e4fcc627629e5deba84b68b82b360815cc75e5f12&amp;smart=true&amp;width=350&amp;height=467&amp;quality=85\" alt=\"Los registros de la pr\u00e1ctica\" width=\"1920\" height=\"2400\" \/><\/picture>Los registros de la pr\u00e1ctica libre 3 de Canad\u00e1 (Foto: @F1)<\/div>\n<div class=\"body-blogging-btm-line\"><\/div>\n<\/div>\n<\/div>\n<div id=\"parrafo_36\" class=\"body-blogging-container\">\n<div class=\"body-blogging-time-line\">\n<div class=\"body-blogging-time\"><span class=\"body-blogging-time-hour\">14:32\u00a0hs<\/span><span class=\"body-blogging-time-date\">Hoy<\/span><\/div>\n<div class=\"body-blogging-figures\">\n<div class=\"body-blogging-figures-big-circle\">\n<div class=\"body-blogging-figures-sm-circle\"><\/div>\n<\/div>\n<div class=\"body-blogging-figures-line\"><\/div>\n<\/div>\n<\/div>\n<div class=\"body-blogging-article \">\n<p class=\"paragraph\"><b>EL GESTO DE HAMILTON A COLAPINTO<\/b><\/p>\n<\/div>\n<div class=\"body-blogging-article \">\n<div class=\"rawHTML\">\n<div class=\"container-video\"><iframe class=\"responsive-iframe-video\" title=\"video-espn\" src=\"https:\/\/www.espn.com.ar\/core\/video\/iframe?id=15309668&amp;endcard=false&amp;omniReportSuite=wdgespge\" allowfullscreen=\"allowfullscreen\" data-mce-fragment=\"1\"><\/iframe><\/div>\n<\/div>\n<div class=\"body-blogging-btm-line\"><\/div>\n<\/div>\n<\/div>\n<div id=\"parrafo_37\" class=\"body-blogging-container\">\n<div class=\"body-blogging-time-line\">\n<div class=\"body-blogging-time\"><span class=\"body-blogging-time-hour\">14:30\u00a0hs<\/span><span class=\"body-blogging-time-date\">Hoy<\/span><\/div>\n<div class=\"body-blogging-figures\">\n<div class=\"body-blogging-figures-big-circle\">\n<div class=\"body-blogging-figures-sm-circle\"><\/div>\n<\/div>\n<div class=\"body-blogging-figures-line\"><\/div>\n<\/div>\n<\/div>\n<div class=\"body-blogging-article \">\n<p class=\"paragraph\">\u00a1<b>Pierre Gasly<\/b>\u00a0sube al 11\u00b0 lugar en el cierre de la sesi\u00f3n! El de Alpine gir\u00f3 en 1:12.684<\/p>\n<div class=\"body-blogging-btm-line\"><\/div>\n<\/div>\n<\/div>\n<div id=\"parrafo_38\" class=\"body-blogging-container\">\n<div class=\"body-blogging-time-line\">\n<div class=\"body-blogging-time\"><span class=\"body-blogging-time-hour\">14:27\u00a0hs<\/span><span class=\"body-blogging-time-date\">Hoy<\/span><\/div>\n<div class=\"body-blogging-figures\">\n<div class=\"body-blogging-figures-big-circle\">\n<div class=\"body-blogging-figures-sm-circle\"><\/div>\n<\/div>\n<div class=\"body-blogging-figures-line\"><\/div>\n<\/div>\n<\/div>\n<div class=\"body-blogging-article \">\n<p class=\"paragraph\">Otra vuelta r\u00e1pida de\u00a0<b>Franco Colapinto<\/b>, que mejora su tiempo y sube al 17\u00b0 puesto: gir\u00f3 en\u00a0<b>1:13.060<\/b>. Este tiempo lo pone a tan solo\u00a0<b>0.048<\/b>\u00a0del registro de su compa\u00f1ero\u00a0<b>Pierre Gasly<\/b>, que est\u00e1 16\u00b0.<\/p>\n<div class=\"body-blogging-btm-line\"><\/div>\n<\/div>\n<\/div>\n<div id=\"parrafo_39\" class=\"body-blogging-container\">\n<div class=\"body-blogging-time-line\">\n<div class=\"body-blogging-time\"><span class=\"body-blogging-time-hour\">14:24\u00a0hs<\/span><span class=\"body-blogging-time-date\">Hoy<\/span><\/div>\n<div class=\"body-blogging-figures\">\n<div class=\"body-blogging-figures-big-circle\">\n<div class=\"body-blogging-figures-sm-circle\"><\/div>\n<\/div>\n<div class=\"body-blogging-figures-line\"><\/div>\n<\/div>\n<\/div>\n<div class=\"body-blogging-article \">\n<p class=\"paragraph\">En uno de sus \u00faltimos intentos con gomas r\u00e1pidas,\u00a0<b>Franco Colapinto<\/b>\u00a0marca un tiempo de\u00a0<b>1:13.265<\/b>. Es su mejor registro del fin de semana, pero no logra salir del 19\u00b0 puesto del listado. El argentino est\u00e1 a 0.253 de la vuelta m\u00e1s veloz de\u00a0<b>Pierre Gasly<\/b>\u00a0(<b>1:13.012<\/b>), que est\u00e1 16\u00b0.<\/p>\n<div class=\"body-blogging-btm-line\"><\/div>\n<\/div>\n<\/div>\n<div id=\"parrafo_40\" class=\"body-blogging-container\">\n<div class=\"body-blogging-time-line\">\n<div class=\"body-blogging-time\"><span class=\"body-blogging-time-hour\">14:17\u00a0hs<\/span><span class=\"body-blogging-time-date\">Hoy<\/span><\/div>\n<div class=\"body-blogging-figures\">\n<div class=\"body-blogging-figures-big-circle\">\n<div class=\"body-blogging-figures-sm-circle\"><\/div>\n<\/div>\n<div class=\"body-blogging-figures-line\"><\/div>\n<\/div>\n<\/div>\n<div class=\"body-blogging-article \">\n<p class=\"paragraph\"><b>\u00a1Lando Norris el m\u00e1s veloz!\u00a0<\/b>El de McLaren gir\u00f3 en\u00a0<b>1:11.799<\/b>\u00a0para liderar la sesi\u00f3n cuando restan 13 minutos de la FP3.<\/p>\n<div class=\"body-blogging-btm-line\"><\/div>\n<\/div>\n<\/div>\n<div id=\"parrafo_41\" class=\"body-blogging-container\">\n<div class=\"body-blogging-time-line\">\n<div class=\"body-blogging-time\"><span class=\"body-blogging-time-hour\">14:12\u00a0hs<\/span><span class=\"body-blogging-time-date\">Hoy<\/span><\/div>\n<div class=\"body-blogging-figures\">\n<div class=\"body-blogging-figures-big-circle\">\n<div class=\"body-blogging-figures-sm-circle\"><\/div>\n<\/div>\n<div class=\"body-blogging-figures-line\"><\/div>\n<\/div>\n<\/div>\n<div class=\"body-blogging-article \">\n<p class=\"paragraph\">Con 18 minutos de actividad por delante,\u00a0<b>Franco Colapinto<\/b>\u00a0pone su mejor registro del fin de semana con un giro de 1:13.440, a 1.490 del tiempo de punta de\u00a0<b>George Russell\u00a0<\/b>(1:11.950) y a 0.428 de su compa\u00f1ero\u00a0<b>Pierre Gasly<\/b>\u00a0(1:13.012)<\/p>\n<div class=\"body-blogging-btm-line\"><\/div>\n<\/div>\n<\/div>\n<div id=\"parrafo_42\" class=\"body-blogging-container\">\n<div class=\"body-blogging-time-line\">\n<div class=\"body-blogging-time\"><span class=\"body-blogging-time-hour\">14:10\u00a0hs<\/span><span class=\"body-blogging-time-date\">Hoy<\/span><\/div>\n<div class=\"body-blogging-figures\">\n<div class=\"body-blogging-figures-big-circle\">\n<div class=\"body-blogging-figures-sm-circle\"><\/div>\n<\/div>\n<div class=\"body-blogging-figures-line\"><\/div>\n<\/div>\n<\/div>\n<div class=\"body-blogging-article \">\n<p class=\"paragraph\"><b>Lewis Hamilton<\/b>\u00a0es ahora el tiempo m\u00e1s destacado con\u00a0<b>1:12.279<\/b>.<\/p>\n<div class=\"body-blogging-btm-line\"><\/div>\n<\/div>\n<\/div>\n<div id=\"parrafo_43\" class=\"body-blogging-container\">\n<div class=\"body-blogging-time-line\">\n<div class=\"body-blogging-time\"><span class=\"body-blogging-time-hour\">14:06\u00a0hs<\/span><span class=\"body-blogging-time-date\">Hoy<\/span><\/div>\n<div class=\"body-blogging-figures\">\n<div class=\"body-blogging-figures-big-circle\">\n<div class=\"body-blogging-figures-sm-circle\"><\/div>\n<\/div>\n<div class=\"body-blogging-figures-line\"><\/div>\n<\/div>\n<\/div>\n<div class=\"body-blogging-article \">\n<p class=\"paragraph\"><b>George Russell<\/b>\u00a0marc\u00f3 el tiempo en 1:12.329 para poner el mejor registro de la tanda por ahora.<\/p>\n<div class=\"body-blogging-btm-line\"><\/div>\n<\/div>\n<\/div>\n<div id=\"parrafo_44\" class=\"body-blogging-container\">\n<div class=\"body-blogging-time-line\">\n<div class=\"body-blogging-time\"><span class=\"body-blogging-time-hour\">13:58\u00a0hs<\/span><span class=\"body-blogging-time-date\">Hoy<\/span><\/div>\n<div class=\"body-blogging-figures\">\n<div class=\"body-blogging-figures-big-circle\">\n<div class=\"body-blogging-figures-sm-circle\"><\/div>\n<\/div>\n<div class=\"body-blogging-figures-line\"><\/div>\n<\/div>\n<\/div>\n<div class=\"body-blogging-article \">\n<p class=\"paragraph\"><b>Max Verstappen<\/b>,\u00a0<b>Alex Albon<\/b>,\u00a0<b>Carlos Sainz<\/b>,\u00a0<b>George Russell<\/b>\u00a0y\u00a0<b>Andrea Kimi Antonelli<\/b>\u00a0saldr\u00e1n por primera vez a la pista luego de media hora de actividad en la FP3. El mejor registro lo tiene\u00a0<b>Charles Leclerc<\/b>\u00a0(1:12.843).\u00a0<b>Franco Colapinto<\/b>\u00a0est\u00e1 a 0.843 del tiempo de punta en estos momentos.<\/p>\n<div class=\"body-blogging-btm-line\"><\/div>\n<\/div>\n<\/div>\n<div id=\"parrafo_45\" class=\"body-blogging-container\">\n<div class=\"body-blogging-time-line\">\n<div class=\"body-blogging-time\"><span class=\"body-blogging-time-hour\">13:57\u00a0hs<\/span><span class=\"body-blogging-time-date\">Hoy<\/span><\/div>\n<div class=\"body-blogging-figures\">\n<div class=\"body-blogging-figures-big-circle\">\n<div class=\"body-blogging-figures-sm-circle\"><\/div>\n<\/div>\n<div class=\"body-blogging-figures-line\"><\/div>\n<\/div>\n<\/div>\n<div class=\"body-blogging-article \">\n<p class=\"paragraph\"><b>\u00a1Final de la bandera roja!<\/b>\u00a0Se reanuda la actividad cuando hay 33 minutos de entrenamiento por delante.<\/p>\n<div class=\"body-blogging-btm-line\"><\/div>\n<\/div>\n<\/div>\n<div id=\"parrafo_46\" class=\"body-blogging-container\">\n<div class=\"body-blogging-time-line\">\n<div class=\"body-blogging-time\"><span class=\"body-blogging-time-hour\">13:53\u00a0hs<\/span><span class=\"body-blogging-time-date\">Hoy<\/span><\/div>\n<div class=\"body-blogging-figures\">\n<div class=\"body-blogging-figures-big-circle\">\n<div class=\"body-blogging-figures-sm-circle\"><\/div>\n<\/div>\n<div class=\"body-blogging-figures-line\"><\/div>\n<\/div>\n<\/div>\n<div class=\"body-blogging-article \">\n<p class=\"paragraph\"><b>\u00a1Bandera roja!<\/b>\u00a0Cuando restan 37 minutos, se detiene la actividad para limpiar la pista tras el accidente que tuvo\u00a0<b>Oscar Piastri<\/b>.<\/p>\n<div class=\"body-blogging-btm-line\"><\/div>\n<\/div>\n<\/div>\n<div id=\"parrafo_47\" class=\"body-blogging-container\">\n<div class=\"body-blogging-time-line\">\n<div class=\"body-blogging-time\"><span class=\"body-blogging-time-hour\">13:52\u00a0hs<\/span><span class=\"body-blogging-time-date\">Hoy<\/span><\/div>\n<div class=\"body-blogging-figures\">\n<div class=\"body-blogging-figures-big-circle\">\n<div class=\"body-blogging-figures-sm-circle\"><\/div>\n<\/div>\n<div class=\"body-blogging-figures-line\"><\/div>\n<\/div>\n<\/div>\n<div class=\"body-blogging-article \">\n<p class=\"paragraph\">Problemas para\u00a0<b>Oscar Piastri<\/b>: pinch\u00f3 el neum\u00e1tico trasero derecho luego de tocar el muro y vuelve a boxes.<\/p>\n<\/div>\n<div class=\"body-blogging-article \">\n<div class=\"rawHTML\">\n<div class=\"container-video\"><iframe class=\"responsive-iframe-video\" title=\"video-espn\" src=\"https:\/\/www.espn.com.ar\/core\/video\/iframe?id=15309605&amp;endcard=false&amp;omniReportSuite=wdgespge\" allowfullscreen=\"allowfullscreen\" data-mce-fragment=\"1\"><\/iframe><\/div>\n<\/div>\n<div class=\"body-blogging-btm-line\"><\/div>\n<\/div>\n<\/div>\n<div id=\"parrafo_48\" class=\"body-blogging-container\">\n<div class=\"body-blogging-time-line\">\n<div class=\"body-blogging-time\"><span class=\"body-blogging-time-hour\">13:50\u00a0hs<\/span><span class=\"body-blogging-time-date\">Hoy<\/span><\/div>\n<div class=\"body-blogging-figures\">\n<div class=\"body-blogging-figures-big-circle\">\n<div class=\"body-blogging-figures-sm-circle\"><\/div>\n<\/div>\n<div class=\"body-blogging-figures-line\"><\/div>\n<\/div>\n<\/div>\n<div class=\"body-blogging-article \">\n<p class=\"paragraph\"><b>Franco Colapinto<\/b>\u00a0mejora su propio tiempo para marcar un giro de\u00a0<b>1:13.686<\/b>\u00a0que lo deja 10\u00b0 a 0.177 de su compa\u00f1ero\u00a0<b>Pierre Gasly<\/b>. Es la mejor vuelta del argentino en este GP de Canad\u00e1 por el momento.<\/p>\n<div class=\"body-blogging-btm-line\"><\/div>\n<\/div>\n<\/div>\n<div id=\"parrafo_49\" class=\"body-blogging-container\">\n<div class=\"body-blogging-time-line\">\n<div class=\"body-blogging-time\"><span class=\"body-blogging-time-hour\">13:43\u00a0hs<\/span><span class=\"body-blogging-time-date\">Hoy<\/span><\/div>\n<div class=\"body-blogging-figures\">\n<div class=\"body-blogging-figures-big-circle\">\n<div class=\"body-blogging-figures-sm-circle\"><\/div>\n<\/div>\n<div class=\"body-blogging-figures-line\"><\/div>\n<\/div>\n<\/div>\n<div class=\"body-blogging-article \">\n<p class=\"paragraph\">Los mejores tiempos en estos primeros 15 minutos de sesi\u00f3n<\/p>\n<\/div>\n<div class=\"body-blogging-article \">\n<p class=\"paragraph\"><b>Pierre Gasly<\/b>\u00a0&#8211; 1:14.424<\/p>\n<\/div>\n<div class=\"body-blogging-article \">\n<p class=\"paragraph\"><b>Oliver Bearman<\/b>\u00a0&#8211; 1:14.831<\/p>\n<\/div>\n<div class=\"body-blogging-article \">\n<p class=\"paragraph\"><b>Charles Leclerc<\/b>\u00a0&#8211; 1:15.004<\/p>\n<\/div>\n<div class=\"body-blogging-article \">\n<p class=\"paragraph\"><b>Franco Colapinto<\/b>\u00a0&#8211; 1:15.055<\/p>\n<\/div>\n<div class=\"body-blogging-article \">\n<p class=\"paragraph\"><b>Esteban Ocon<\/b>\u00a0&#8211; 1:15.108<\/p>\n<\/div>\n<div class=\"body-blogging-article \">\n<div class=\"rawHTML\">\n<div class=\"container-video\"><iframe class=\"responsive-iframe-video\" title=\"video-espn\" src=\"https:\/\/www.espn.com.ar\/core\/video\/iframe?id=15309579&amp;endcard=false&amp;omniReportSuite=wdgespge\" allowfullscreen=\"allowfullscreen\" data-mce-fragment=\"1\"><\/iframe><\/div>\n<\/div>\n<div class=\"body-blogging-btm-line\"><\/div>\n<\/div>\n<\/div>\n<div id=\"parrafo_50\" class=\"body-blogging-container\">\n<div class=\"body-blogging-time-line\">\n<div class=\"body-blogging-time\"><span class=\"body-blogging-time-hour\">13:41\u00a0hs<\/span><span class=\"body-blogging-time-date\">Hoy<\/span><\/div>\n<div class=\"body-blogging-figures\">\n<div class=\"body-blogging-figures-big-circle\">\n<div class=\"body-blogging-figures-sm-circle\"><\/div>\n<\/div>\n<div class=\"body-blogging-figures-line\"><\/div>\n<\/div>\n<\/div>\n<div class=\"body-blogging-article \">\n<p class=\"paragraph\"><b>Leclerc\u00a0<\/b>marca\u00a0<b>1:15.004<\/b>\u00a0en su primer registro del d\u00eda.<\/p>\n<div class=\"body-blogging-btm-line\"><\/div>\n<\/div>\n<\/div>\n<div id=\"parrafo_51\" class=\"body-blogging-container\">\n<div class=\"body-blogging-time-line\">\n<div class=\"body-blogging-time\"><span class=\"body-blogging-time-hour\">13:38\u00a0hs<\/span><span class=\"body-blogging-time-date\">Hoy<\/span><\/div>\n<div class=\"body-blogging-figures\">\n<div class=\"body-blogging-figures-big-circle\">\n<div class=\"body-blogging-figures-sm-circle\"><\/div>\n<\/div>\n<div class=\"body-blogging-figures-line\"><\/div>\n<\/div>\n<\/div>\n<div class=\"body-blogging-article \">\n<p class=\"paragraph\"><b>Charles Leclerc<\/b>\u00a0sale a pista cuando restan 52 minutos de la sesi\u00f3n. El piloto de Ferrari choc\u00f3 al inicio de la FP1 y no pudo participar en la FP2. Deber\u00e1 pulir los detalles en esta \u00faltima pr\u00e1ctica.<\/p>\n<\/div>\n<div class=\"body-blogging-article \">\n<div class=\"visual-image\"><picture><source srcset=\"https:\/\/www.infobae.com\/resizer\/v2\/6KGWMXXHENFUBENQFPL5X2LHCU.jpg?auth=5321cb4cf66f123db04bcceae34dabd031a64b0fbb32e2a37ddb5f037b798ef7&amp;smart=true&amp;width=992&amp;height=661&amp;quality=85\" media=\"(min-width: 1000px)\" \/><source srcset=\"https:\/\/www.infobae.com\/resizer\/v2\/6KGWMXXHENFUBENQFPL5X2LHCU.jpg?auth=5321cb4cf66f123db04bcceae34dabd031a64b0fbb32e2a37ddb5f037b798ef7&amp;smart=true&amp;width=768&amp;height=512&amp;quality=85\" media=\"(min-width: 768px)\" \/><source srcset=\"https:\/\/www.infobae.com\/resizer\/v2\/6KGWMXXHENFUBENQFPL5X2LHCU.jpg?auth=5321cb4cf66f123db04bcceae34dabd031a64b0fbb32e2a37ddb5f037b798ef7&amp;smart=true&amp;width=577&amp;height=385&amp;quality=85\" media=\"(min-width: 580px)\" \/><source srcset=\"https:\/\/www.infobae.com\/resizer\/v2\/6KGWMXXHENFUBENQFPL5X2LHCU.jpg?auth=5321cb4cf66f123db04bcceae34dabd031a64b0fbb32e2a37ddb5f037b798ef7&amp;smart=true&amp;width=420&amp;height=280&amp;quality=85\" media=\"(min-width: 350px)\" \/><source srcset=\"https:\/\/www.infobae.com\/resizer\/v2\/6KGWMXXHENFUBENQFPL5X2LHCU.jpg?auth=5321cb4cf66f123db04bcceae34dabd031a64b0fbb32e2a37ddb5f037b798ef7&amp;smart=true&amp;width=350&amp;height=233&amp;quality=85\" media=\"(min-width: 80px)\" \/><img loading=\"lazy\" decoding=\"async\" class=\"global-image\" src=\"https:\/\/www.infobae.com\/resizer\/v2\/6KGWMXXHENFUBENQFPL5X2LHCU.jpg?auth=5321cb4cf66f123db04bcceae34dabd031a64b0fbb32e2a37ddb5f037b798ef7&amp;smart=true&amp;width=350&amp;height=233&amp;quality=85\" alt=\"Leclerc gir\u00f3 muy poco en\" width=\"5163\" height=\"3605\" \/><\/picture>Leclerc gir\u00f3 muy poco en la pr\u00e1ctica de ayer antes del choque (Foto: Reuters\/Mathieu Belanger)<\/div>\n<div class=\"body-blogging-btm-line\"><\/div>\n<\/div>\n<\/div>\n<div id=\"parrafo_52\" class=\"body-blogging-container\">\n<div class=\"body-blogging-time-line\">\n<div class=\"body-blogging-time\"><span class=\"body-blogging-time-hour\">13:36\u00a0hs<\/span><span class=\"body-blogging-time-date\">Hoy<\/span><\/div>\n<div class=\"body-blogging-figures\">\n<div class=\"body-blogging-figures-big-circle\">\n<div class=\"body-blogging-figures-sm-circle\"><\/div>\n<\/div>\n<div class=\"body-blogging-figures-line\"><\/div>\n<\/div>\n<\/div>\n<div class=\"body-blogging-article \">\n<p class=\"paragraph\">El primer tiempo del d\u00eda lo marca\u00a0<b>Franco Colapinto<\/b>\u00a0con un registro de\u00a0<b>1:15.366<\/b><\/p>\n<div class=\"body-blogging-btm-line\"><\/div>\n<\/div>\n<\/div>\n<div id=\"parrafo_53\" class=\"body-blogging-container\">\n<div class=\"body-blogging-time-line\">\n<div class=\"body-blogging-time\"><span class=\"body-blogging-time-hour\">13:34\u00a0hs<\/span><span class=\"body-blogging-time-date\">Hoy<\/span><\/div>\n<div class=\"body-blogging-figures\">\n<div class=\"body-blogging-figures-big-circle\">\n<div class=\"body-blogging-figures-sm-circle\"><\/div>\n<\/div>\n<div class=\"body-blogging-figures-line\"><\/div>\n<\/div>\n<\/div>\n<div class=\"body-blogging-article \">\n<p class=\"paragraph\"><b>Franco Colapinto<\/b>, el primero en salir a la pista del\u00a0<i>Circuito Gilles-Villeneuve<\/i>: probar\u00e1 neum\u00e1ticos blandos<\/p>\n<\/div>\n<div class=\"body-blogging-article \">\n<div class=\"visual-image\"><picture><source srcset=\"https:\/\/www.infobae.com\/resizer\/v2\/57MTKK3WXNBHNCJLTK7OWIJ6SU.jpg?auth=ec63301cebd7aefc7b2c416334151694602861ba6c990024ea9c0ad4026e4a22&amp;smart=true&amp;width=992&amp;height=661&amp;quality=85\" media=\"(min-width: 1000px)\" \/><source srcset=\"https:\/\/www.infobae.com\/resizer\/v2\/57MTKK3WXNBHNCJLTK7OWIJ6SU.jpg?auth=ec63301cebd7aefc7b2c416334151694602861ba6c990024ea9c0ad4026e4a22&amp;smart=true&amp;width=768&amp;height=512&amp;quality=85\" media=\"(min-width: 768px)\" \/><source srcset=\"https:\/\/www.infobae.com\/resizer\/v2\/57MTKK3WXNBHNCJLTK7OWIJ6SU.jpg?auth=ec63301cebd7aefc7b2c416334151694602861ba6c990024ea9c0ad4026e4a22&amp;smart=true&amp;width=577&amp;height=385&amp;quality=85\" media=\"(min-width: 580px)\" \/><source srcset=\"https:\/\/www.infobae.com\/resizer\/v2\/57MTKK3WXNBHNCJLTK7OWIJ6SU.jpg?auth=ec63301cebd7aefc7b2c416334151694602861ba6c990024ea9c0ad4026e4a22&amp;smart=true&amp;width=420&amp;height=280&amp;quality=85\" media=\"(min-width: 350px)\" \/><source srcset=\"https:\/\/www.infobae.com\/resizer\/v2\/57MTKK3WXNBHNCJLTK7OWIJ6SU.jpg?auth=ec63301cebd7aefc7b2c416334151694602861ba6c990024ea9c0ad4026e4a22&amp;smart=true&amp;width=350&amp;height=233&amp;quality=85\" media=\"(min-width: 80px)\" \/><img loading=\"lazy\" decoding=\"async\" class=\"global-image\" src=\"https:\/\/www.infobae.com\/resizer\/v2\/57MTKK3WXNBHNCJLTK7OWIJ6SU.jpg?auth=ec63301cebd7aefc7b2c416334151694602861ba6c990024ea9c0ad4026e4a22&amp;smart=true&amp;width=350&amp;height=233&amp;quality=85\" alt=\"Franco Colapinto tiene su \u00faltimo\" width=\"4000\" height=\"2667\" \/><\/picture>Franco Colapinto tiene su \u00faltimo entrenamiento (Foto: Reuters\/David Kirouac-Imagn Images)<\/div>\n<div class=\"body-blogging-btm-line\"><\/div>\n<\/div>\n<\/div>\n<div id=\"parrafo_54\" class=\"body-blogging-container\">\n<div class=\"body-blogging-time-line\">\n<div class=\"body-blogging-time\"><span class=\"body-blogging-time-hour\">13:29\u00a0hs<\/span><span class=\"body-blogging-time-date\">Hoy<\/span><\/div>\n<div class=\"body-blogging-figures\">\n<div class=\"body-blogging-figures-big-circle\">\n<div class=\"body-blogging-figures-sm-circle\"><\/div>\n<\/div>\n<div class=\"body-blogging-figures-line\"><\/div>\n<\/div>\n<\/div>\n<div class=\"body-blogging-article \">\n<p class=\"paragraph\"><b>\u00a1Arranca la pr\u00e1ctica libre n\u00famero 3!<\/b><\/p>\n<\/div>\n<div class=\"body-blogging-article \">\n<div class=\"visual-image\"><picture><source srcset=\"https:\/\/www.infobae.com\/resizer\/v2\/GNF22IJOQVA4BFQZVSDQTSKDMQ.jpg?auth=13bb4eda887f6e1bffbaf335999906bba8007d56d9fec60dca11f73a8ff0a2f2&amp;smart=true&amp;width=992&amp;height=661&amp;quality=85\" media=\"(min-width: 1000px)\" \/><source srcset=\"https:\/\/www.infobae.com\/resizer\/v2\/GNF22IJOQVA4BFQZVSDQTSKDMQ.jpg?auth=13bb4eda887f6e1bffbaf335999906bba8007d56d9fec60dca11f73a8ff0a2f2&amp;smart=true&amp;width=768&amp;height=512&amp;quality=85\" media=\"(min-width: 768px)\" \/><source srcset=\"https:\/\/www.infobae.com\/resizer\/v2\/GNF22IJOQVA4BFQZVSDQTSKDMQ.jpg?auth=13bb4eda887f6e1bffbaf335999906bba8007d56d9fec60dca11f73a8ff0a2f2&amp;smart=true&amp;width=577&amp;height=385&amp;quality=85\" media=\"(min-width: 580px)\" \/><source srcset=\"https:\/\/www.infobae.com\/resizer\/v2\/GNF22IJOQVA4BFQZVSDQTSKDMQ.jpg?auth=13bb4eda887f6e1bffbaf335999906bba8007d56d9fec60dca11f73a8ff0a2f2&amp;smart=true&amp;width=420&amp;height=280&amp;quality=85\" media=\"(min-width: 350px)\" \/><source srcset=\"https:\/\/www.infobae.com\/resizer\/v2\/GNF22IJOQVA4BFQZVSDQTSKDMQ.jpg?auth=13bb4eda887f6e1bffbaf335999906bba8007d56d9fec60dca11f73a8ff0a2f2&amp;smart=true&amp;width=350&amp;height=233&amp;quality=85\" media=\"(min-width: 80px)\" \/><img loading=\"lazy\" decoding=\"async\" class=\"global-image\" src=\"https:\/\/www.infobae.com\/resizer\/v2\/GNF22IJOQVA4BFQZVSDQTSKDMQ.jpg?auth=13bb4eda887f6e1bffbaf335999906bba8007d56d9fec60dca11f73a8ff0a2f2&amp;smart=true&amp;width=350&amp;height=233&amp;quality=85\" alt=\"Los pilotos tendr\u00e1n las \u00faltimas\" width=\"6192\" height=\"4128\" \/><\/picture>Los pilotos tendr\u00e1n las \u00faltimas vueltas de prueba antes de la qualy (Foto: Reuters\/Jennifer Gauthier)<\/div>\n<div class=\"body-blogging-btm-line\"><\/div>\n<\/div>\n<\/div>\n<div id=\"parrafo_55\" class=\"body-blogging-container\">\n<div class=\"body-blogging-time-line\">\n<div class=\"body-blogging-time\"><span class=\"body-blogging-time-hour\">13:11\u00a0hs<\/span><span class=\"body-blogging-time-date\">Hoy<\/span><\/div>\n<div class=\"body-blogging-figures\">\n<div class=\"body-blogging-figures-big-circle\">\n<div class=\"body-blogging-figures-sm-circle\"><\/div>\n<\/div>\n<div class=\"body-blogging-figures-line\"><\/div>\n<\/div>\n<\/div>\n<div class=\"body-blogging-article body-blogging-article-title\">\n<h2 id=\"los-mejores-tiempos-de-franco-colapinto-en-la-jornada-del-viernes\" class=\"header body-blogging-sub-header\">LOS MEJORES TIEMPOS DE FRANCO COLAPINTO EN LA JORNADA DEL VIERNES<\/h2>\n<\/div>\n<div class=\"body-blogging-article \">\n<p class=\"paragraph\"><b>FP1<\/b>: 19\u00b0 con una vuelta de 1:14.645<\/p>\n<\/div>\n<div class=\"body-blogging-article \">\n<p class=\"paragraph\"><b>FP2<\/b>: 18\u00b0 con una vuelta de 1:13.898<\/p>\n<\/div>\n<div class=\"body-blogging-article \">\n<div class=\"rawHTML\">\n<div class=\"container-video\"><iframe class=\"responsive-iframe-video\" title=\"video-espn\" src=\"https:\/\/www.espn.com.ar\/core\/video\/iframe?id=15309558&amp;endcard=false&amp;omniReportSuite=wdgespge\" allowfullscreen=\"allowfullscreen\" data-mce-fragment=\"1\"><\/iframe><\/div>\n<\/div>\n<div class=\"body-blogging-btm-line\"><\/div>\n<\/div>\n<\/div>\n<div id=\"parrafo_56\" class=\"body-blogging-container\">\n<div class=\"body-blogging-time-line\">\n<div class=\"body-blogging-time\"><span class=\"body-blogging-time-hour\">13:00\u00a0hs<\/span><span class=\"body-blogging-time-date\">Hoy<\/span><\/div>\n<div class=\"body-blogging-figures\">\n<div class=\"body-blogging-figures-big-circle\">\n<div class=\"body-blogging-figures-sm-circle\"><\/div>\n<\/div>\n<div class=\"body-blogging-figures-line\"><\/div>\n<\/div>\n<\/div>\n<div class=\"body-blogging-article \">\n<div class=\"article-header article-headline-live-blogging\">\n<h2 id=\"la-sincera-confesion-de-franco-colapinto-tras-su-irregular-dia-en-el-gp-de-canada:-&quot;hay-cosas-que-no-tienen-mucho-sentido&quot;\" class=\"display-block article-headline text_align_left article-headline-live-blogging\">La sincera confesi\u00f3n de Franco Colapinto tras su irregular d\u00eda en el GP de Canad\u00e1: \u201cHay cosas que no tienen mucho sentido\u201d<\/h2>\n<h3 class=\"article-subheadline text_align_left article-subheadline-live-blogging\">El piloto argentino habl\u00f3 con los medios despu\u00e9s de terminar sus dos pr\u00e1cticas libres en Montreal en el fondo: \u201cEl auto est\u00e1 muy desconectado en curvas lentas\u201d<\/h3>\n<\/div>\n<div class=\"sharebar-container display_flex\">\n<div class=\"share-bar-article-date-container \"><\/div>\n<\/div>\n<p class=\"paragraph\">El\u00a0<b>Gran Premio de Canad\u00e1<\/b>\u00a0finaliz\u00f3 su\u00a0<a title=\"https:\/\/www.infobae.com\/deportes\/2025\/06\/13\/franco-colapinto-inicia-su-cuarto-desafio-con-alpine-con-las-practicas-libres-del-gp-de-canada-de-formula-1-hora-y-tv\/\" href=\"https:\/\/www.infobae.com\/deportes\/2025\/06\/13\/franco-colapinto-inicia-su-cuarto-desafio-con-alpine-con-las-practicas-libres-del-gp-de-canada-de-formula-1-hora-y-tv\/\" target=\"_blank\" rel=\"noopener\">primera jornada de acci\u00f3n<\/a>\u00a0en el\u00a0<i>Circuito Gilles-Villeneuve, y\u00a0<\/i>el\u00a0<b>Alpine\u00a0<\/b>de\u00a0<b>Franco Colapinto\u00a0<\/b>estableci\u00f3 su mejor tiempo en\u00a0<b>1:13.898<\/b>\u00a0para colocarse en el 18\u00b0 lugar de la segunda pr\u00e1ctica libre, a m\u00e1s de un segundo de su compa\u00f1ero de equipo\u00a0<b>Pierre Gasly<\/b>\u00a0y por delante de\u00a0<b>Lance Stroll<\/b>\u00a0(Aston Martin) y\u00a0<b>Charles Leclerc<\/b>\u00a0(Ferrari), quienes no pudieron fijar tiempos por diferentes accidentes.<\/p>\n<div class=\"text-element\"><a class=\"paragraph\" href=\"https:\/\/www.infobae.com\/deportes\/2025\/06\/13\/la-sincera-confesion-de-franco-colapinto-tras-su-irregular-dia-en-el-gp-de-canada-hay-cosas-que-no-tienen-mucho-sentido\/\" target=\"_blank\" rel=\"noopener noreferrer\" aria-label=\"La sincera confesi\u00f3n de Franco Colapinto tras su irregular d\u00eda en el GP de Canad\u00e1: \u201cHay cosas que no tienen mucho sentido\u201d\"><b class=\"read-full-note\">Leer la nota completa<\/b><\/a><\/div>\n<div class=\"body-blogging-btm-line\"><\/div>\n<\/div>\n<\/div>\n<div id=\"parrafo_57\" class=\"body-blogging-container\">\n<div class=\"body-blogging-time-line\">\n<div class=\"body-blogging-time\"><span class=\"body-blogging-time-hour\">12:30\u00a0hs<\/span><span class=\"body-blogging-time-date\">Hoy<\/span><\/div>\n<div class=\"body-blogging-figures\">\n<div class=\"body-blogging-figures-big-circle\">\n<div class=\"body-blogging-figures-sm-circle\"><\/div>\n<\/div>\n<div class=\"body-blogging-figures-line\"><\/div>\n<\/div>\n<\/div>\n<div class=\"body-blogging-article \">\n<div class=\"article-header article-headline-live-blogging\">\n<h2 id=\"en-medio-de-las-especulaciones-sobre-su-lesion-en-la-muneca-y-su-enojo-en-espana-stroll-choco-en-el-gp-de-canada\" class=\"display-block article-headline text_align_left article-headline-live-blogging\">En medio de las especulaciones sobre su lesi\u00f3n en la mu\u00f1eca y su enojo en Espa\u00f1a, Stroll choc\u00f3 en el GP de Canad\u00e1<\/h2>\n<h3 class=\"article-subheadline text_align_left article-subheadline-live-blogging\">El piloto canadiense de Aston Martin no pudo correr en la pasada carrera tras ser operado en su mano derecha<\/h3>\n<\/div>\n<div class=\"sharebar-container display_flex\">\n<div class=\"share-bar-article-date-container \"><\/div>\n<\/div>\n<p class=\"paragraph\"><b>Lance Stroll<\/b>\u00a0sigue en el centro de la escena del paddock de la\u00a0<b>F\u00f3rmula 1<\/b>. Tras perderse el\u00a0<b>Gran Premio de Espa\u00f1a<\/b>\u00a0por un procedimiento m\u00e9dico por una\u00a0<b>lesi\u00f3n en una de sus mu\u00f1ecas<\/b>,\u00a0<a title=\"https:\/\/www.infobae.com\/deportes\/2025\/06\/06\/se-conocieron-nuevos-detalles-del-escandalo-conde-stroll-en-los-boxes-de-aston-martin-alguien-lanzo-un-casco\/\" href=\"https:\/\/www.infobae.com\/deportes\/2025\/06\/06\/se-conocieron-nuevos-detalles-del-escandalo-conde-stroll-en-los-boxes-de-aston-martin-alguien-lanzo-un-casco\/\" target=\"_blank\" rel=\"noopener\">sumado a las especulaciones de un supuesto enojo en el que arroj\u00f3 su casco contra la pared<\/a>, el piloto de\u00a0<b>Aston Martin<\/b>\u00a0est\u00e1 de regreso a las pistas en el\u00a0<a title=\"https:\/\/www.infobae.com\/deportes\/2025\/06\/13\/franco-colapinto-inicia-su-cuarto-desafio-con-alpine-con-las-practicas-libres-del-gp-de-canada-de-formula-1-hora-y-tv\/\" href=\"https:\/\/www.infobae.com\/deportes\/2025\/06\/13\/franco-colapinto-inicia-su-cuarto-desafio-con-alpine-con-las-practicas-libres-del-gp-de-canada-de-formula-1-hora-y-tv\/\" target=\"_blank\" rel=\"noopener\"><b>Gran Premio de Canad\u00e1<\/b><\/a>. Aunque no lo hizo de la mejor manera, ya que\u00a0<b>tuvo que abandonar en las segundas pr\u00e1cticas libres al chocar contra los muros<\/b>\u00a0en el\u00a0<i>Circuito Gilles Villeneuve<\/i>, donde es local.<\/p>\n<div class=\"text-element\"><a class=\"paragraph\" href=\"https:\/\/www.infobae.com\/deportes\/2025\/06\/13\/en-medio-de-las-especulaciones-sobre-su-lesion-en-la-muneca-y-su-enojo-en-espana-stroll-choco-en-el-gp-de-canada\/\" target=\"_blank\" rel=\"noopener noreferrer\" aria-label=\"En medio de las especulaciones sobre su lesi\u00f3n en la mu\u00f1eca y su enojo en Espa\u00f1a, Stroll choc\u00f3 en el GP de Canad\u00e1\"><b class=\"read-full-note\">Leer la nota completa<\/b><\/a><\/div>\n<div class=\"body-blogging-btm-line\"><\/div>\n<\/div>\n<\/div>\n<div id=\"parrafo_58\" class=\"body-blogging-container\">\n<div class=\"body-blogging-time-line\">\n<div class=\"body-blogging-time\"><span class=\"body-blogging-time-hour\">12:00\u00a0hs<\/span><span class=\"body-blogging-time-date\">Hoy<\/span><\/div>\n<div class=\"body-blogging-figures\">\n<div class=\"body-blogging-figures-big-circle\">\n<div class=\"body-blogging-figures-sm-circle\"><\/div>\n<\/div>\n<div class=\"body-blogging-figures-line\"><\/div>\n<\/div>\n<\/div>\n<div class=\"body-blogging-article \">\n<div class=\"article-header article-headline-live-blogging\">\n<h2 id=\"franco-colapinto-tuvo-un-deslucido-rendimiento-en-la-primera-jornada-de-actividad-del-gran-premio-de-canada-de-formula-1\" class=\"display-block article-headline text_align_left article-headline-live-blogging\">Franco Colapinto tuvo un deslucido rendimiento en la primera jornada de actividad del Gran Premio de Canad\u00e1 de F\u00f3rmula 1<\/h2>\n<h3 class=\"article-subheadline text_align_left article-subheadline-live-blogging\">El argentino no encontr\u00f3 el ritmo en las vueltas r\u00e1pidas a lo largo de las dos pr\u00e1cticas, qued\u00f3 en el fondo del pelot\u00f3n y lejos de los tiempos de su compa\u00f1ero Pierre Gasly<\/h3>\n<\/div>\n<div class=\"sharebar-container display_flex\">\n<div class=\"share-bar-article-date-container \"><\/div>\n<\/div>\n<p class=\"paragraph\">La primera jornada de actividad en el\u00a0<b>Gran Premio de Canad\u00e1<\/b>\u00a0tuvo a\u00a0<b>George Russell<\/b>\u00a0como el m\u00e1s veloz con un giro de\u00a0<b>1:12.123<\/b>\u00a0en la pr\u00e1ctica libre 2.\u00a0<b>Lando Norris<\/b>\u00a0qued\u00f3 segundo, muy cerca con un tiempo de 1:12.151 y\u00a0<b>Andrea Kimi Antonelli<\/b>\u00a0cerr\u00f3 tercero el \u00faltimo entrenamiento con 1:12.411.<\/p>\n<\/div>\n<\/div>\n<\/div>\n","protected":false},"excerpt":{"rendered":"<p>George Russell\u00a0se qued\u00f3 con la pole position y comenzar\u00e1 el Gran Premio de Canad\u00e1 de este domingo desde el primer lugar por delante de\u00a0Max Verstappen. Franco Colapinto\u00a0protagoniz\u00f3 su mejor actuaci\u00f3n desde que desembarc\u00f3 en\u00a0Alpine\u00a0y largar\u00e1\u00a010\u00b0 el domingo\u00a0tras las penalizaciones que recibieron\u00a0Isack Hadjar\u00a0y\u00a0Yuki Tsunoda. Su compa\u00f1ero,\u00a0Pierre Gasly, no tuvo un buen rendimiento en la Q1 y [&hellip;]<\/p>\n","protected":false},"author":2,"featured_media":24001,"comment_status":"closed","ping_status":"closed","sticky":false,"template":"","format":"standard","meta":{"footnotes":""},"categories":[78],"tags":[],"class_list":{"0":"post-24000","1":"post","2":"type-post","3":"status-publish","4":"format-standard","5":"has-post-thumbnail","7":"category-deportes"},"_links":{"self":[{"href":"https:\/\/radiobitacora.com.ar\/web\/wp-json\/wp\/v2\/posts\/24000","targetHints":{"allow":["GET"]}}],"collection":[{"href":"https:\/\/radiobitacora.com.ar\/web\/wp-json\/wp\/v2\/posts"}],"about":[{"href":"https:\/\/radiobitacora.com.ar\/web\/wp-json\/wp\/v2\/types\/post"}],"author":[{"embeddable":true,"href":"https:\/\/radiobitacora.com.ar\/web\/wp-json\/wp\/v2\/users\/2"}],"replies":[{"embeddable":true,"href":"https:\/\/radiobitacora.com.ar\/web\/wp-json\/wp\/v2\/comments?post=24000"}],"version-history":[{"count":0,"href":"https:\/\/radiobitacora.com.ar\/web\/wp-json\/wp\/v2\/posts\/24000\/revisions"}],"wp:featuredmedia":[{"embeddable":true,"href":"https:\/\/radiobitacora.com.ar\/web\/wp-json\/wp\/v2\/media\/24001"}],"wp:attachment":[{"href":"https:\/\/radiobitacora.com.ar\/web\/wp-json\/wp\/v2\/media?parent=24000"}],"wp:term":[{"taxonomy":"category","embeddable":true,"href":"https:\/\/radiobitacora.com.ar\/web\/wp-json\/wp\/v2\/categories?post=24000"},{"taxonomy":"post_tag","embeddable":true,"href":"https:\/\/radiobitacora.com.ar\/web\/wp-json\/wp\/v2\/tags?post=24000"}],"curies":[{"name":"wp","href":"https:\/\/api.w.org\/{rel}","templated":true}]}}