{"id":24003,"date":"2025-06-14T20:23:08","date_gmt":"2025-06-14T23:23:08","guid":{"rendered":"https:\/\/radiobitacora.com.ar\/web\/?p=24003"},"modified":"2025-06-14T20:23:08","modified_gmt":"2025-06-14T23:23:08","slug":"river-plate-hizo-oficial-la-venta-de-franco-mastantuono-al-real-madrid-se-ira-tras-el-mundial-de-clubes","status":"publish","type":"post","link":"https:\/\/radiobitacora.com.ar\/web\/2025\/06\/14\/river-plate-hizo-oficial-la-venta-de-franco-mastantuono-al-real-madrid-se-ira-tras-el-mundial-de-clubes\/","title":{"rendered":"RIVER PLATE HIZO OFICIAL LA VENTA DE FRANCO MASTANTUONO AL REAL MADRID: SE IR\u00c1 TRAS EL MUNDIAL DE CLUBES"},"content":{"rendered":"<header class=\"article-header-wrapper\">\n<div class=\"article-header\">\n<h2 class=\"article-subheadline text_align_left\">El Merengue finalmente se qued\u00f3 con la joya argentina que buscaban los principales clubes de Europa<\/h2>\n<div class=\"display_flex align_items_center flex_row byline\">\n<div class=\"display_flex byline-image-ctn\">\n<div class=\"author-image-header\">\n<div class=\"\"><picture><source srcset=\"https:\/\/www.infobae.com\/resizer\/v2\/https%3A%2F%2Fs3.amazonaws.com%2Farc-authors%2Finfobae%2F87268767-47d4-43ef-9dd7-9dc27d2fcf2c.png?auth=9148137e5c05f0ca1091162248b53f805441a325ef6d3905b094ce30887e8b11&amp;smart=true&amp;width=40&amp;height=40&amp;quality=85\" media=\"(min-width: 80px)\" \/><img loading=\"lazy\" decoding=\"async\" class=\"global-image byline-author-image\" src=\"https:\/\/www.infobae.com\/resizer\/v2\/https%3A%2F%2Fs3.amazonaws.com%2Farc-authors%2Finfobae%2F87268767-47d4-43ef-9dd7-9dc27d2fcf2c.png?auth=9148137e5c05f0ca1091162248b53f805441a325ef6d3905b094ce30887e8b11&amp;smart=true&amp;width=40&amp;height=40&amp;quality=85\" alt=\"Juan Franco Gagliardi\" width=\"1\" height=\"1\" \/><\/picture><\/div>\n<\/div>\n<\/div>\n<p class=\"display_flex authors-name-txt-ctn\">Por<a class=\"author-name\" href=\"https:\/\/www.infobae.com\/autor\/juan-franco-gagliardi\/\" aria-label=\"Juan Franco Gagliardi\">Juan Franco Gagliardi<\/a><\/p>\n<\/div>\n<\/div>\n<\/header>\n<article class=\"article\">\n<div class=\"sharebar-container display_flex\">\n<div class=\"share-bar-article-date-container \"><span class=\"sharebar-article-date\">13 Jun, 2025 10:17 a.m. AR<\/span><\/div>\n<div class=\"sharebar-buttons-container display_flex\">\n<div class=\"sharebar-buttons button-save\" tabindex=\"0\" role=\"button\" aria-label=\"Guardar\"><span class=\"buttons-save-text\">Guardar<\/span><\/div>\n<div class=\"sharebar-buttons-separator\"><\/div>\n<p><button class=\"sharemenu-buttons display_flex\" aria-label=\"Compartir en Telegram\"><\/button><button class=\"sharemenu-buttons display_flex\" aria-label=\"Compartir en Linkedin\"><\/button><button class=\"sharemenu-buttons display_flex\" aria-label=\"Compartir en Twitter\"><\/button><button class=\"sharemenu-buttons display_flex\" aria-label=\"Compartir en Whatsapp\"><\/button><button class=\"sharemenu-buttons display_flex\" aria-label=\"Compartir en Facebook\"><\/button><\/div>\n<\/div>\n<div class=\"body-article \">\n<div class=\"visual__image\"><picture><source srcset=\"https:\/\/www.infobae.com\/resizer\/v2\/IOWP4QGPNBDRDBEFS2CC6G3BDY.jpg?auth=469ca00474af982bc11c19e63fc28c080f6affe18d88373255d8ea2a3efa8a35&amp;smart=true&amp;width=992&amp;height=661&amp;quality=85\" media=\"(min-width: 1000px)\" \/><source srcset=\"https:\/\/www.infobae.com\/resizer\/v2\/IOWP4QGPNBDRDBEFS2CC6G3BDY.jpg?auth=469ca00474af982bc11c19e63fc28c080f6affe18d88373255d8ea2a3efa8a35&amp;smart=true&amp;width=768&amp;height=512&amp;quality=85\" media=\"(min-width: 768px)\" \/><source srcset=\"https:\/\/www.infobae.com\/resizer\/v2\/IOWP4QGPNBDRDBEFS2CC6G3BDY.jpg?auth=469ca00474af982bc11c19e63fc28c080f6affe18d88373255d8ea2a3efa8a35&amp;smart=true&amp;width=577&amp;height=385&amp;quality=85\" media=\"(min-width: 580px)\" \/><source srcset=\"https:\/\/www.infobae.com\/resizer\/v2\/IOWP4QGPNBDRDBEFS2CC6G3BDY.jpg?auth=469ca00474af982bc11c19e63fc28c080f6affe18d88373255d8ea2a3efa8a35&amp;smart=true&amp;width=420&amp;height=280&amp;quality=85\" media=\"(min-width: 350px)\" \/><source srcset=\"https:\/\/www.infobae.com\/resizer\/v2\/IOWP4QGPNBDRDBEFS2CC6G3BDY.jpg?auth=469ca00474af982bc11c19e63fc28c080f6affe18d88373255d8ea2a3efa8a35&amp;smart=true&amp;width=350&amp;height=233&amp;quality=85\" media=\"(min-width: 80px)\" \/><\/picture>River Plate acord\u00f3 la venta de Franco Mastantuono al Real Madrid (REUTERS\/Agustin Marcarian)<\/div>\n<p class=\"paragraph\" data-mrf-recirculation=\"Links inline\">La novela finalmente termin\u00f3. Una promesa de\u00a0<b>River Plate<\/b>, que rompe r\u00e9cords y llama la atenci\u00f3n de todo el continente, se marcha al\u00a0<b>Real Madrid<\/b>, el club que ha transformado la exportaci\u00f3n de talento joven en una pol\u00edtica de Estado.\u00a0<b>Franco Mastantuono, a los 17 a\u00f1os, firm\u00f3 contrato para unirse a la\u00a0<\/b><i><b>Casa Blanca<\/b><\/i><b>\u00a0del f\u00fatbol a cambio de una cifra r\u00e9cord por su pase<\/b>.<\/p>\n<div class=\"news-module\" data-mrf-recirculation=\"IL_Ct0zZTd2RqSjHGMXsLzz7w\" data-testid=\"text-html\" data-mrf-experience=\"IL_Ct0zZTd2RqSjHGMXsLzz7w\">\n<div class=\"recommended-card__image-container\"><img loading=\"lazy\" decoding=\"async\" class=\"recommended-card__image lazyload\" src=\"https:\/\/www.infobae.com\/resizer\/v2\/J3IXPQCPXFCDPIVKXP6G4MWKRM.com?auth=1fc66bc9524f5aa2e2c1d151f7c3e38314ec2763722beacb75c2f79ca091f166&amp;smart=true&amp;width=256&amp;height=140&amp;quality=85\" sizes=\"auto, (min-width: 800px) 50vw, 90vw\" alt=\"Con Lionel Messi como titular, Inter Miami inaugurar\u00e1 el Mundial de Clubes ante el Al Ahly de Egipto: hora, TV y formaciones\" width=\"16\" height=\"9\" data-src=\"https:\/\/www.infobae.com\/resizer\/v2\/J3IXPQCPXFCDPIVKXP6G4MWKRM.com?auth=1fc66bc9524f5aa2e2c1d151f7c3e38314ec2763722beacb75c2f79ca091f166&amp;smart=true&amp;width=256&amp;height=140&amp;quality=85\" \/><\/div>\n<div class=\"recommended-card__info\"><span class=\"recommended-card__info-interest-you\">Te puede interesar:<\/span><span class=\"recommended-card__info-title\">Con Lionel Messi como titular, Inter Miami inaugurar\u00e1 el Mundial de Clubes ante el Al Ahly de Egipto: hora, TV y formaciones<\/span><\/p>\n<div class=\"recommended-card__info-button recommended-card__info-button--deportes\"><\/div>\n<\/div>\n<\/div>\n<p class=\"paragraph\" data-mrf-recirculation=\"Links inline\">Los grandes de Europa se codearon por su fichaje, pero fue el Real Madrid quien logr\u00f3 imponerse frente a la tentaci\u00f3n que propon\u00eda el PSG, reciente campe\u00f3n de la UEFA Champions League, que incluso despleg\u00f3 a su director deportivo Luis Campos en Buenos Aires para seducirlo. Tal como anticip\u00f3 Infobae,\u00a0<a title=\"https:\/\/www.infobae.com\/deportes\/2025\/06\/11\/franco-mastantuono-se-hizo-la-revision-medica-y-acordo-su-contrato-con-real-madrid-hasta-2031\/\" href=\"https:\/\/www.infobae.com\/deportes\/2025\/06\/11\/franco-mastantuono-se-hizo-la-revision-medica-y-acordo-su-contrato-con-real-madrid-hasta-2031\/\" target=\"_blank\" rel=\"noopener noreferrer\" data-mrf-link=\"https:\/\/www.infobae.com\/deportes\/2025\/06\/11\/franco-mastantuono-se-hizo-la-revision-medica-y-acordo-su-contrato-con-real-madrid-hasta-2031\/\"><b>el futbolista ya hab\u00eda realizado la revisi\u00f3n m\u00e9dica y acordado un contrato con la instituci\u00f3n merengue por seis temporadas (hasta 2031).<\/b><\/a><b><\/b><\/p>\n<div class=\"inline ad-wrapper\">\n<div class=\"dfpAd ad-inline\"><\/div>\n<\/div>\n<p class=\"paragraph\" data-mrf-recirculation=\"Links inline\">\u201cEl 11 de junio de 2025,\u00a0<b>Franco Mastantuono ejecut\u00f3 su cl\u00e1usula de rescisi\u00f3n, en conjunto con el Real Madrid<\/b>, finalizando de forma anticipada su contrato con River Plate.\u00a0<b>El jugador se incorporar\u00e1 al club espa\u00f1ol tras la disputa del Mundial de Clubes FIFA 2025<\/b>. El monto total de la operaci\u00f3n fue de \u20ac 63,2 millones, equivalentes a USD 72,6 millones, constituy\u00e9ndose como la mayor transferencia en la historia del f\u00fatbol argentino.\u00a0<b>River Plate percibir\u00e1 \u20ac 45 millones netos (USD 51,7 millones)\u201c<\/b>, inform\u00f3 el\u00a0<i>Millonario<\/i>\u00a0en su sitio oficial,\u00a0<a title=\"https:\/\/www.infobae.com\/deportes\/2025\/06\/13\/river-plate-cerro-la-historica-venta-de-franco-mastantuono-la-mas-importante-del-futbol-argentino-el-top-de-transferencias\/\" href=\"https:\/\/www.infobae.com\/deportes\/2025\/06\/13\/river-plate-cerro-la-historica-venta-de-franco-mastantuono-la-mas-importante-del-futbol-argentino-el-top-de-transferencias\/\" target=\"_blank\" rel=\"noopener noreferrer\" data-mrf-link=\"https:\/\/www.infobae.com\/deportes\/2025\/06\/13\/river-plate-cerro-la-historica-venta-de-franco-mastantuono-la-mas-importante-del-futbol-argentino-el-top-de-transferencias\/\">dando detalles de la transferencia r\u00e9cord<\/a>\u00a0y dejando en claro que jugar\u00e1 el Mundial de Clubes para los de N\u00fa\u00f1ez antes de marcharse.<\/p>\n<div class=\"news-module\" data-mrf-recirculation=\"IL_RjJ8XQ94SCCdND4VX9YvyQ\" data-testid=\"text-html\" data-mrf-experience=\"IL_RjJ8XQ94SCCdND4VX9YvyQ\">\n<div class=\"recommended-card__image-container\"><\/div>\n<div class=\"recommended-card__info\"><span class=\"recommended-card__info-interest-you\">Te puede interesar:<\/span><span class=\"recommended-card__info-title\">El video \u00edntimo de Sabrina Rojas antes de irse a dormir: \u201cSin maquillaje y con sue\u00f1o\u201d<\/span><\/p>\n<div class=\"recommended-card__info-button recommended-card__info-button--deportes\"><\/div>\n<\/div>\n<\/div>\n<div class=\"visual__image\"><picture><source srcset=\"https:\/\/www.infobae.com\/resizer\/v2\/MASKSJV45ZA7DETOEAOO6WYCXA.jpg?auth=337fe42054b73bb82a38fc70c3b1b5041ca9d7a997c6901d1e89c975d4175337&amp;smart=true&amp;width=992&amp;height=992&amp;quality=85\" media=\"(min-width: 1000px)\" \/><source srcset=\"https:\/\/www.infobae.com\/resizer\/v2\/MASKSJV45ZA7DETOEAOO6WYCXA.jpg?auth=337fe42054b73bb82a38fc70c3b1b5041ca9d7a997c6901d1e89c975d4175337&amp;smart=true&amp;width=768&amp;height=768&amp;quality=85\" media=\"(min-width: 768px)\" \/><source srcset=\"https:\/\/www.infobae.com\/resizer\/v2\/MASKSJV45ZA7DETOEAOO6WYCXA.jpg?auth=337fe42054b73bb82a38fc70c3b1b5041ca9d7a997c6901d1e89c975d4175337&amp;smart=true&amp;width=577&amp;height=577&amp;quality=85\" media=\"(min-width: 580px)\" \/><source srcset=\"https:\/\/www.infobae.com\/resizer\/v2\/MASKSJV45ZA7DETOEAOO6WYCXA.jpg?auth=337fe42054b73bb82a38fc70c3b1b5041ca9d7a997c6901d1e89c975d4175337&amp;smart=true&amp;width=420&amp;height=420&amp;quality=85\" media=\"(min-width: 350px)\" \/><source srcset=\"https:\/\/www.infobae.com\/resizer\/v2\/MASKSJV45ZA7DETOEAOO6WYCXA.jpg?auth=337fe42054b73bb82a38fc70c3b1b5041ca9d7a997c6901d1e89c975d4175337&amp;smart=true&amp;width=350&amp;height=350&amp;quality=85\" media=\"(min-width: 80px)\" \/><img loading=\"lazy\" decoding=\"async\" class=\"global-image\" src=\"https:\/\/www.infobae.com\/resizer\/v2\/MASKSJV45ZA7DETOEAOO6WYCXA.jpg?auth=337fe42054b73bb82a38fc70c3b1b5041ca9d7a997c6901d1e89c975d4175337&amp;smart=true&amp;width=350&amp;height=350&amp;quality=85\" alt=\"\" width=\"1920\" height=\"1932\" \/><\/picture><\/div>\n<p class=\"paragraph\" data-mrf-recirculation=\"Links inline\">En su anuncio, el conjunto de N\u00fa\u00f1ez tambi\u00e9n aclara que el resto del dinero se dividi\u00f3 de la siguiente manera: \u20ac 11,8 millones (USD 13,6 millones) al fisco espa\u00f1ol, \u20ac 1,4 millones (USD 1,6 millones) a Futbolistas Agremiados, \u20ac 0,9 millones (USD 1 mill\u00f3n) a Fondos Estructurales AFA, \u20ac 3,6 millones (USD 4,1 millones) por el Decreto 510\/2023 y \u20ac 0,5 millones (USD 0,6 millones) por otras tasas.<\/p>\n<div class=\"inline_2_DSK ad-wrapper ad-desktop\">\n<div class=\"dfpAd ad-inline\"><\/div>\n<\/div>\n<p class=\"paragraph\" data-mrf-recirculation=\"Links inline\"><b>\u201cGracias, Franco, por tu entrega y talento. Un orgullo verte crecer en el Club. Te deseamos lo mejor en esta nueva etapa que viene post Mundial de Clubes<\/b>\u201c, a\u00f1adi\u00f3 el club.<\/p>\n<div class=\"news-module\" data-mrf-recirculation=\"IL_wPVu_IE4S76a5Gsl0lX8mA\" data-testid=\"text-html\" data-mrf-experience=\"IL_wPVu_IE4S76a5Gsl0lX8mA\">\n<div class=\"recommended-card__image-container\"><img loading=\"lazy\" decoding=\"async\" class=\"recommended-card__image lazyload\" src=\"https:\/\/www.infobae.com\/resizer\/v2\/EHQUPRVI4BB45FAEYJ3KDKT73Q.jpg?auth=1500b4a490152a17b8e2519e557b7730ed231cd53ad9588af50c1aab967fa452&amp;smart=true&amp;width=256&amp;height=140&amp;quality=85\" sizes=\"auto, (min-width: 800px) 50vw, 90vw\" alt=\"Disputaba su segunda carrera en F\u00f3rmula 1 y se mat\u00f3 delante de su madre: la tragedia de Riccardo Paletti en Canad\u00e1\" width=\"16\" height=\"9\" data-src=\"https:\/\/www.infobae.com\/resizer\/v2\/EHQUPRVI4BB45FAEYJ3KDKT73Q.jpg?auth=1500b4a490152a17b8e2519e557b7730ed231cd53ad9588af50c1aab967fa452&amp;smart=true&amp;width=256&amp;height=140&amp;quality=85\" \/><\/div>\n<div class=\"recommended-card__info\"><span class=\"recommended-card__info-interest-you\">Te puede interesar:<\/span><span class=\"recommended-card__info-title\">Disputaba su segunda carrera en F\u00f3rmula 1 y se mat\u00f3 delante de su madre: la tragedia de Riccardo Paletti en Canad\u00e1<\/span><\/p>\n<div class=\"recommended-card__info-button recommended-card__info-button--deportes\"><\/div>\n<\/div>\n<\/div>\n<div class=\"visual__image\"><picture><source srcset=\"https:\/\/www.infobae.com\/resizer\/v2\/NJED3T3THVA37E7SROTEDHEEDU.jpg?auth=8e429f32452645b0b13b3253e02e43a7769c5cef5923ce68b78da94296a1a758&amp;smart=true&amp;width=992&amp;height=1323&amp;quality=85\" media=\"(min-width: 1000px)\" \/><source srcset=\"https:\/\/www.infobae.com\/resizer\/v2\/NJED3T3THVA37E7SROTEDHEEDU.jpg?auth=8e429f32452645b0b13b3253e02e43a7769c5cef5923ce68b78da94296a1a758&amp;smart=true&amp;width=768&amp;height=1024&amp;quality=85\" media=\"(min-width: 768px)\" \/><source srcset=\"https:\/\/www.infobae.com\/resizer\/v2\/NJED3T3THVA37E7SROTEDHEEDU.jpg?auth=8e429f32452645b0b13b3253e02e43a7769c5cef5923ce68b78da94296a1a758&amp;smart=true&amp;width=577&amp;height=769&amp;quality=85\" media=\"(min-width: 580px)\" \/><source srcset=\"https:\/\/www.infobae.com\/resizer\/v2\/NJED3T3THVA37E7SROTEDHEEDU.jpg?auth=8e429f32452645b0b13b3253e02e43a7769c5cef5923ce68b78da94296a1a758&amp;smart=true&amp;width=420&amp;height=560&amp;quality=85\" media=\"(min-width: 350px)\" \/><source srcset=\"https:\/\/www.infobae.com\/resizer\/v2\/NJED3T3THVA37E7SROTEDHEEDU.jpg?auth=8e429f32452645b0b13b3253e02e43a7769c5cef5923ce68b78da94296a1a758&amp;smart=true&amp;width=350&amp;height=467&amp;quality=85\" media=\"(min-width: 80px)\" \/><img loading=\"lazy\" decoding=\"async\" class=\"global-image\" src=\"https:\/\/www.infobae.com\/resizer\/v2\/NJED3T3THVA37E7SROTEDHEEDU.jpg?auth=8e429f32452645b0b13b3253e02e43a7769c5cef5923ce68b78da94296a1a758&amp;smart=true&amp;width=350&amp;height=467&amp;quality=85\" alt=\"As\u00ed present\u00f3 Real Madrid a\" width=\"1920\" height=\"2376\" \/><\/picture>As\u00ed present\u00f3 Real Madrid a Franco Mastantuono<\/div>\n<p class=\"paragraph\" data-mrf-recirculation=\"Links inline\">El\u00a0<i>Merengue<\/i>, por su parte, no profundiz\u00f3 en cuanto a los n\u00fameros de la operaci\u00f3n a la hora de anunciar la contrataci\u00f3n de la joven joya argentina. \u201c<b>El Real Madrid C. F. comunica que Franco Mastantuono ser\u00e1 jugador de nuestro club durante las pr\u00f3ximas seis temporadas, desde el 14 de agosto de 2025 hasta el 30 de junio de 2031<\/b>. Mastantuono se form\u00f3 en la cantera de River Plate entre 2019 y 2024, y ha formado parte del primer equipo en la pasada temporada 2024-2025. En febrero de 2024, se convirti\u00f3 en el goleador m\u00e1s joven en la historia de River Plate, equipo con el que ha ganado una Supercopa de Argentina. A sus 17 a\u00f1os, tambi\u00e9n es el jugador m\u00e1s joven en jugar un partido oficial con la selecci\u00f3n de Argentina en toda su historia\u201d, inform\u00f3.<\/p>\n<p class=\"paragraph\" data-mrf-recirculation=\"Links inline\">En el desenlace de su traspaso, otro nombre merece un apartado:\u00a0<a title=\"https:\/\/www.infobae.com\/deportes\/2025\/06\/05\/quien-es-juni-calafat-el-hombre-de-confianza-de-florentino-perez-que-real-madrid-envio-para-comprar-a-mastantuono-y-su-rol-en-otros-fichajes-top\/#:~:text=Juni%20Calafat%2C%20de%2052%20a%C3%B1os,representaci%C3%B3n%20y%20luego%20como%20ojeador.\" href=\"https:\/\/www.infobae.com\/deportes\/2025\/06\/05\/quien-es-juni-calafat-el-hombre-de-confianza-de-florentino-perez-que-real-madrid-envio-para-comprar-a-mastantuono-y-su-rol-en-otros-fichajes-top\/#:~:text=Juni%20Calafat%2C%20de%2052%20a%C3%B1os,representaci%C3%B3n%20y%20luego%20como%20ojeador.\" target=\"_blank\" rel=\"noopener noreferrer\" data-mrf-link=\"https:\/\/www.infobae.com\/deportes\/2025\/06\/05\/quien-es-juni-calafat-el-hombre-de-confianza-de-florentino-perez-que-real-madrid-envio-para-comprar-a-mastantuono-y-su-rol-en-otros-fichajes-top\/\">Juni Calafat<\/a>. Para comprender la dimensi\u00f3n de este pase, hay que entender la relevancia que el directivo espa\u00f1ol tiene en la estructura del Real Madrid. Calafat, de 52 a\u00f1os, Chief Scout y Director de F\u00fatbol Internacional, fue el protagonista silencioso detr\u00e1s de los fichajes de Vinicius Jr., Rodrygo, Fede Valverde, Militao, Camavinga, Bellingham y Arda G\u00fcler, entre otros. Su metodolog\u00eda no reside \u00fanicamente en el an\u00e1lisis t\u00e9cnico y el seguimiento de videos, sino en el v\u00ednculo personal, la empat\u00eda con las familias y la capacidad de interpretar el entorno sudamericano mejor que nadie en Europa.<\/p>\n<p class=\"paragraph\" data-mrf-recirculation=\"Links inline\">La intervenci\u00f3n de Calafat fue determinante en la puja con el PSG. Ante la avanzada del club franc\u00e9s, el Real Madrid aceler\u00f3 y envi\u00f3 a Buenos Aires a su principal estratega.\u00a0<b>El espa\u00f1ol tom\u00f3 contacto con el entorno \u00edntimo de Mastantuono, ofreci\u00f3 m\u00e1s que un proyecto deportivo, y teji\u00f3 el mismo lazo de confianza que supo emplear en anteriores operaciones exitosas<\/b>. Su presencia, adem\u00e1s de ser una declaraci\u00f3n de intenciones, inclina hacia el club blanco a casi cualquier talento sudamericano codiciado en el continente.<\/p>\n<p class=\"paragraph\" data-mrf-recirculation=\"Links inline\">Fuentes de la negociaci\u00f3n indican que Juni fue el principal interlocutor en la fase clave de las charlas con el representante Walter Tamer y la familia Mastantuono. Por eso, el joven acord\u00f3 un contrato hasta 2031 con el Real Madrid, en una de las operaciones m\u00e1s resonantes de la historia reciente millonaria.<\/p>\n<div class=\"jwplayer-ctn\">El informe de Franco Mastantuono en Espa\u00f1a<\/div>\n<p class=\"paragraph\" data-mrf-recirculation=\"Links inline\">La historia de Mastantuono es, ante todo, la de un chico que respir\u00f3 deporte desde la cuna.\u00a0<b>Naci\u00f3 el 14 de agosto de 2007 en Azul<\/b>. Cristian, su padre, fue su gu\u00eda en los primeros pasos futboleros en River de Azul, la escuelita donde empez\u00f3 a codearse con la pelota a los tres a\u00f1os, mientras en su casa compart\u00eda juegos y rutinas con su madre Sof\u00eda y sus hermanos Lucila y Valent\u00edn.<\/p>\n<p class=\"paragraph\" data-mrf-recirculation=\"Links inline\">Lo extraordinario de su formaci\u00f3n radica en que su destino parec\u00eda bifurcarse entre dos disciplinas: el f\u00fatbol y el tenis. Durante varios a\u00f1os, Franco dividi\u00f3 sus energ\u00edas entre la gen\u00e9tica de un mediocampista incisivo y los movimientos t\u00e9cnicos de un tenista entre los mejores Sub 12 del pa\u00eds. Sus entrenadores en el club Azul lo recuerdan como un talento innato, con una capacidad poco com\u00fan para resolver situaciones complejas. F\u00edsicamente \u00e1gil, mentalmente predispuesto y con una t\u00e1ctica asombrosa para la edad, Mastantuono parec\u00eda destinado al alto rendimiento sin importar el deporte que eligiera. Ocupaba desde muy chico el top 10 de los juveniles de su categor\u00eda, venci\u00f3 a varios de los mejores proyectos nacionales y dej\u00f3 a los t\u00e9cnicos con la sensaci\u00f3n de que en la raqueta tambi\u00e9n hab\u00eda nacido para estar entre los mejores.<\/p>\n<p class=\"paragraph\" data-mrf-recirculation=\"Links inline\">Eligi\u00f3 el f\u00fatbol finalmente, no porque el tenis lo haya vencido, sino porque su vocaci\u00f3n por la pelota y el c\u00e9sped fue m\u00e1s fuerte. River Plate, a trav\u00e9s de un trabajo paciente de su captador Daniel Brizuela, convenci\u00f3 a la familia con argumentos deportivos e institucionales s\u00f3lidos: \u201cFue una pulseada de dos a\u00f1os con la familia. \u00c9l segu\u00eda destac\u00e1ndose en el tenis y nos dec\u00edan que el f\u00fatbol era un juego, pero cuando lo vimos supimos que ten\u00edamos que traerlo\u201d, rememor\u00f3 el encargado de llev\u00e1rselo a N\u00fa\u00f1ez.<\/p>\n<p class=\"paragraph\" data-mrf-recirculation=\"Links inline\">Su llegada formal a River fue en 2019, a los 12 a\u00f1os, aunque la seducci\u00f3n de los cazatalentos millonarios hab\u00eda comenzado antes. En su debut, en la \u00faltima fecha de una liga local y con apenas un par de entrenamientos en el lomo, jug\u00f3 como si ya llevara a\u00f1os en el club, contribuy\u00f3 al t\u00edtulo del equipo y r\u00e1pidamente convenci\u00f3 a todos.<\/p>\n<div class=\"visual__image\"><picture><source srcset=\"https:\/\/www.infobae.com\/resizer\/v2\/FD5GOQPUAZDH7GP2374EWBQ2JQ.jpg?auth=9127cded5b93db1ebcd091b90f61c696fb31cb3f0fa05f91b5ffac252f5faf8a&amp;smart=true&amp;width=992&amp;height=558&amp;quality=85\" media=\"(min-width: 1000px)\" \/><source srcset=\"https:\/\/www.infobae.com\/resizer\/v2\/FD5GOQPUAZDH7GP2374EWBQ2JQ.jpg?auth=9127cded5b93db1ebcd091b90f61c696fb31cb3f0fa05f91b5ffac252f5faf8a&amp;smart=true&amp;width=768&amp;height=432&amp;quality=85\" media=\"(min-width: 768px)\" \/><source srcset=\"https:\/\/www.infobae.com\/resizer\/v2\/FD5GOQPUAZDH7GP2374EWBQ2JQ.jpg?auth=9127cded5b93db1ebcd091b90f61c696fb31cb3f0fa05f91b5ffac252f5faf8a&amp;smart=true&amp;width=577&amp;height=325&amp;quality=85\" media=\"(min-width: 580px)\" \/><source srcset=\"https:\/\/www.infobae.com\/resizer\/v2\/FD5GOQPUAZDH7GP2374EWBQ2JQ.jpg?auth=9127cded5b93db1ebcd091b90f61c696fb31cb3f0fa05f91b5ffac252f5faf8a&amp;smart=true&amp;width=420&amp;height=236&amp;quality=85\" media=\"(min-width: 350px)\" \/><source srcset=\"https:\/\/www.infobae.com\/resizer\/v2\/FD5GOQPUAZDH7GP2374EWBQ2JQ.jpg?auth=9127cded5b93db1ebcd091b90f61c696fb31cb3f0fa05f91b5ffac252f5faf8a&amp;smart=true&amp;width=350&amp;height=197&amp;quality=85\" media=\"(min-width: 80px)\" \/><img loading=\"lazy\" decoding=\"async\" class=\"global-image\" src=\"https:\/\/www.infobae.com\/resizer\/v2\/FD5GOQPUAZDH7GP2374EWBQ2JQ.jpg?auth=9127cded5b93db1ebcd091b90f61c696fb31cb3f0fa05f91b5ffac252f5faf8a&amp;smart=true&amp;width=350&amp;height=197&amp;quality=85\" alt=\"Franco Mastantuono brill\u00f3 desde sus\" width=\"1920\" height=\"1080\" \/><\/picture>Franco Mastantuono brill\u00f3 desde sus inicios con la camiseta de River Plate<\/div>\n<p class=\"paragraph\" data-mrf-recirculation=\"Links inline\">Pocos futbolistas en la historia reciente del f\u00fatbol argentino irrumpieron con tanta naturalidad en todas las categor\u00edas como Mastantuono. Inicialmente, la zurda exquisita sobresali\u00f3 en la S\u00e9ptima y la Octava Divisi\u00f3n, donde no solo fue goleador sino capit\u00e1n y l\u00edder del grupo. Su eventual salto a las Juveniles nacionales lleg\u00f3 r\u00e1pido: convocado a la Sub 17 y hasta fue llamado por Javier Mascherano a la Sub 20 a los 15 a\u00f1os.<\/p>\n<p class=\"paragraph\" data-mrf-recirculation=\"Links inline\">Ya en el club de N\u00fa\u00f1ez, t\u00e9cnicos como Mart\u00edn Pellegrino y Pablo Fern\u00e1ndez coincidieron en cuestiones clave:\u00a0<a title=\"https:\/\/www.infobae.com\/deportes\/2023\/08\/23\/quien-es-franco-mastantuono-la-joya-que-river-plate-blindo-por-una-impactante-cifra-y-esta-en-la-mira-de-demichelis-y-mascherano\/\" href=\"https:\/\/www.infobae.com\/deportes\/2023\/08\/23\/quien-es-franco-mastantuono-la-joya-que-river-plate-blindo-por-una-impactante-cifra-y-esta-en-la-mira-de-demichelis-y-mascherano\/\" target=\"_blank\" rel=\"noopener noreferrer\" data-mrf-link=\"https:\/\/www.infobae.com\/deportes\/2023\/08\/23\/quien-es-franco-mastantuono-la-joya-que-river-plate-blindo-por-una-impactante-cifra-y-esta-en-la-mira-de-demichelis-y-mascherano\/\">Franco re\u00fane atributos t\u00e9cnicos superlativos y una mentalidad de competencia fuera de lo usual<\/a>. Describe Pellegrino: \u201cEs muy vertical, determinante en el uno contra uno, con una pegada formidable; de los que no ves todos los d\u00edas. Hace rato que no ve\u00eda a alguien golpear la pelota as\u00ed\u201d. Fern\u00e1ndez, por su parte, le sum\u00f3: \u201cEs l\u00edder natural, tranquilo, pero de gran personalidad. Y tiene recursos para llegar al gol de todas las formas: pelota parada, media distancia, cabeza\u201d.<\/p>\n<p class=\"paragraph\" data-mrf-recirculation=\"Links inline\">La racha de r\u00e9cords, en consecuencia, se dio de manera natural.<b>\u00a0El 28 de enero de 2024 debut\u00f3 en Primera frente a Argentinos Juniors, con solo 16 a\u00f1os, 5 meses y 14 d\u00edas, tercero m\u00e1s joven<\/b>\u00a0en estrenarse en el club despu\u00e9s de Mateo Mussachio y Tom\u00e1s Rossi. Apenas un par de semanas despu\u00e9s,\u00a0<b>marc\u00f3 de zurda un gol ante Excursionistas y se convirti\u00f3 en el goleador m\u00e1s joven de la historia de River<\/b>. Luego, su sello ganador se desparram\u00f3 por todo Sudam\u00e9rica: en abril de ese a\u00f1o anot\u00f3 en su primer partido de Copa Libertadores en Asunci\u00f3n, transform\u00e1ndose en el m\u00e1s joven en lograrlo con la camiseta millonaria. Y la obra cumbre: su gol de tiro libre a Boca en el \u00faltimo Supercl\u00e1sico, que le dio a River una victoria memorable y a \u00e9l el privilegio de ser tambi\u00e9n el m\u00e1s joven con la banda roja en anotar en ese partido con apenas 17 a\u00f1os, 8 meses y 13 d\u00edas.<\/p>\n<div class=\"undefined ad-wrapper\">\n<div class=\"dfpAd \">\n<div id=\"infobae\/deportes\/nota\/undefined\" class=\"infobae\/deportes\/nota\/undefined arcad\"><\/div>\n<\/div>\n<\/div>\n<p class=\"paragraph\" data-mrf-recirculation=\"Links inline\">Mientras tanto, en Selecci\u00f3n Argentina, la estad\u00edstica y la historia se rindieron a sus pies.\u00a0<b>Scaloni lo cit\u00f3 a la Mayor y\u00a0<\/b><a title=\"https:\/\/www.infobae.com\/deportes\/2025\/06\/06\/a-los-17-anos-mastantuono-debuto-en-la-seleccion-argentina-y-logro-un-record-historico\/\" href=\"https:\/\/www.infobae.com\/deportes\/2025\/06\/06\/a-los-17-anos-mastantuono-debuto-en-la-seleccion-argentina-y-logro-un-record-historico\/\" target=\"_blank\" rel=\"noopener noreferrer\" data-mrf-link=\"https:\/\/www.infobae.com\/deportes\/2025\/06\/06\/a-los-17-anos-mastantuono-debuto-en-la-seleccion-argentina-y-logro-un-record-historico\/\"><b>lo hizo debutar en un partido oficial a los 17 a\u00f1os<\/b><\/a><b>, 9 meses y 22 d\u00edas, quedando como el debutante m\u00e1s joven de la historia<\/b>\u00a0en ese contexto, superando r\u00e9cords previos de Alejandro Garnacho y Facundo Buonanotte.<\/p>\n<\/div>\n<\/article>\n","protected":false},"excerpt":{"rendered":"<p>El Merengue finalmente se qued\u00f3 con la joya argentina que buscaban los principales clubes de Europa PorJuan Franco Gagliardi 13 Jun, 2025 10:17 a.m. AR Guardar River Plate acord\u00f3 la venta de Franco Mastantuono al Real Madrid (REUTERS\/Agustin Marcarian) La novela finalmente termin\u00f3. Una promesa de\u00a0River Plate, que rompe r\u00e9cords y llama la atenci\u00f3n de [&hellip;]<\/p>\n","protected":false},"author":2,"featured_media":24004,"comment_status":"closed","ping_status":"closed","sticky":false,"template":"","format":"standard","meta":{"footnotes":""},"categories":[78],"tags":[],"class_list":{"0":"post-24003","1":"post","2":"type-post","3":"status-publish","4":"format-standard","5":"has-post-thumbnail","7":"category-deportes"},"_links":{"self":[{"href":"https:\/\/radiobitacora.com.ar\/web\/wp-json\/wp\/v2\/posts\/24003","targetHints":{"allow":["GET"]}}],"collection":[{"href":"https:\/\/radiobitacora.com.ar\/web\/wp-json\/wp\/v2\/posts"}],"about":[{"href":"https:\/\/radiobitacora.com.ar\/web\/wp-json\/wp\/v2\/types\/post"}],"author":[{"embeddable":true,"href":"https:\/\/radiobitacora.com.ar\/web\/wp-json\/wp\/v2\/users\/2"}],"replies":[{"embeddable":true,"href":"https:\/\/radiobitacora.com.ar\/web\/wp-json\/wp\/v2\/comments?post=24003"}],"version-history":[{"count":0,"href":"https:\/\/radiobitacora.com.ar\/web\/wp-json\/wp\/v2\/posts\/24003\/revisions"}],"wp:featuredmedia":[{"embeddable":true,"href":"https:\/\/radiobitacora.com.ar\/web\/wp-json\/wp\/v2\/media\/24004"}],"wp:attachment":[{"href":"https:\/\/radiobitacora.com.ar\/web\/wp-json\/wp\/v2\/media?parent=24003"}],"wp:term":[{"taxonomy":"category","embeddable":true,"href":"https:\/\/radiobitacora.com.ar\/web\/wp-json\/wp\/v2\/categories?post=24003"},{"taxonomy":"post_tag","embeddable":true,"href":"https:\/\/radiobitacora.com.ar\/web\/wp-json\/wp\/v2\/tags?post=24003"}],"curies":[{"name":"wp","href":"https:\/\/api.w.org\/{rel}","templated":true}]}}