{"id":24015,"date":"2025-06-14T20:32:22","date_gmt":"2025-06-14T23:32:22","guid":{"rendered":"https:\/\/radiobitacora.com.ar\/web\/?p=24015"},"modified":"2025-06-14T20:32:37","modified_gmt":"2025-06-14T23:32:37","slug":"guerra-entre-israel-e-iran-otra-oleada-de-misiles-contra-jerusalen-y-haifa-deja-tres-muertos","status":"publish","type":"post","link":"https:\/\/radiobitacora.com.ar\/web\/2025\/06\/14\/guerra-entre-israel-e-iran-otra-oleada-de-misiles-contra-jerusalen-y-haifa-deja-tres-muertos\/","title":{"rendered":"GUERRA ENTRE ISRAEL E IR\u00c1N ,OTRA OLEADA DE MISILES CONTRA JERUSAL\u00c9N Y HAIFA DEJA TRES MUERTOS"},"content":{"rendered":"<div class=\"sc-45461e9c-0 eqiBeF container-text text-embed \">\n<p>Despu\u00e9s de la contraofensiva de Israel que dej\u00f3 al menos 60 muertos, Ir\u00e1n lanz\u00f3 una nueva\u00a0<strong>oleada de misiles contra Jerusal\u00e9n y Haifa<\/strong>\u00a0este s\u00e1bado a la noche. El ataque dej\u00f3 al menos tres muertos. Segu\u00ed todas las novedades sobre el conflicto entre Israel e Ir\u00e1n en la cobertura minuto a minuto de\u00a0<strong>Clar\u00edn<\/strong>.<\/p>\n<\/div>\n<div class=\"sc-53284b2b-0 fMdxuw threads\">\n<div class=\"rating-bkg\">\n<div class=\"timeBlogUpdate\">S\u00e1b. 14.06.2025-20:25<\/div>\n<div class=\"sc-45461e9c-0 eqiBeF container-text text-embed \">\n<h2>Uno de los ataques israel\u00edes impact\u00f3 en el Ministerio de Defensa iran\u00ed<\/h2>\n<\/div>\n<div class=\"sc-45461e9c-0 eqiBeF container-text text-embed \">\n<p>La agencia de noticias iran\u00ed\u00a0<em>Tasnim\u00a0<\/em>inform\u00f3 que un ataque israel\u00ed tuvo como objetivo la sede del Ministerio de Defensa del pa\u00eds en Teher\u00e1n y da\u00f1\u00f3 uno de sus edificios, inform\u00f3\u00a0<em>AFP<\/em>.<\/p>\n<\/div>\n<div class=\"sc-45461e9c-0 eqiBeF container-text text-embed \">\n<p>En &#8220;un ataque perpetrado esta noche en Teher\u00e1n por la aviaci\u00f3n del r\u00e9gimen sionista, la sede del ministerio de Defensa fue blanco de un ataque. Uno de los edificios de la sede sufri\u00f3 da\u00f1os leves&#8221;, afirma la agencia. El ministerio iran\u00ed de Defensa no hizo comentarios.<\/p>\n<\/div>\n<\/div>\n<\/div>\n<div class=\"sc-53284b2b-0 fMdxuw threads\">\n<div class=\"rating-bkg\">\n<div class=\"sc-45461e9c-0 eqiBeF container-text text-embed \">\n<h2>Israel no descarta al Ayatol\u00e1 Jamenei como objetivo, le dijo un oficial al Wall Street Journal<\/h2>\n<\/div>\n<div class=\"sc-45461e9c-0 eqiBeF container-text text-embed \">\n<p>El\u00a0<strong>l\u00edder supremo de Ir\u00e1n, Al\u00ed Jamenei<\/strong>, &#8220;no est\u00e1 fuera de los l\u00edmites&#8221; de los objetivos de Israel, mientras el pa\u00eds continua su ofensiva sobre Ir\u00e1n, le dijo un funcionario israel\u00ed al\u00a0<em>Wall Street Journal<\/em>.<\/p>\n<\/div>\n<div class=\"sc-45461e9c-0 eqiBeF container-text text-embed \">\n<p>El oficial dijo que Israel no descarta ning\u00fan objetivo potencial para destruir el programa nuclear de Ir\u00e1n, incluido Jamenei.<\/p>\n<\/div>\n<div class=\"sc-98b114a2-0 bkqiHH image-embed image-embed \"><picture class=\"sc-98b114a2-1 jRUlDm\"><source srcset=\"https:\/\/www.clarin.com\/img\/2024\/10\/03\/uxDkYJ9m5_720x0__1.jpg\" media=\"(min-width: 975px)\" \/><img loading=\"lazy\" decoding=\"async\" src=\"https:\/\/www.clarin.com\/img\/2024\/10\/03\/uxDkYJ9m5_720x0__1.jpg\" alt=\"El L\u00edder Supremo de Ir\u00e1n, Ayatol\u00e1 Al\u00ed Jamenei. Foto: EFE\/ oficina del L\u00edder Supremo. \" width=\"720\" height=\"480\" data-nimg=\"1\" data-readystate=\"complete\" \/><\/picture><span class=\"epigraphe\">El L\u00edder Supremo de Ir\u00e1n, Ayatol\u00e1 Al\u00ed Jamenei. Foto: EFE\/ oficina del L\u00edder Supremo.<\/span><\/div>\n<div class=\"sc-21d6e8b1-0 iyySuN SocialMedia SocialMedia\">\n<ul class=\"socialContainer\">\n<li>\n<div><\/div>\n<\/li>\n<li>\n<div><\/div>\n<\/li>\n<li>\n<div><\/div>\n<\/li>\n<li>\n<div><\/div>\n<\/li>\n<\/ul>\n<\/div>\n<\/div>\n<\/div>\n<div class=\"sc-53284b2b-0 fMdxuw threads\">\n<div class=\"rating-bkg\">\n<div class=\"timeBlogUpdate\">S\u00e1b. 14.06.2025-19:51<\/div>\n<div class=\"sc-45461e9c-0 eqiBeF container-text text-embed \">\n<h2>As\u00ed qued\u00f3 el edificio en Tamra que fue impactado por un misil iran\u00ed<\/h2>\n<\/div>\n<div class=\"sc-98b114a2-0 bkqiHH image-embed image-embed \"><picture class=\"sc-98b114a2-1 jRUlDm\"><source srcset=\"https:\/\/www.clarin.com\/img\/2025\/06\/14\/0n-z7Zso2_720x0__1.jpg\" media=\"(min-width: 975px)\" \/><img loading=\"lazy\" decoding=\"async\" src=\"https:\/\/www.clarin.com\/img\/2025\/06\/14\/0n-z7Zso2_720x0__1.jpg\" alt=\"Edificio atacado en Tamra, (Galilea Occidental), en el que han muerto tres personas por el impacto de un misil iran\u00ed. Foto: EFE\/ Bomberos de Israel.\" width=\"720\" height=\"480\" data-nimg=\"1\" data-readystate=\"complete\" \/><\/picture><span class=\"epigraphe\">Edificio atacado en Tamra, (Galilea Occidental), en el que han muerto tres personas por el impacto de un misil iran\u00ed. Foto: EFE\/ Bomberos de Israel.<\/span><\/div>\n<div class=\"sc-45461e9c-0 eqiBeF container-text text-embed \"><\/div>\n<\/div>\n<\/div>\n","protected":false},"excerpt":{"rendered":"<p>Despu\u00e9s de la contraofensiva de Israel que dej\u00f3 al menos 60 muertos, Ir\u00e1n lanz\u00f3 una nueva\u00a0oleada de misiles contra Jerusal\u00e9n y Haifa\u00a0este s\u00e1bado a la noche. El ataque dej\u00f3 al menos tres muertos. Segu\u00ed todas las novedades sobre el conflicto entre Israel e Ir\u00e1n en la cobertura minuto a minuto de\u00a0Clar\u00edn. S\u00e1b. 14.06.2025-20:25 Uno de [&hellip;]<\/p>\n","protected":false},"author":2,"featured_media":24016,"comment_status":"closed","ping_status":"closed","sticky":false,"template":"","format":"standard","meta":{"footnotes":""},"categories":[80],"tags":[],"class_list":{"0":"post-24015","1":"post","2":"type-post","3":"status-publish","4":"format-standard","5":"has-post-thumbnail","7":"category-internacionales"},"_links":{"self":[{"href":"https:\/\/radiobitacora.com.ar\/web\/wp-json\/wp\/v2\/posts\/24015","targetHints":{"allow":["GET"]}}],"collection":[{"href":"https:\/\/radiobitacora.com.ar\/web\/wp-json\/wp\/v2\/posts"}],"about":[{"href":"https:\/\/radiobitacora.com.ar\/web\/wp-json\/wp\/v2\/types\/post"}],"author":[{"embeddable":true,"href":"https:\/\/radiobitacora.com.ar\/web\/wp-json\/wp\/v2\/users\/2"}],"replies":[{"embeddable":true,"href":"https:\/\/radiobitacora.com.ar\/web\/wp-json\/wp\/v2\/comments?post=24015"}],"version-history":[{"count":0,"href":"https:\/\/radiobitacora.com.ar\/web\/wp-json\/wp\/v2\/posts\/24015\/revisions"}],"wp:featuredmedia":[{"embeddable":true,"href":"https:\/\/radiobitacora.com.ar\/web\/wp-json\/wp\/v2\/media\/24016"}],"wp:attachment":[{"href":"https:\/\/radiobitacora.com.ar\/web\/wp-json\/wp\/v2\/media?parent=24015"}],"wp:term":[{"taxonomy":"category","embeddable":true,"href":"https:\/\/radiobitacora.com.ar\/web\/wp-json\/wp\/v2\/categories?post=24015"},{"taxonomy":"post_tag","embeddable":true,"href":"https:\/\/radiobitacora.com.ar\/web\/wp-json\/wp\/v2\/tags?post=24015"}],"curies":[{"name":"wp","href":"https:\/\/api.w.org\/{rel}","templated":true}]}}