{"id":24026,"date":"2025-06-15T18:25:04","date_gmt":"2025-06-15T21:25:04","guid":{"rendered":"https:\/\/radiobitacora.com.ar\/web\/?p=24026"},"modified":"2025-06-15T18:25:04","modified_gmt":"2025-06-15T21:25:04","slug":"franco-colapinto-se-quejo-del-plan-que-implemento-alpine-en-el-gp-de-canada-estrategia-equivocada","status":"publish","type":"post","link":"https:\/\/radiobitacora.com.ar\/web\/2025\/06\/15\/franco-colapinto-se-quejo-del-plan-que-implemento-alpine-en-el-gp-de-canada-estrategia-equivocada\/","title":{"rendered":"FRANCO COLAPINTO SE QUEJ\u00d3 DEL PLAN QUE IMPLEMENT\u00d3 ALPINE EN EL GP DE CANAD\u00c1: \u201cESTRATEGIA EQUIVOCADA\u201d"},"content":{"rendered":"<h2 class=\"article__dropline font__body\"><span style=\"font-size: 12pt;\">El piloto argentino termin\u00f3 en el puesto 13\u00b0 de la carrera, luego de haber mostrado muy buen ritmo en la clasificaci\u00f3n del s\u00e1bado.<\/span><\/h2>\n<div class=\"article__header article__story article__article\">\n<div class=\"article__head\">\n<div class=\"genoa_video relative\">\n<div class=\"genoa-player-container\" data-testid=\"genoa-testid\">\n<div class=\"aspect_ratio__container\">\n<div class=\"genoa-embed-content-1771606\">\n<div class=\"videojs\">\n<div class=\"video-inner-container\">\n<div id=\"content-1771606\" class=\"video-js vjs-big-play-centered vjs-fluid content-1771606-dimensions vjs-controls-enabled vjs-workinghover vjs-v7 vjs-playing vjs-has-started vjs-user-inactive\" lang=\"es\" tabindex=\"-1\" role=\"region\" translate=\"no\" aria-label=\"Video Player\">\n<div class=\"vjs-text-track-display\" translate=\"yes\" aria-live=\"off\" aria-atomic=\"true\">\n<div><\/div>\n<\/div>\n<\/div>\n<\/div>\n<\/div>\n<\/div>\n<\/div>\n<\/div>\n<\/div>\n<\/div>\n<\/div>\n<div class=\"default-article-color article__body article__article\">\n<p class=\"paragraph font__body-regular\"><span style=\"font-size: 12pt;\"><a title=\"https:\/\/tn.com.ar\/deportes\/automovilismo\/2025\/06\/15\/colapinto-hizo-su-mejor-clasificacion-desde-que-volvio-a-la-f1-y-saldra-10-en-el-gp-de-canada\/\" href=\"https:\/\/tn.com.ar\/deportes\/automovilismo\/2025\/06\/15\/colapinto-hizo-su-mejor-clasificacion-desde-que-volvio-a-la-f1-y-saldra-10-en-el-gp-de-canada\/\" target=\"_blank\" rel=\"noopener noreferrer\"><b>Franco Colapinto<\/b><\/a>\u00a0<b>se quej\u00f3 de la estrategia que implement\u00f3 Alpine<\/b>\u00a0en el Gran Premio de Canad\u00e1 de este domingo. El piloto argentino\u00a0<b>termin\u00f3 en el puesto 13\u00b0<\/b>, luego de haber largado desde la d\u00e9cima posici\u00f3n por el buen ritmo que hab\u00eda tenido su auto durante la clasificaci\u00f3n del s\u00e1bado.<\/span><\/p>\n<p class=\"paragraph font__body-regular\"><span style=\"font-size: 12pt;\"><i><b>Le\u00e9 tambi\u00e9n:\u00a0<\/b><\/i><a title=\"https:\/\/tn.com.ar\/deportes\/automovilismo\/2025\/06\/15\/el-gesto-de-pierre-gasly-con-franco-colapinto-en-el-gp-de-canada-por-pedido-de-los-jefes-de-alpine\/\" href=\"https:\/\/tn.com.ar\/deportes\/automovilismo\/2025\/06\/15\/el-gesto-de-pierre-gasly-con-franco-colapinto-en-el-gp-de-canada-por-pedido-de-los-jefes-de-alpine\/\" target=\"_blank\" rel=\"noopener noreferrer\"><i><b>El gesto de Pierre Gasly con Franco Colapinto en el GP de Canad\u00e1 por pedido de los jefes de Alpine<\/b><\/i><\/a><\/span><\/p>\n<p class=\"paragraph font__body-regular\"><span style=\"font-size: 12pt;\">No fue un buen fin de semana para Alpine ya que su otro piloto, el franc\u00e9s Pierre Gasly, lleg\u00f3 en la 15\u00b0 posici\u00f3n.<\/span><\/p>\n<p class=\"paragraph font__body-regular\"><span style=\"font-size: 12pt;\">Al terminar la carrera, Colapinto hizo p\u00fablica su molestia con el plan implementado por Alpine. \u201cEstuvimos en la estrategia equivocada\u201d, se\u00f1al\u00f3, con gesto de decepci\u00f3n.<\/span><\/p>\n<p class=\"paragraph font__body-regular\"><span style=\"font-size: 12pt;\">El piloto argentino par\u00f3 en boxes y<b>\u00a0cambi\u00f3 de manera prematura sus neum\u00e1ticos<\/b>, algo que lo fue complicando con el correr de las vueltas y que le impidi\u00f3 mantener un ritmo parejo e intenso hacia el final de la competencia.<\/span><\/p>\n<figure class=\"\" data-testid=\"figure-testid\"><figcaption class=\"caption_image\" data-testid=\"figcaption-testid\">\n<div class=\"image_caption \"><span style=\"font-size: 12pt;\">Franco Colapinto termin\u00f3 13\u00b0 en el GP de Canad\u00e1 (Foto: Reuters)<\/span><\/div>\n<\/figcaption><\/figure>\n<p class=\"paragraph font__body-regular\"><span style=\"font-size: 12pt;\">El pr\u00f3ximo desaf\u00edo para Colapinto ser\u00e1 dentro de dos semanas, cuando la competencia de la F\u00f3rmula 1 se reanude con el\u00a0<b>Gran Premio de Austria.<\/b><\/span><\/p>\n<h2 class=\"font--primary font__display\"><span style=\"font-size: 12pt;\">Las declaraciones m\u00e1s destacadas de Franco Colapinto tras el GP de Canad\u00e1<\/span><\/h2>\n<ul class=\"ul__list list\">\n<li class=\"list__item\"><span style=\"font-size: 12pt;\">\u201c<b>Estuvimos en la estrategia equivocada,<\/b>\u00a0no se pod\u00eda pasar en la recta, una pena\u201d<\/span><\/li>\n<li class=\"list__item\"><span style=\"font-size: 12pt;\">\u201cTeniamos un buen auto para hoy en aire limpio, pero no en aire sucio\u201d<\/span><\/li>\n<li class=\"list__item\"><span style=\"font-size: 12pt;\">\u201cNo fue el dominmgo que esper\u00e1bamos\u201d<\/span><\/li>\n<li class=\"list__item\"><span style=\"font-size: 12pt;\">\u201cAhora hay que enfocarse en lo que viene y a sacar todo lo bueno de este fin de semana\u201d.<\/span><\/li>\n<li class=\"list__item\"><span style=\"font-size: 12pt;\">\u201cEstamos muy vulnerables en las rectas. Este fin de semana dimos un pasito, y hay que mantener eso y mirar para adelante\u201d<\/span><\/li>\n<li class=\"list__item\"><span style=\"font-size: 12pt;\">\u201cFue una mala estrategia y eso me hizo quedar afuera de los puntos\u201d<\/span><\/li>\n<li class=\"list__item\"><span style=\"font-size: 12pt;\">\u201cLa jugada t\u00e1ctica de los de adelante nos mat\u00f3\u201d<i><b>.<\/b><\/i><\/span><\/li>\n<\/ul>\n<\/div>\n","protected":false},"excerpt":{"rendered":"<p>El piloto argentino termin\u00f3 en el puesto 13\u00b0 de la carrera, luego de haber mostrado muy buen ritmo en la clasificaci\u00f3n del s\u00e1bado. Franco Colapinto\u00a0se quej\u00f3 de la estrategia que implement\u00f3 Alpine\u00a0en el Gran Premio de Canad\u00e1 de este domingo. El piloto argentino\u00a0termin\u00f3 en el puesto 13\u00b0, luego de haber largado desde la d\u00e9cima posici\u00f3n [&hellip;]<\/p>\n","protected":false},"author":2,"featured_media":24027,"comment_status":"closed","ping_status":"closed","sticky":false,"template":"","format":"standard","meta":{"footnotes":""},"categories":[78],"tags":[],"class_list":{"0":"post-24026","1":"post","2":"type-post","3":"status-publish","4":"format-standard","5":"has-post-thumbnail","7":"category-deportes"},"_links":{"self":[{"href":"https:\/\/radiobitacora.com.ar\/web\/wp-json\/wp\/v2\/posts\/24026","targetHints":{"allow":["GET"]}}],"collection":[{"href":"https:\/\/radiobitacora.com.ar\/web\/wp-json\/wp\/v2\/posts"}],"about":[{"href":"https:\/\/radiobitacora.com.ar\/web\/wp-json\/wp\/v2\/types\/post"}],"author":[{"embeddable":true,"href":"https:\/\/radiobitacora.com.ar\/web\/wp-json\/wp\/v2\/users\/2"}],"replies":[{"embeddable":true,"href":"https:\/\/radiobitacora.com.ar\/web\/wp-json\/wp\/v2\/comments?post=24026"}],"version-history":[{"count":0,"href":"https:\/\/radiobitacora.com.ar\/web\/wp-json\/wp\/v2\/posts\/24026\/revisions"}],"wp:featuredmedia":[{"embeddable":true,"href":"https:\/\/radiobitacora.com.ar\/web\/wp-json\/wp\/v2\/media\/24027"}],"wp:attachment":[{"href":"https:\/\/radiobitacora.com.ar\/web\/wp-json\/wp\/v2\/media?parent=24026"}],"wp:term":[{"taxonomy":"category","embeddable":true,"href":"https:\/\/radiobitacora.com.ar\/web\/wp-json\/wp\/v2\/categories?post=24026"},{"taxonomy":"post_tag","embeddable":true,"href":"https:\/\/radiobitacora.com.ar\/web\/wp-json\/wp\/v2\/tags?post=24026"}],"curies":[{"name":"wp","href":"https:\/\/api.w.org\/{rel}","templated":true}]}}