{"id":24052,"date":"2025-06-15T19:52:47","date_gmt":"2025-06-15T22:52:47","guid":{"rendered":"https:\/\/radiobitacora.com.ar\/web\/?p=24052"},"modified":"2025-06-15T19:53:18","modified_gmt":"2025-06-15T22:53:18","slug":"feriado-el-17-de-junio-en-argentina-que-se-celebra","status":"publish","type":"post","link":"https:\/\/radiobitacora.com.ar\/web\/2025\/06\/15\/feriado-el-17-de-junio-en-argentina-que-se-celebra\/","title":{"rendered":"FERIADO EL 17 DE JUNIO EN ARGENTINA: \u00bfQU\u00c9 SE CELEBRA?"},"content":{"rendered":"<h2 class=\"h3 ff-20px-w400\"><span style=\"font-size: 10pt;\">El pr\u00f3ximo lunes se cumple un nuevo aniversario de la muerte de una de las figuras claves del proceso de Independencia.\u00a0<\/span><\/h2>\n<p><span style=\"font-size: 10pt;\">Este lunes\u00a0<b>17 de junio<\/b>\u00a0ser\u00e1\u00a0<b><a href=\"https:\/\/www.pagina12.com.ar\/553389-cuando-es-el-proximo-feriado-y-por-que-es-un-fin-de-semana-l\">feriado nacional<\/a>.\u00a0<\/b>Ese d\u00eda, como sucede desde 2016,<b>\u00a0se conmemorar\u00e1 el<\/b>\u00a0<b>Paso a la inmortalidad del General Don Mart\u00edn Miguel de G\u00fcemes<\/b>, quien falleci\u00f3 ese mismo d\u00eda pero de 1821 en un combate durante la Guerra de la Independencia. A ra\u00edz de este feriado, habr\u00e1 un fin de semana largo de tres d\u00edas.<\/span><\/p>\n<ul>\n<li><span style=\"font-size: 10pt;\"><a href=\"https:\/\/www.pagina12.com.ar\/538218-fin-de-semana-largo-cuando-es-el-proximo-feriado-puente\">Feriados 2023: \u00bfCu\u00e1ndo es el pr\u00f3ximo fin de semana largo?<\/a><\/span><\/li>\n<\/ul>\n<div id=\"talkFireEvent\"><\/div>\n<p><span style=\"font-size: 10pt;\">El\u00a0<b>caudillo y l\u00edder popular salte\u00f1o<\/b>\u00a0cumpli\u00f3 un rol fundamental tanto en las guerras civiles como en la Guerra Gaucha\u00a0<b>para mantener al territorio argentino libre de invasiones realistas<\/b>.<\/span><\/p>\n<div class=\"teads-adCall\"><\/div>\n<p><span style=\"font-size: 10pt;\">Por su relevancia hist\u00f3rica, pol\u00edtica y cultural, el Congreso sancion\u00f3 una ley para recordar el d\u00eda de la muerte del general salte\u00f1o como una<b>\u00a0fecha patria<\/b>. En este sentido, en el Bolet\u00edn Oficial se anunci\u00f3 siete a\u00f1os atr\u00e1s la modificaci\u00f3n del decreto 1.584\/2010, que incorpora &#8220;como feriado nacional y d\u00eda no laborable en todo el territorio de la Naci\u00f3n el 17 de junio de cada a\u00f1o, en conmemoraci\u00f3n al paso a la inmortalidad del General Don Mart\u00edn Miguel de G\u00fcemes\u201d.<\/span><\/p>\n<p><span style=\"font-size: 10pt;\">Este 2024,\u00a0<b>el 17 de junio cae un lunes\u00a0<\/b>y ser\u00e1\u00a0<b>el \u00faltimo d\u00eda de un fin de semana largo de tres d\u00edas<\/b>.\u00a0<\/span><\/p>\n<h2><span style=\"font-size: 10pt;\">Qui\u00e9n fue Mart\u00edn Miguel de G\u00fcemes<\/span><\/h2>\n<p><span style=\"font-size: 10pt;\">Mart\u00edn Miguel de G\u00fcemes<b>\u00a0<\/b>fue un\u00a0<b>militar<\/b>,\u00a0<b>pol\u00edtico y pr\u00f3cer argentino<\/b>\u00a0que luch\u00f3 en el Norte por la independencia de la Argentina.\u00a0<b>Naci\u00f3 en Salta el 8 de febrero de 1785<\/b>. Sus padres eran Gabriel de G\u00fcemes Montero, nacido en Santander, Espa\u00f1a, y Mar\u00eda Magdalena de Goyechea y La Corte, juje\u00f1a.\u00a0<\/span><\/p>\n<p><span style=\"font-size: 10pt;\">Realiz\u00f3 sus estudios en la misma ciudad que lo vio crecer, y continu\u00f3 con su educaci\u00f3n superior desde su casa, junto a sus hermanos, por medio de educadores pagados por su padre.<\/span><\/p>\n<div class=\"slot-available\"><\/div>\n<p><span style=\"font-size: 10pt;\">A inicios de 1799,\u00a0<b>con tan solo 14 a\u00f1os<\/b>,\u00a0<b>se incorpor\u00f3 como cadete de la s\u00e9ptima Compa\u00f1\u00eda de III Batall\u00f3n del Regimiento de Infanter\u00eda de Buenos Aires<\/b>, que ten\u00eda su asiento en la Ciudad de Salta.\u00a0<b>En 1806\u00a0fue enviado con su regimiento a Buenos Aires por motivo de las invasiones inglesas<\/b>, y actu\u00f3 en la defensa.\u00a0Seg\u00fan algunos historiadores en esta ocasi\u00f3n, G\u00fcemes se desempe\u00f1\u00f3 como ayudante de Liniers.<\/span><\/p>\n<p><span style=\"font-size: 10pt;\">Tambi\u00e9n particip\u00f3 en la\u00a0<b>Guerra de la Independencia y en las Guerras Civiles<\/b>.\u00a0<b>Fue gobernador de Salta durante seis a\u00f1os<\/b>\u00a0<b>y lider\u00f3 la llamada Guerra Gaucha<\/b>, defendiendo al pa\u00eds de las invasiones realistas.<\/span><\/p>\n<p><span style=\"font-size: 10pt;\">Su actuaci\u00f3n fue importante, ya que\u00a0<b>sin su resistencia<\/b>,<b>\u00a0no hubiera sido posible defender el norte del pa\u00eds despu\u00e9s de tres derrotas<\/b>,\u00a0<b>ni hubieran sido posibles las campa\u00f1as de San Mart\u00edn<\/b>. Bajo su mando, las ciudades de Salta y Jujuy y su campa\u00f1a defendieron al resto de la Argentina sin ayuda exterior.<\/span><\/p>\n<div class=\"slot-available\"><\/div>\n<p><span style=\"font-size: 10pt;\">En la noche del 6 al 7 de junio de 1821,\u00a0<b>una columna realista guiada por un traidor sorprendi\u00f3 en Salta a G\u00fcemes<\/b>,\u00a0<b>hiri\u00e9ndolo de gravedad<\/b>\u00a0y provocando su penosa hu\u00edda hasta Ca\u00f1ada de la Horqueta, donde\u00a0<b>mueri\u00f3 diez d\u00edas m\u00e1s tarde<\/b>. G\u00fcemes falleci\u00f3 en un catre a la intemperie cuando ten\u00eda 36 a\u00f1os. Es el \u00fanico General que muri\u00f3 por heridas recibidas en combate durante la guerra independentista.<\/span><\/p>\n<p><span style=\"font-size: 10pt;\">&#8220;Voy a dejarlos, pero me voy tranquilo, porque<b>\u00a0s\u00e9 que tras de m\u00ed quedan ustedes, que sabr\u00e1n defender la patria con el valor del que han dado pruebas<\/b>\u201d fueron unas de sus \u00faltimas palabras antes de fallecer el 17 de junio 1821.<\/span><\/p>\n","protected":false},"excerpt":{"rendered":"<p>El pr\u00f3ximo lunes se cumple un nuevo aniversario de la muerte de una de las figuras claves del proceso de Independencia.\u00a0 Este lunes\u00a017 de junio\u00a0ser\u00e1\u00a0feriado nacional.\u00a0Ese d\u00eda, como sucede desde 2016,\u00a0se conmemorar\u00e1 el\u00a0Paso a la inmortalidad del General Don Mart\u00edn Miguel de G\u00fcemes, quien falleci\u00f3 ese mismo d\u00eda pero de 1821 en un combate durante [&hellip;]<\/p>\n","protected":false},"author":2,"featured_media":24053,"comment_status":"closed","ping_status":"closed","sticky":false,"template":"","format":"standard","meta":{"footnotes":""},"categories":[86],"tags":[],"class_list":{"0":"post-24052","1":"post","2":"type-post","3":"status-publish","4":"format-standard","5":"has-post-thumbnail","7":"category-sociedad"},"_links":{"self":[{"href":"https:\/\/radiobitacora.com.ar\/web\/wp-json\/wp\/v2\/posts\/24052","targetHints":{"allow":["GET"]}}],"collection":[{"href":"https:\/\/radiobitacora.com.ar\/web\/wp-json\/wp\/v2\/posts"}],"about":[{"href":"https:\/\/radiobitacora.com.ar\/web\/wp-json\/wp\/v2\/types\/post"}],"author":[{"embeddable":true,"href":"https:\/\/radiobitacora.com.ar\/web\/wp-json\/wp\/v2\/users\/2"}],"replies":[{"embeddable":true,"href":"https:\/\/radiobitacora.com.ar\/web\/wp-json\/wp\/v2\/comments?post=24052"}],"version-history":[{"count":0,"href":"https:\/\/radiobitacora.com.ar\/web\/wp-json\/wp\/v2\/posts\/24052\/revisions"}],"wp:featuredmedia":[{"embeddable":true,"href":"https:\/\/radiobitacora.com.ar\/web\/wp-json\/wp\/v2\/media\/24053"}],"wp:attachment":[{"href":"https:\/\/radiobitacora.com.ar\/web\/wp-json\/wp\/v2\/media?parent=24052"}],"wp:term":[{"taxonomy":"category","embeddable":true,"href":"https:\/\/radiobitacora.com.ar\/web\/wp-json\/wp\/v2\/categories?post=24052"},{"taxonomy":"post_tag","embeddable":true,"href":"https:\/\/radiobitacora.com.ar\/web\/wp-json\/wp\/v2\/tags?post=24052"}],"curies":[{"name":"wp","href":"https:\/\/api.w.org\/{rel}","templated":true}]}}