{"id":24055,"date":"2025-06-16T19:19:35","date_gmt":"2025-06-16T22:19:35","guid":{"rendered":"https:\/\/radiobitacora.com.ar\/web\/?p=24055"},"modified":"2025-06-16T19:20:39","modified_gmt":"2025-06-16T22:20:39","slug":"un-debut-auspicioso","status":"publish","type":"post","link":"https:\/\/radiobitacora.com.ar\/web\/2025\/06\/16\/un-debut-auspicioso\/","title":{"rendered":"UN DEBUT AUSPICIOSO"},"content":{"rendered":"<p style=\"font-weight: 400;\">M\u00e1ximo Azula Soler.<\/p>\n<p style=\"font-weight: 400;\"><img loading=\"lazy\" decoding=\"async\" class=\"wp-image-24056 alignleft\" src=\"https:\/\/radiobitacora.com.ar\/web\/wp-content\/uploads\/2025\/06\/MAXIMO-AZULA-INFANTO-JUVENIL-CICLISMO-3-EN-CARRERA.jpg\" alt=\"\" width=\"335\" height=\"335\" srcset=\"https:\/\/radiobitacora.com.ar\/web\/wp-content\/uploads\/2025\/06\/MAXIMO-AZULA-INFANTO-JUVENIL-CICLISMO-3-EN-CARRERA.jpg 1440w, https:\/\/radiobitacora.com.ar\/web\/wp-content\/uploads\/2025\/06\/MAXIMO-AZULA-INFANTO-JUVENIL-CICLISMO-3-EN-CARRERA-696x696.jpg 696w, https:\/\/radiobitacora.com.ar\/web\/wp-content\/uploads\/2025\/06\/MAXIMO-AZULA-INFANTO-JUVENIL-CICLISMO-3-EN-CARRERA-1068x1068.jpg 1068w, https:\/\/radiobitacora.com.ar\/web\/wp-content\/uploads\/2025\/06\/MAXIMO-AZULA-INFANTO-JUVENIL-CICLISMO-3-EN-CARRERA-420x420.jpg 420w\" sizes=\"auto, (max-width: 335px) 100vw, 335px\" \/><\/p>\n<p style=\"font-weight: 400;\">Dentro de la participaci\u00f3n de los menores en la competencia nacional de ciclismo, la familia Azula Soler deja su testimonio de reconocimiento y de enorme gratitud para una familia de corredores, Almada, destacando el nivel de organizaci\u00f3n por parte de la Municipalidad de Goya, de la Direcci\u00f3n de Deportes, valorando el trabajo de su Director Alejandro Lago y todo el equipo de esa direcci\u00f3n municipal<\/p>\n<p style=\"font-weight: 400;\">M\u00e1ximo Azula Soler, demostr\u00f3 su felicidad por el premio logrado en su primera carrera nacional, en el Infanto Juvenil de Ciclismo, realizado en Goya el domingo en el Vel\u00f3dromo \u201cLucho L\u00f3pez\u201d<\/p>\n<p><img loading=\"lazy\" decoding=\"async\" class=\"wp-image-24057 alignleft\" src=\"https:\/\/radiobitacora.com.ar\/web\/wp-content\/uploads\/2025\/06\/MAXIMO-AZULA-INFANTO-JUVENIL-CICLISMO-2-CON-JUAN-ALMADA.jpg\" alt=\"\" width=\"339\" height=\"266\" srcset=\"https:\/\/radiobitacora.com.ar\/web\/wp-content\/uploads\/2025\/06\/MAXIMO-AZULA-INFANTO-JUVENIL-CICLISMO-2-CON-JUAN-ALMADA.jpg 1600w, https:\/\/radiobitacora.com.ar\/web\/wp-content\/uploads\/2025\/06\/MAXIMO-AZULA-INFANTO-JUVENIL-CICLISMO-2-CON-JUAN-ALMADA-696x546.jpg 696w, https:\/\/radiobitacora.com.ar\/web\/wp-content\/uploads\/2025\/06\/MAXIMO-AZULA-INFANTO-JUVENIL-CICLISMO-2-CON-JUAN-ALMADA-1068x838.jpg 1068w, https:\/\/radiobitacora.com.ar\/web\/wp-content\/uploads\/2025\/06\/MAXIMO-AZULA-INFANTO-JUVENIL-CICLISMO-2-CON-JUAN-ALMADA-535x420.jpg 535w\" sizes=\"auto, (max-width: 339px) 100vw, 339px\" \/><\/p>\n<p style=\"font-weight: 400;\">Finaliz\u00f3 8\u00ba entre los mejores 10 corredores de su categor\u00eda de todo el pa\u00eds (9 a\u00f1os).<\/p>\n<p style=\"font-weight: 400;\">Con nada m\u00e1s que 20 d\u00edas de subirse a una bici de ruedas fina, y 10 d\u00edas de empezar a correr con zapatos con trabas.<\/p>\n<p style=\"font-weight: 400;\">A la alegr\u00eda de M\u00e1ximo, se suma el orgullo de su familia, que expresaron su agradecimiento a \u201cJuan Almada y familia; a la Municipalidad, a Alejandro Lago y su gran equipo de la Direcci\u00f3n de Deportes, por la organizaci\u00f3n de esta gran competencia del ciclismo nacional.\u201d<\/p>\n<p style=\"font-weight: 400;\"><img loading=\"lazy\" decoding=\"async\" class=\"wp-image-24058 alignleft\" src=\"https:\/\/radiobitacora.com.ar\/web\/wp-content\/uploads\/2025\/06\/MAXIMO-AZULA-INFANTO-JUVENIL-CICLISMO-4-CON-SU-FAMILIA.jpg\" alt=\"\" width=\"290\" height=\"457\" srcset=\"https:\/\/radiobitacora.com.ar\/web\/wp-content\/uploads\/2025\/06\/MAXIMO-AZULA-INFANTO-JUVENIL-CICLISMO-4-CON-SU-FAMILIA.jpg 791w, https:\/\/radiobitacora.com.ar\/web\/wp-content\/uploads\/2025\/06\/MAXIMO-AZULA-INFANTO-JUVENIL-CICLISMO-4-CON-SU-FAMILIA-696x1097.jpg 696w, https:\/\/radiobitacora.com.ar\/web\/wp-content\/uploads\/2025\/06\/MAXIMO-AZULA-INFANTO-JUVENIL-CICLISMO-4-CON-SU-FAMILIA-266x420.jpg 266w\" sizes=\"auto, (max-width: 290px) 100vw, 290px\" \/><\/p>\n<p><img loading=\"lazy\" decoding=\"async\" class=\"wp-image-24059 alignright\" src=\"https:\/\/radiobitacora.com.ar\/web\/wp-content\/uploads\/2025\/06\/WhatsApp-Image-2025-06-16-at-6.47.27-PM.jpeg\" alt=\"\" width=\"344\" height=\"458\" srcset=\"https:\/\/radiobitacora.com.ar\/web\/wp-content\/uploads\/2025\/06\/WhatsApp-Image-2025-06-16-at-6.47.27-PM.jpeg 960w, https:\/\/radiobitacora.com.ar\/web\/wp-content\/uploads\/2025\/06\/WhatsApp-Image-2025-06-16-at-6.47.27-PM-696x928.jpeg 696w, https:\/\/radiobitacora.com.ar\/web\/wp-content\/uploads\/2025\/06\/WhatsApp-Image-2025-06-16-at-6.47.27-PM-315x420.jpeg 315w\" sizes=\"auto, (max-width: 344px) 100vw, 344px\" \/><\/p>\n<p>&nbsp;<\/p>\n<p>&nbsp;<\/p>\n<p>&nbsp;<\/p>\n<p>&nbsp;<\/p>\n<p>&nbsp;<\/p>\n<p>&nbsp;<\/p>\n<p>&nbsp;<\/p>\n<p>&nbsp;<\/p>\n<p>&nbsp;<\/p>\n<p>&nbsp;<\/p>\n<p style=\"font-weight: 400;\">Direcci\u00f3n de Prensa-Municipalidad de Goya<\/p>\n<p style=\"font-weight: 400;\">\n","protected":false},"excerpt":{"rendered":"<p>M\u00e1ximo Azula Soler. Dentro de la participaci\u00f3n de los menores en la competencia nacional de ciclismo, la familia Azula Soler deja su testimonio de reconocimiento y de enorme gratitud para una familia de corredores, Almada, destacando el nivel de organizaci\u00f3n por parte de la Municipalidad de Goya, de la Direcci\u00f3n de Deportes, valorando el trabajo [&hellip;]<\/p>\n","protected":false},"author":2,"featured_media":24061,"comment_status":"closed","ping_status":"closed","sticky":false,"template":"","format":"standard","meta":{"footnotes":""},"categories":[78],"tags":[],"class_list":{"0":"post-24055","1":"post","2":"type-post","3":"status-publish","4":"format-standard","5":"has-post-thumbnail","7":"category-deportes"},"_links":{"self":[{"href":"https:\/\/radiobitacora.com.ar\/web\/wp-json\/wp\/v2\/posts\/24055","targetHints":{"allow":["GET"]}}],"collection":[{"href":"https:\/\/radiobitacora.com.ar\/web\/wp-json\/wp\/v2\/posts"}],"about":[{"href":"https:\/\/radiobitacora.com.ar\/web\/wp-json\/wp\/v2\/types\/post"}],"author":[{"embeddable":true,"href":"https:\/\/radiobitacora.com.ar\/web\/wp-json\/wp\/v2\/users\/2"}],"replies":[{"embeddable":true,"href":"https:\/\/radiobitacora.com.ar\/web\/wp-json\/wp\/v2\/comments?post=24055"}],"version-history":[{"count":0,"href":"https:\/\/radiobitacora.com.ar\/web\/wp-json\/wp\/v2\/posts\/24055\/revisions"}],"wp:featuredmedia":[{"embeddable":true,"href":"https:\/\/radiobitacora.com.ar\/web\/wp-json\/wp\/v2\/media\/24061"}],"wp:attachment":[{"href":"https:\/\/radiobitacora.com.ar\/web\/wp-json\/wp\/v2\/media?parent=24055"}],"wp:term":[{"taxonomy":"category","embeddable":true,"href":"https:\/\/radiobitacora.com.ar\/web\/wp-json\/wp\/v2\/categories?post=24055"},{"taxonomy":"post_tag","embeddable":true,"href":"https:\/\/radiobitacora.com.ar\/web\/wp-json\/wp\/v2\/tags?post=24055"}],"curies":[{"name":"wp","href":"https:\/\/api.w.org\/{rel}","templated":true}]}}