{"id":24073,"date":"2025-06-18T17:28:33","date_gmt":"2025-06-18T20:28:33","guid":{"rendered":"https:\/\/radiobitacora.com.ar\/web\/?p=24073"},"modified":"2025-06-18T17:28:33","modified_gmt":"2025-06-18T20:28:33","slug":"yasmin-la-brujita-esquivel-la-joven-pugilista-goyana-gana-titulo-de-ambapa-en-concordia-entre-rios","status":"publish","type":"post","link":"https:\/\/radiobitacora.com.ar\/web\/2025\/06\/18\/yasmin-la-brujita-esquivel-la-joven-pugilista-goyana-gana-titulo-de-ambapa-en-concordia-entre-rios\/","title":{"rendered":"YASMIN \u201cLA BRUJITA\u201d ESQUIVEL  LA JOVEN PUGILISTA GOYANA GANA T\u00cdTULO DE AMBAPA EN CONCORDIA, ENTRE R\u00cdOS"},"content":{"rendered":"<p style=\"font-weight: 400;\">La joven boxeadora del Gimnasio Knockout Boxing, orientado por Rub\u00e9n Arocha y equipo, Yasmin \u201cLa Brujita\u201d Esquivel, subcampeona argentina, el s\u00e1bado 14 logr\u00f3 en la categor\u00eda cadete\u00a0 el t\u00edtulo que le permite participar del Campeonato Argentino en la Categor\u00eda Juvenil.<\/p>\n<p style=\"font-weight: 400;\"><img loading=\"lazy\" decoding=\"async\" class=\"wp-image-24074 alignleft\" src=\"https:\/\/radiobitacora.com.ar\/web\/wp-content\/uploads\/2025\/06\/BOX-GOYANA-CAMPEONA-1.jpg\" alt=\"\" width=\"300\" height=\"398\" srcset=\"https:\/\/radiobitacora.com.ar\/web\/wp-content\/uploads\/2025\/06\/BOX-GOYANA-CAMPEONA-1.jpg 1204w, https:\/\/radiobitacora.com.ar\/web\/wp-content\/uploads\/2025\/06\/BOX-GOYANA-CAMPEONA-1-696x925.jpg 696w, https:\/\/radiobitacora.com.ar\/web\/wp-content\/uploads\/2025\/06\/BOX-GOYANA-CAMPEONA-1-1068x1419.jpg 1068w, https:\/\/radiobitacora.com.ar\/web\/wp-content\/uploads\/2025\/06\/BOX-GOYANA-CAMPEONA-1-316x420.jpg 316w\" sizes=\"auto, (max-width: 300px) 100vw, 300px\" \/><\/p>\n<p style=\"font-weight: 400;\">Este certamen box\u00edstico puso en juego el t\u00edtulo AMBAPA (Asociaci\u00f3n de Managers y Boxeadores Argentinos Profesionales y Amateurs), logro alcanzado por \u201cLa Brujita\u201d Esquivel al vencer en fallo dividido a la local Dana Ermosid.<\/p>\n<p style=\"font-weight: 400;\">\n<p style=\"font-weight: 400;\">El combate se desarroll\u00f3 a 3 rounds, donde las dos pugilistas salieron a dejar todo en el cuadril\u00e1tero. Desde el primer choque de guantes dieron batalla y al final prevaleci\u00f3 el estado f\u00edsico y el \u00edmpetu de la representante de nuestra ciudad; quien aguardaba con expectativa la decisi\u00f3n del jurado, el que en fallo dividido dio por ganadora a la \u201cBrujita\u201d Esquivel.<\/p>\n<p style=\"font-weight: 400;\">\n<p style=\"font-weight: 400;\">Ahora, la joven boxeadora junto a su equipo se prepara para participar del Campeonato Argentino de la Categor\u00eda Juvenil.<\/p>\n<p style=\"font-weight: 400;\">\n<p style=\"font-weight: 400;\">Desde el \u201crinc\u00f3n\u201d de la goyana son optimistas por \u201clas condiciones y disciplina en el trabajo de la joven boxeadora de la ciudad.\u201d<\/p>\n<p style=\"font-weight: 400;\">\n<p style=\"font-weight: 400;\">Direcci\u00f3n de Prensa-Municipalidad de Goya<\/p>\n","protected":false},"excerpt":{"rendered":"<p>La joven boxeadora del Gimnasio Knockout Boxing, orientado por Rub\u00e9n Arocha y equipo, Yasmin \u201cLa Brujita\u201d Esquivel, subcampeona argentina, el s\u00e1bado 14 logr\u00f3 en la categor\u00eda cadete\u00a0 el t\u00edtulo que le permite participar del Campeonato Argentino en la Categor\u00eda Juvenil. Este certamen box\u00edstico puso en juego el t\u00edtulo AMBAPA (Asociaci\u00f3n de Managers y Boxeadores Argentinos [&hellip;]<\/p>\n","protected":false},"author":2,"featured_media":24075,"comment_status":"closed","ping_status":"closed","sticky":false,"template":"","format":"standard","meta":{"footnotes":""},"categories":[78],"tags":[],"class_list":{"0":"post-24073","1":"post","2":"type-post","3":"status-publish","4":"format-standard","5":"has-post-thumbnail","7":"category-deportes"},"_links":{"self":[{"href":"https:\/\/radiobitacora.com.ar\/web\/wp-json\/wp\/v2\/posts\/24073","targetHints":{"allow":["GET"]}}],"collection":[{"href":"https:\/\/radiobitacora.com.ar\/web\/wp-json\/wp\/v2\/posts"}],"about":[{"href":"https:\/\/radiobitacora.com.ar\/web\/wp-json\/wp\/v2\/types\/post"}],"author":[{"embeddable":true,"href":"https:\/\/radiobitacora.com.ar\/web\/wp-json\/wp\/v2\/users\/2"}],"replies":[{"embeddable":true,"href":"https:\/\/radiobitacora.com.ar\/web\/wp-json\/wp\/v2\/comments?post=24073"}],"version-history":[{"count":0,"href":"https:\/\/radiobitacora.com.ar\/web\/wp-json\/wp\/v2\/posts\/24073\/revisions"}],"wp:featuredmedia":[{"embeddable":true,"href":"https:\/\/radiobitacora.com.ar\/web\/wp-json\/wp\/v2\/media\/24075"}],"wp:attachment":[{"href":"https:\/\/radiobitacora.com.ar\/web\/wp-json\/wp\/v2\/media?parent=24073"}],"wp:term":[{"taxonomy":"category","embeddable":true,"href":"https:\/\/radiobitacora.com.ar\/web\/wp-json\/wp\/v2\/categories?post=24073"},{"taxonomy":"post_tag","embeddable":true,"href":"https:\/\/radiobitacora.com.ar\/web\/wp-json\/wp\/v2\/tags?post=24073"}],"curies":[{"name":"wp","href":"https:\/\/api.w.org\/{rel}","templated":true}]}}