{"id":24142,"date":"2025-06-19T17:54:56","date_gmt":"2025-06-19T20:54:56","guid":{"rendered":"https:\/\/radiobitacora.com.ar\/web\/?p=24142"},"modified":"2025-06-19T17:58:02","modified_gmt":"2025-06-19T20:58:02","slug":"avanza-programa-de-capacitacion-sobre-prevencion-de-consumos-problematicos-para-empleados-municipales","status":"publish","type":"post","link":"https:\/\/radiobitacora.com.ar\/web\/2025\/06\/19\/avanza-programa-de-capacitacion-sobre-prevencion-de-consumos-problematicos-para-empleados-municipales\/","title":{"rendered":"AVANZA PROGRAMA DE CAPACITACI\u00d3N SOBRE PREVENCI\u00d3N DE CONSUMOS PROBLEM\u00c1TICOS PARA EMPLEADOS MUNICIPALES"},"content":{"rendered":"<p style=\"font-weight: 400;\">En el marco de junio, Mes de la Prevenci\u00f3n de Adicciones, y en la construcci\u00f3n de red de contenci\u00f3n social llevada adelante por la direcci\u00f3n de Prevenci\u00f3n de Adicciones, su titular Vanesa Morales inform\u00f3 que la dependencia avanza con talleres de capacitaci\u00f3n para empleados municipales y otras instituciones, organizaciones e individuos interesados en participar.<\/p>\n<p style=\"font-weight: 400;\">La directora de Prevenci\u00f3n en Adicciones, Vanesa Morales, en el espacio radial por Radio Ciudad, coment\u00f3 que contin\u00faan los talleres dirigidos al personal administrativo, agentes y operarios de las direcciones y secretar\u00edas del municipio de Goya.<\/p>\n<p style=\"font-weight: 400;\">El a\u00f1o pasado dio inicio este programa y se brind\u00f3 charlas para las \u00e1reas de Obras P\u00fablicas, Recursos Humanos, la direcci\u00f3n de Farmacia, y ante que termine este mes se planifica realizar una de estas capacitaciones para personal de la direcci\u00f3n de Juventud.<\/p>\n<p style=\"font-weight: 400;\">\u201cDurante estas jornadas se informa: qu\u00e9 es el consumo, qu\u00e9 es el consumo problem\u00e1tico, en qu\u00e9 momento debemos pedir ayuda, c\u00f3mo se detecta, a qu\u00e9 punto tenemos que tratar de no llegar, a qui\u00e9n debo recurrir\u201d enumer\u00f3 la licenciada Morales.<\/p>\n<p style=\"font-weight: 400;\">De igual modo, se capacita en los Derechos que ampara a los trabajadores del estado municipal, tratamiento, adecuaci\u00f3n del entorno laboral para mantener el trabajo entre otros \u00edtems.<\/p>\n<p style=\"font-weight: 400;\">Asimismo, ponder\u00f3 la labor del Dispositivo Territorial Comunitario (DTC), destacando el desempe\u00f1o de los profesionales y talleres que intervienen en el \u00e1rea de Salud Mental.<\/p>\n<p style=\"font-weight: 400;\">Este dispositivo ofrece prevenci\u00f3n, promoci\u00f3n y asistencia frente a los consumos problem\u00e1ticos.<\/p>\n<p style=\"font-weight: 400;\"><img loading=\"lazy\" decoding=\"async\" class=\"aligncenter size-full wp-image-24143\" src=\"https:\/\/radiobitacora.com.ar\/web\/wp-content\/uploads\/2025\/06\/edificio-dtc-goya-en-barrio-sarmiento.webp\" alt=\"\" width=\"848\" height=\"477\" srcset=\"https:\/\/radiobitacora.com.ar\/web\/wp-content\/uploads\/2025\/06\/edificio-dtc-goya-en-barrio-sarmiento.webp 848w, https:\/\/radiobitacora.com.ar\/web\/wp-content\/uploads\/2025\/06\/edificio-dtc-goya-en-barrio-sarmiento-696x392.webp 696w, https:\/\/radiobitacora.com.ar\/web\/wp-content\/uploads\/2025\/06\/edificio-dtc-goya-en-barrio-sarmiento-747x420.webp 747w\" sizes=\"auto, (max-width: 848px) 100vw, 848px\" \/><\/p>\n<p>&nbsp;<\/p>\n<p style=\"font-weight: 400;\">Se enfoca en trabajar de manera interdisciplinaria con los usuarios y sus referentes afectivos, personas cercanas dispuestas a acompa\u00f1arlos durante el proceso de recuperaci\u00f3n. El trabajo con el entorno familiar y afectivo es fundamental para el \u00e9xito del tratamiento.<\/p>\n<p style=\"font-weight: 400;\">\u201cEl DTC siempre va a tener las puertas abiertas para apoyar a los individuos en cualquier momento, los espacios grupales son abiertos para las personas\u201d dijo.<\/p>\n<p style=\"font-weight: 400;\">Morales rese\u00f1o algunos servicios ofrecidos por el DTC y la Direcci\u00f3n de Prevenci\u00f3n de Adicciones son de car\u00e1cter gratuito y comunitario. Los vecinos de Goya pueden acceder a una variedad de actividades deportivas, culturales, recreativas, art\u00edsticas y de formaci\u00f3n, todas enfocadas en un abordaje integral de la problem\u00e1tica de los consumos. Este enfoque garantiza que las personas reciban un tratamiento adecuado sin necesidad de desembolsar dinero, siendo una herramienta accesible para la poblaci\u00f3n.<\/p>\n<p style=\"font-weight: 400;\">HORARIOS DE ATENCI\u00d3N<\/p>\n<p style=\"font-weight: 400;\">Para quienes necesiten informaci\u00f3n o asistencia sobre consumos problem\u00e1ticos, la Direcci\u00f3n de Prevenci\u00f3n se encuentra en la Asistencia Municipal, ubicada en San Mart\u00edn 555, con atenci\u00f3n de lunes a viernes de 7 a 13 horas. Por su parte, el DTC est\u00e1 localizado en el barrio Sarmiento, en San Juan 1526, y abre de lunes a viernes de 8 a 12 y de 14 a 20 horas. Estos espacios est\u00e1n disponibles para todos aquellos que requieran consultas o asesoramiento.<\/p>\n<p style=\"font-weight: 400;\">Direcci\u00f3n de Prensa \u2013 Municipalidad de Goya<\/p>\n","protected":false},"excerpt":{"rendered":"<p>En el marco de junio, Mes de la Prevenci\u00f3n de Adicciones, y en la construcci\u00f3n de red de contenci\u00f3n social llevada adelante por la direcci\u00f3n de Prevenci\u00f3n de Adicciones, su titular Vanesa Morales inform\u00f3 que la dependencia avanza con talleres de capacitaci\u00f3n para empleados municipales y otras instituciones, organizaciones e individuos interesados en participar. La [&hellip;]<\/p>\n","protected":false},"author":2,"featured_media":24144,"comment_status":"closed","ping_status":"closed","sticky":false,"template":"","format":"standard","meta":{"footnotes":""},"categories":[1],"tags":[],"class_list":{"0":"post-24142","1":"post","2":"type-post","3":"status-publish","4":"format-standard","5":"has-post-thumbnail","7":"category-sin-categoria"},"_links":{"self":[{"href":"https:\/\/radiobitacora.com.ar\/web\/wp-json\/wp\/v2\/posts\/24142","targetHints":{"allow":["GET"]}}],"collection":[{"href":"https:\/\/radiobitacora.com.ar\/web\/wp-json\/wp\/v2\/posts"}],"about":[{"href":"https:\/\/radiobitacora.com.ar\/web\/wp-json\/wp\/v2\/types\/post"}],"author":[{"embeddable":true,"href":"https:\/\/radiobitacora.com.ar\/web\/wp-json\/wp\/v2\/users\/2"}],"replies":[{"embeddable":true,"href":"https:\/\/radiobitacora.com.ar\/web\/wp-json\/wp\/v2\/comments?post=24142"}],"version-history":[{"count":0,"href":"https:\/\/radiobitacora.com.ar\/web\/wp-json\/wp\/v2\/posts\/24142\/revisions"}],"wp:featuredmedia":[{"embeddable":true,"href":"https:\/\/radiobitacora.com.ar\/web\/wp-json\/wp\/v2\/media\/24144"}],"wp:attachment":[{"href":"https:\/\/radiobitacora.com.ar\/web\/wp-json\/wp\/v2\/media?parent=24142"}],"wp:term":[{"taxonomy":"category","embeddable":true,"href":"https:\/\/radiobitacora.com.ar\/web\/wp-json\/wp\/v2\/categories?post=24142"},{"taxonomy":"post_tag","embeddable":true,"href":"https:\/\/radiobitacora.com.ar\/web\/wp-json\/wp\/v2\/tags?post=24142"}],"curies":[{"name":"wp","href":"https:\/\/api.w.org\/{rel}","templated":true}]}}