{"id":24148,"date":"2025-06-19T18:20:57","date_gmt":"2025-06-19T21:20:57","guid":{"rendered":"https:\/\/radiobitacora.com.ar\/web\/?p=24148"},"modified":"2025-06-19T18:20:57","modified_gmt":"2025-06-19T21:20:57","slug":"nelson-castro-recorrio-el-hospital-bombardeado-por-iran-esta-inutilizable","status":"publish","type":"post","link":"https:\/\/radiobitacora.com.ar\/web\/2025\/06\/19\/nelson-castro-recorrio-el-hospital-bombardeado-por-iran-esta-inutilizable\/","title":{"rendered":"NELSON CASTRO RECORRI\u00d3 EL HOSPITAL BOMBARDEADO POR IR\u00c1N: \u201cEST\u00c1 INUTILIZABLE\u201d"},"content":{"rendered":"<div class=\"article__header article__story article__article\">\n<div class=\"article__head\">\n<div class=\"article__headline-byline-container\">\n<div id=\"StaticHeadlines\">\n<div data-testid=\"headlines\">\n<h2 class=\"article__dropline font__body\">El hospital Soroka es el principal centro m\u00e9dico de toda la regi\u00f3n del N\u00e9guev. Israel denunci\u00f3 un \u201ccrimen de guerra\u201d.<\/h2>\n<\/div>\n<\/div>\n<div class=\"trinity__audio-wrapper\">\n<div class=\"article__byline\" data-testid=\"byline\">\n<div class=\"author-date\"><\/div>\n<\/div>\n<\/div>\n<div class=\"trinity-tts-placeholder-icon-player\"><\/div>\n<\/div>\n<div class=\"genoa_video relative\">\n<div class=\"video_placeholder\">\n<div class=\"aspect_ratio__container\"><picture class=\"responsive-image\"><source srcset=\"https:\/\/tn.com.ar\/resizer\/v2\/https%3A%2F%2Fthumbs.vodgc.net%2F1-14-FZ9Ij31750342761511-1750344137.jpg?auth=ca1e276b932bdfd89d90607408d8a4ed724773451c0d4c3004749503c375e72f&amp;width=767\" type=\"image\/jpg\" media=\"(max-width: 728px)\" \/><source srcset=\"https:\/\/tn.com.ar\/resizer\/v2\/https%3A%2F%2Fthumbs.vodgc.net%2F1-14-FZ9Ij31750342761511-1750344137.jpg?auth=ca1e276b932bdfd89d90607408d8a4ed724773451c0d4c3004749503c375e72f&amp;width=1023\" type=\"image\/jpg\" media=\"(max-width: 1023px)\" \/><source srcset=\"https:\/\/tn.com.ar\/resizer\/v2\/https%3A%2F%2Fthumbs.vodgc.net%2F1-14-FZ9Ij31750342761511-1750344137.jpg?auth=ca1e276b932bdfd89d90607408d8a4ed724773451c0d4c3004749503c375e72f&amp;width=1440\" type=\"image\/jpg\" \/><img decoding=\"async\" class=\"image image_placeholder\" draggable=\"true\" src=\"https:\/\/tn.com.ar\/resizer\/v2\/https%3A%2F%2Fthumbs.vodgc.net%2F1-14-FZ9Ij31750342761511-1750344137.jpg?auth=ca1e276b932bdfd89d90607408d8a4ed724773451c0d4c3004749503c375e72f&amp;width=767\" alt=\"Video Placeholder\" \/><\/picture><\/div>\n<p><button type=\"button\" data-testid=\"video-placeholder-button\"><\/button><\/div>\n<\/div>\n<div class=\"genoa_description font__body-regular\">El hospital Soroka era el principal centro m\u00e9dico del sur de Israel. (Foto: Reuters\/captura de TN).<\/div>\n<\/div>\n<div class=\"horizontal-share\" data-testid=\"share-toolbar\">\n<div class=\"tooltip__wrapper relative\"><\/div>\n<div class=\"tooltip__wrapper relative\"><\/div>\n<\/div>\n<\/div>\n<div class=\"default-article-color article__body article__article\">\n<p class=\"paragraph font__body-regular\">El hospital Soroka qued\u00f3 &#8220;<b>totalmente inutilizable<\/b>\u201d tras la ca\u00edda de un misil bal\u00edstico iran\u00ed. El gobierno israel\u00ed denunci\u00f3 que se trat\u00f3 de un \u201ccrimen de guerra\u201d.<\/p>\n<div id=\"ad-slot-infeed\" class=\"infeed-container\"><\/div>\n<p class=\"paragraph font__body-regular\">El equipo de\u00a0<b>TN\u00a0<\/b>pudo recorrer el lugar, el principal centro m\u00e9dico de toda la regi\u00f3n del N\u00e9guev, con 400 camas. En una ventana, bandejas que quedaron abandonadas revelaron que la gente estaba desayunando cuando cay\u00f3 el misil iran\u00ed. En algunas partes del edificio, ahora hay peligro de derrumbe y fugas de gas.<\/p>\n<p class=\"paragraph font__body-regular\">\u201cAc\u00e1 nacieron mis seis hijos\u201d, dijo con tristeza a\u00a0<b>TN\u00a0<\/b>el vocero del Ej\u00e9rcito israel\u00ed, Roni Kaplan. En el momento del ataque, cerca de las seis, hab\u00eda mujeres a punto de parir que tuvieron que ser trasladadas a otros centros m\u00e9dicos.<\/p>\n<p class=\"paragraph font__body-regular\">\u201cEl lugar qued\u00f3 inutilizable, habr\u00e1 que tirarlo abajo. C\u00f3mo m\u00e9dico me pone la piel de gallina\u201d, insisti\u00f3 Nelson Castro. \u201cEl hospital ha sido destruido. La gente de la zona se quedar\u00e1 sin atenci\u00f3n m\u00e9dica de calidad durante a\u00f1os\u201d, sostuvo.<\/p>\n<p class=\"paragraph font__body-regular\">Y agreg\u00f3: \u201cEsto lo est\u00e1n viendo. La c\u00e1mara es inexorable y contundente. La destrucci\u00f3n de la guerra es una cosa absolutamente tremenda\u201d.<\/p>\n<figure class=\"\" data-testid=\"figure-testid\">\n<div class=\"aspect_ratio__container\"><picture class=\"responsive-image\"><source srcset=\"https:\/\/tn.com.ar\/resizer\/v2\/un-misil-impacto-sobre-el-hospital-soroka-foto-reutersamir-cohen-7JOQFZIIC2XKH5FVTWYLIBLHOY.jpg?auth=67253f3e670233012f48ba36a332d0ff8779aca77165254e85f6152451c0fb1a&amp;width=767\" type=\"image\/jpg\" media=\"(max-width: 728px)\" \/><source srcset=\"https:\/\/tn.com.ar\/resizer\/v2\/un-misil-impacto-sobre-el-hospital-soroka-foto-reutersamir-cohen-7JOQFZIIC2XKH5FVTWYLIBLHOY.jpg?auth=67253f3e670233012f48ba36a332d0ff8779aca77165254e85f6152451c0fb1a&amp;width=1023\" type=\"image\/jpg\" media=\"(max-width: 1023px)\" \/><source srcset=\"https:\/\/tn.com.ar\/resizer\/v2\/un-misil-impacto-sobre-el-hospital-soroka-foto-reutersamir-cohen-7JOQFZIIC2XKH5FVTWYLIBLHOY.jpg?auth=67253f3e670233012f48ba36a332d0ff8779aca77165254e85f6152451c0fb1a&amp;width=1440\" type=\"image\/jpg\" \/><img loading=\"lazy\" decoding=\"async\" class=\"image content-image image_placeholder\" src=\"https:\/\/tn.com.ar\/resizer\/v2\/un-misil-impacto-sobre-el-hospital-soroka-foto-reutersamir-cohen-7JOQFZIIC2XKH5FVTWYLIBLHOY.jpg?auth=67253f3e670233012f48ba36a332d0ff8779aca77165254e85f6152451c0fb1a&amp;width=767\" alt=\"Un misil impact\u00f3 sobre el hospital Soroka. (Foto: REUTERS\/Amir Cohen).\" width=\"767\" height=\"512\" data-testid=\"loading-testid\" \/><\/picture><\/div><figcaption class=\"caption_image\" data-testid=\"figcaption-testid\">\n<div class=\"image_caption \">Un misil impact\u00f3 sobre el hospital Soroka. (Foto: REUTERS\/Amir Cohen).<\/div>\n<\/figcaption><\/figure>\n<p class=\"paragraph font__body-regular\">Mientras el equipo de\u00a0<b>TN<\/b>\u00a0-que integra adem\u00e1s Diego Spairani y Bruno Mazzitelli- recorr\u00eda el hospital, una nueva alerta se activ\u00f3 en el norte de Israel por otro ataque iran\u00ed.<\/p>\n<p class=\"paragraph font__body-regular\">Seg\u00fan el servicio de emergenciasisrael\u00ed Magen David Adom (MDA), la planta del hospital que sufri\u00f3 da\u00f1os fue evacuada ayer, lo que ayud\u00f3 a salvar muchas vidas.<\/p>\n<h2 class=\"font--primary font__display\">Israel prometi\u00f3 que Ir\u00e1n \u201cpagar\u00e1 por sus cr\u00edmenes\u201d tras el ataque al hospital<\/h2>\n<p class=\"paragraph font__body-regular\">El ministro israel\u00ed de Exteriores, Gideon Saar,\u00a0<b>acus\u00f3 a Ir\u00e1n de atacar \u201cdeliberadamente\u201d a civiles\u00a0<\/b>y calific\u00f3 de \u201ccrimen de guerra\u201d el bombardeo al hospital.<\/p>\n<p class=\"paragraph font__body-regular\">\u201cEsto es claramente un crimen de guerra, pero refleja la estrategia constante del r\u00e9gimen iran\u00ed. (&#8230;) Es inaceptable\u201d, sostuvo.<\/p>\n<p class=\"paragraph font__body-regular\">El ministro asegur\u00f3 que Israel est\u00e1 ejecutando un \u201cplan detallado\u201d que contempla ataques contra objetivos militares iran\u00edes, como instalaciones de misiles bal\u00edsticos y del programa nuclear, y enfatiz\u00f3 que estas operaciones no se detendr\u00e1n \u201cni un minuto\u201d hasta cumplir su misi\u00f3n.<\/p>\n<figure class=\"\" data-testid=\"figure-testid\">\n<div class=\"aspect_ratio__container\"><picture class=\"responsive-image\"><source srcset=\"https:\/\/tn.com.ar\/resizer\/v2\/se-trata-del-principal-centro-medico-del-sur-de-israel-foto-reutersamir-cohen-NUCCRXR764LI4MZJCAXIPBWCXY.jpg?auth=2b9923a7b593fb5866b2a271f7420f32c75ebac165dce5fe8ff2470fb1ed8d15&amp;width=767\" type=\"image\/jpg\" media=\"(max-width: 728px)\" \/><source srcset=\"https:\/\/tn.com.ar\/resizer\/v2\/se-trata-del-principal-centro-medico-del-sur-de-israel-foto-reutersamir-cohen-NUCCRXR764LI4MZJCAXIPBWCXY.jpg?auth=2b9923a7b593fb5866b2a271f7420f32c75ebac165dce5fe8ff2470fb1ed8d15&amp;width=1023\" type=\"image\/jpg\" media=\"(max-width: 1023px)\" \/><source srcset=\"https:\/\/tn.com.ar\/resizer\/v2\/se-trata-del-principal-centro-medico-del-sur-de-israel-foto-reutersamir-cohen-NUCCRXR764LI4MZJCAXIPBWCXY.jpg?auth=2b9923a7b593fb5866b2a271f7420f32c75ebac165dce5fe8ff2470fb1ed8d15&amp;width=1440\" type=\"image\/jpg\" \/><img loading=\"lazy\" decoding=\"async\" class=\"image content-image image_placeholder alignleft\" src=\"https:\/\/tn.com.ar\/resizer\/v2\/se-trata-del-principal-centro-medico-del-sur-de-israel-foto-reutersamir-cohen-NUCCRXR764LI4MZJCAXIPBWCXY.jpg?auth=2b9923a7b593fb5866b2a271f7420f32c75ebac165dce5fe8ff2470fb1ed8d15&amp;width=767\" alt=\"Se trata del principal centro m\u00e9dico del sur de Israel. (Foto: REUTERS\/Amir Cohen).\" width=\"438\" height=\"657\" data-testid=\"loading-testid\" \/><\/picture><\/div><figcaption class=\"caption_image\" data-testid=\"figcaption-testid\">\n<div class=\"image_caption \">Se trata del principal centro m\u00e9dico del sur de Israel. (Foto: REUTERS\/Amir Cohen).<\/div>\n<\/figcaption><\/figure>\n<p class=\"paragraph font__body-regular\">En el s\u00e9ptimo d\u00eda del conflicto sin precedentes entre los dos archirrivales de Oriente Medio, Israel advirti\u00f3 que el l\u00edder supremo iran\u00ed Ali Jamenei \u201c<b>pagar\u00e1 por sus cr\u00edmenes\u201d<\/b>, despu\u00e9s del ataque al hospital y otras localidades que dej\u00f3 al menos 47 heridos.<\/p>\n<p class=\"paragraph font__body-regular\">\u201cLos dictadores terroristas iran\u00edes dispararon misiles contra el hospital Soroka de Beerseba y contra civiles. Haremos pagar un alto precio a los tiranos de Teher\u00e1n\u201d, advirti\u00f3 el primer ministro Benjamin Netanyahu en\u00a0<i>X<\/i>.<\/p>\n<figure class=\"\" data-testid=\"figure-testid\">\n<div class=\"aspect_ratio__container\"><picture class=\"responsive-image\"><source srcset=\"https:\/\/tn.com.ar\/resizer\/v2\/el-hospital-quedo-inutilizable-foto-reutersamir-cohen-6BUXLSV6RRKTSJLTDF5PCUW6PA.jpg?auth=0d740398cc95a45b3735d932096739ba4ec70e192fdda8d13aa4882e2c2ed2ed&amp;width=767\" type=\"image\/jpg\" media=\"(max-width: 728px)\" \/><source srcset=\"https:\/\/tn.com.ar\/resizer\/v2\/el-hospital-quedo-inutilizable-foto-reutersamir-cohen-6BUXLSV6RRKTSJLTDF5PCUW6PA.jpg?auth=0d740398cc95a45b3735d932096739ba4ec70e192fdda8d13aa4882e2c2ed2ed&amp;width=1023\" type=\"image\/jpg\" media=\"(max-width: 1023px)\" \/><source srcset=\"https:\/\/tn.com.ar\/resizer\/v2\/el-hospital-quedo-inutilizable-foto-reutersamir-cohen-6BUXLSV6RRKTSJLTDF5PCUW6PA.jpg?auth=0d740398cc95a45b3735d932096739ba4ec70e192fdda8d13aa4882e2c2ed2ed&amp;width=1440\" type=\"image\/jpg\" \/><img loading=\"lazy\" decoding=\"async\" class=\"image content-image image_placeholder alignleft\" src=\"https:\/\/tn.com.ar\/resizer\/v2\/el-hospital-quedo-inutilizable-foto-reutersamir-cohen-6BUXLSV6RRKTSJLTDF5PCUW6PA.jpg?auth=0d740398cc95a45b3735d932096739ba4ec70e192fdda8d13aa4882e2c2ed2ed&amp;width=767\" alt=\"El hospital qued\u00f3 inutilizable. (Foto:  REUTERS\/Amir Cohen).\" width=\"394\" height=\"263\" data-testid=\"loading-testid\" \/><\/picture><\/div><figcaption class=\"caption_image\" data-testid=\"figcaption-testid\">\n<div class=\"image_caption \">El hospital qued\u00f3 inutilizable. (Foto: REUTERS\/Amir Cohen).<\/div>\n<\/figcaption><\/figure>\n<p class=\"paragraph font__body-regular\">El ministro de Defensa, Israel Katz, dijo poco despu\u00e9s que al l\u00edder supremo de Ir\u00e1n, el ayatol\u00e1 Ali Jamenei,\u00a0<b>\u201cya no se le puede permitir seguir existiendo\u201d.<\/b><\/p>\n<p class=\"paragraph font__body-regular\">\u201cEl cobarde dictador iran\u00ed se esconde en lo profundo de un b\u00fanker fortificado y lanza deliberadamente ataques contra hospitales y edificios residenciales en Israel. Se trata de uno de los cr\u00edmenes de guerra m\u00e1s graves, y Jamenei tendr\u00e1 que pagar por sus cr\u00edmenes\u201d, hab\u00eda declarado previamente el mismo ministro.<\/p>\n<p class=\"paragraph font__body-regular\">Junto con \u201cel primer ministro (Benjamin Netanyahu), hemos ordenado intensificar los ataques contra objetivos estrat\u00e9gicos en Ir\u00e1n y contra la infraestructura energ\u00e9tica de Teher\u00e1n, para eliminar las amenazas al Estado de Israel y socavar el r\u00e9gimen de los ayatol\u00e1s\u201d, a\u00f1adi\u00f3.<\/p>\n<\/div>\n","protected":false},"excerpt":{"rendered":"<p>El hospital Soroka es el principal centro m\u00e9dico de toda la regi\u00f3n del N\u00e9guev. Israel denunci\u00f3 un \u201ccrimen de guerra\u201d. El hospital Soroka era el principal centro m\u00e9dico del sur de Israel. (Foto: Reuters\/captura de TN). El hospital Soroka qued\u00f3 &#8220;totalmente inutilizable\u201d tras la ca\u00edda de un misil bal\u00edstico iran\u00ed. El gobierno israel\u00ed denunci\u00f3 que [&hellip;]<\/p>\n","protected":false},"author":2,"featured_media":24150,"comment_status":"closed","ping_status":"closed","sticky":false,"template":"","format":"standard","meta":{"footnotes":""},"categories":[80],"tags":[],"class_list":{"0":"post-24148","1":"post","2":"type-post","3":"status-publish","4":"format-standard","5":"has-post-thumbnail","7":"category-internacionales"},"_links":{"self":[{"href":"https:\/\/radiobitacora.com.ar\/web\/wp-json\/wp\/v2\/posts\/24148","targetHints":{"allow":["GET"]}}],"collection":[{"href":"https:\/\/radiobitacora.com.ar\/web\/wp-json\/wp\/v2\/posts"}],"about":[{"href":"https:\/\/radiobitacora.com.ar\/web\/wp-json\/wp\/v2\/types\/post"}],"author":[{"embeddable":true,"href":"https:\/\/radiobitacora.com.ar\/web\/wp-json\/wp\/v2\/users\/2"}],"replies":[{"embeddable":true,"href":"https:\/\/radiobitacora.com.ar\/web\/wp-json\/wp\/v2\/comments?post=24148"}],"version-history":[{"count":0,"href":"https:\/\/radiobitacora.com.ar\/web\/wp-json\/wp\/v2\/posts\/24148\/revisions"}],"wp:featuredmedia":[{"embeddable":true,"href":"https:\/\/radiobitacora.com.ar\/web\/wp-json\/wp\/v2\/media\/24150"}],"wp:attachment":[{"href":"https:\/\/radiobitacora.com.ar\/web\/wp-json\/wp\/v2\/media?parent=24148"}],"wp:term":[{"taxonomy":"category","embeddable":true,"href":"https:\/\/radiobitacora.com.ar\/web\/wp-json\/wp\/v2\/categories?post=24148"},{"taxonomy":"post_tag","embeddable":true,"href":"https:\/\/radiobitacora.com.ar\/web\/wp-json\/wp\/v2\/tags?post=24148"}],"curies":[{"name":"wp","href":"https:\/\/api.w.org\/{rel}","templated":true}]}}