{"id":24171,"date":"2025-06-20T17:42:17","date_gmt":"2025-06-20T20:42:17","guid":{"rendered":"https:\/\/radiobitacora.com.ar\/web\/?p=24171"},"modified":"2025-06-20T17:42:17","modified_gmt":"2025-06-20T20:42:17","slug":"quien-era-juan-pablo-jimenez-el-prestigioso-economista-que-encontraron-muerto-en-su-departamento-de-palermo","status":"publish","type":"post","link":"https:\/\/radiobitacora.com.ar\/web\/2025\/06\/20\/quien-era-juan-pablo-jimenez-el-prestigioso-economista-que-encontraron-muerto-en-su-departamento-de-palermo\/","title":{"rendered":"QUI\u00c9N ERA JUAN PABLO JIM\u00c9NEZ, EL PRESTIGIOSO ECONOMISTA QUE ENCONTRARON MUERTO EN SU DEPARTAMENTO DE PALERMO"},"content":{"rendered":"<h2 class=\"article__dropline font__body\">Ten\u00eda 61 a\u00f1os y una larga trayectoria en universidades de Argentina y otros pa\u00edses. Seg\u00fan la hip\u00f3tesis principal, dos mujeres lo habr\u00edan asfixiado para robarle.<\/h2>\n<p class=\"paragraph font__body-regular\">Al comprobar que\u00a0<b>Juan Pablo Jim\u00e9nez<\/b>\u00a0no respond\u00eda al timbre, los golpes en la puerta y los llamados a su celular, una empleada de limpieza y el encargado del edificio llamaron a la Polic\u00eda. Los efectivos encontraron el peor escenario posible:\u00a0<a title=\"https:\/\/tn.com.ar\/policiales\/2025\/06\/20\/encontraron-muerto-a-un-economista-en-su-departamento-sospechan-que-dos-mujeres-le-robaron-y-lo-asfixiaron\/\" href=\"https:\/\/tn.com.ar\/policiales\/2025\/06\/20\/encontraron-muerto-a-un-economista-en-su-departamento-sospechan-que-dos-mujeres-le-robaron-y-lo-asfixiaron\/\" target=\"_blank\" rel=\"noopener noreferrer\">el economista de 61 a\u00f1os estaba muerto<\/a>.<\/p>\n<div id=\"ad-slot-infeed\" class=\"infeed-container\"><\/div>\n<p class=\"paragraph font__body-regular\">Seg\u00fan las primeros resultados de la pericias, Jim\u00e9nez habr\u00eda sido asfixiado hasta la muerte por dos mujeres a las que les habr\u00eda permitido el ingreso a su departamento de la calle Castex, en Palermo. En el lugar los polic\u00edas tambi\u00e9n hallaron\u00a0<b>botellas de alcohol y estupefacientes<\/b>. El m\u00f3vil del crimen, seg\u00fan creen los investigadores a cargo del fiscal C\u00e9sar Troncoso, ser\u00eda un robo.<\/p>\n<p class=\"paragraph font__body-regular\"><i><b>Le\u00e9 tambi\u00e9n:\u00a0<\/b><\/i><a title=\"Pintaban un poste de luz, recibieron una descarga y murieron electrocutados: el caso que conmocion\u00f3 San Miguel\" href=\"https:\/\/tn.com.ar\/policiales\/2025\/06\/20\/pintaban-un-poste-de-luz-recibieron-una-descarga-y-murieron-electrocutados-el-caso-que-conmociono-san-miguel\/\"><i><b>Pintaban un poste de luz, recibieron una descarga y murieron electrocutados: el caso que conmocion\u00f3 San Miguel<\/b><\/i><\/a><\/p>\n<p class=\"paragraph font__body-regular\">Seg\u00fan lo que comparti\u00f3 Jim\u00e9nez en sus redes sociales, creci\u00f3 en el partido de Hurlingham y era\u00a0<b>hincha de River Plate<\/b>. Adem\u00e1s,\u00a0<b>ten\u00eda un hijo<\/b>\u00a0llamado Rafael.<\/p>\n<p class=\"paragraph font__body-regular\">En di\u00e1logo con\u00a0<b>TN<\/b>, un amigo de la v\u00edctima cont\u00f3 que era un \u201c<b>hombre excepcional<\/b>\u201d. Ambos se hicieron cercanos a fines de la d\u00e9cada de los 90 cuando viv\u00edan en Nueva York, mientras cursaban sus estudios. \u201cHizo una carrera muy importante y no lo puedo ver m\u00e1s.\u00a0<b>Me llena de tristeza<\/b>\u201d, sum\u00f3 Roberto. Por otra parte, indic\u00f3 que aparentemente Jim\u00e9nez habr\u00eda estado separado de su pareja desde hace un tiempo.<\/p>\n<figure class=\"\" data-testid=\"figure-testid\">\n<div class=\"aspect_ratio__container\"><picture class=\"responsive-image\"><source srcset=\"https:\/\/tn.com.ar\/resizer\/v2\/juan-pablo-jimenez-tenia-61-anos-y-vivia-en-un-departamento-en-el-barrio-porteno-de-palermo-foto-cippec-MPVORNMVJ5FPNK733FPKYGHINI.PNG?auth=775eff582ea02cdb1dff51b64b812be673d3103ed4bf441d305b15521c8ae86b&amp;width=767\" type=\"image\/jpg\" media=\"(max-width: 728px)\" \/><source srcset=\"https:\/\/tn.com.ar\/resizer\/v2\/juan-pablo-jimenez-tenia-61-anos-y-vivia-en-un-departamento-en-el-barrio-porteno-de-palermo-foto-cippec-MPVORNMVJ5FPNK733FPKYGHINI.PNG?auth=775eff582ea02cdb1dff51b64b812be673d3103ed4bf441d305b15521c8ae86b&amp;width=1023\" type=\"image\/jpg\" media=\"(max-width: 1023px)\" \/><source srcset=\"https:\/\/tn.com.ar\/resizer\/v2\/juan-pablo-jimenez-tenia-61-anos-y-vivia-en-un-departamento-en-el-barrio-porteno-de-palermo-foto-cippec-MPVORNMVJ5FPNK733FPKYGHINI.PNG?auth=775eff582ea02cdb1dff51b64b812be673d3103ed4bf441d305b15521c8ae86b&amp;width=1440\" type=\"image\/jpg\" \/><img loading=\"lazy\" decoding=\"async\" class=\"image content-image image_placeholder\" src=\"https:\/\/tn.com.ar\/resizer\/v2\/juan-pablo-jimenez-tenia-61-anos-y-vivia-en-un-departamento-en-el-barrio-porteno-de-palermo-foto-cippec-MPVORNMVJ5FPNK733FPKYGHINI.PNG?auth=775eff582ea02cdb1dff51b64b812be673d3103ed4bf441d305b15521c8ae86b&amp;width=767\" alt=\"Juan Pablo Jim\u00e9nez ten\u00eda 61 a\u00f1os y viv\u00eda en un departamento en el barrio porte\u00f1o de Palermo. (Foto: CIPPEC)\" width=\"767\" height=\"782\" data-testid=\"loading-testid\" \/><\/picture><\/div><figcaption class=\"caption_image\" data-testid=\"figcaption-testid\">\n<div class=\"image_caption \">Juan Pablo Jim\u00e9nez ten\u00eda 61 a\u00f1os y viv\u00eda en un departamento en el barrio porte\u00f1o de Palermo. (Foto: CIPPEC)<\/div>\n<\/figcaption><\/figure>\n<p class=\"paragraph font__body-regular\">Recibido en la Universidad de Buenos Aires y con dos m\u00e1sters (uno en la Pol\u00edticas P\u00fablicas de la Universidad de Columbia, Estados Unidos, y otro en Econom\u00eda en el Instituto Di Tella), Juan Pablo Jim\u00e9nez hab\u00eda edificado una<b>\u00a0extensa y respetable trayectoria como economista de m\u00e1s de tres d\u00e9cadas<\/b>.<\/p>\n<p class=\"paragraph font__body-regular\"><b>Escribi\u00f3 libros, art\u00edculos y publicaciones<\/b>\u00a0en temas como desarrollo econ\u00f3mico, econom\u00eda p\u00fablica, pol\u00edtica fiscal y cambio clim\u00e1tico, entre otros. Adem\u00e1s, era vicepresidente de la Asociaci\u00f3n Iberoamericana de Financiaci\u00f3n Local (AIFIL), profesor de Finanzas P\u00fablicas de la Facultad Latinoamericana de Ciencias Sociales (FLACSO) e investigador del Proyecto Extractivism.de de la Universidad de Kassel, Alemania.<\/p>\n<p class=\"paragraph font__body-regular\">Jim\u00e9nez tambi\u00e9n fue director de la Oficina de la Comisi\u00f3n Econ\u00f3mica para Am\u00e9rica Latina y el Caribe (CEPAL) de Uruguay y coordinador del \u00e1rea fiscal de CEPAL, Santiago de Chile. Fue\u00a0<b>profesor e investigador<\/b>\u00a0visitante de la Universidad de Columbia, la Universidad de Torino, la Universidad Libre de Berl\u00edn, la Universidad de Santiago de Compostela, la Universidad de Kassel y la Universidad de la Habana. Asimismo, fue sido\u00a0<b>consultor\u00a0<\/b>de numerosas organizaciones.<\/p>\n<figure class=\"\" data-testid=\"figure-testid\">\n<div class=\"aspect_ratio__container\"><picture class=\"responsive-image\"><source srcset=\"https:\/\/tn.com.ar\/resizer\/v2\/segun-sus-redes-sociales-jimenez-era-padre-de-un-chico-y-era-hincha-de-river-plate-foto-linkedin-juan-pablo-jimenez-4Y3SBMIIKJFKZL2DPMRLWGTJ5M.PNG?auth=62037bd6c365107e1350ed38164fd023eabb2c5449a8556642f820a7c713dc25&amp;width=767\" type=\"image\/jpg\" media=\"(max-width: 728px)\" \/><source srcset=\"https:\/\/tn.com.ar\/resizer\/v2\/segun-sus-redes-sociales-jimenez-era-padre-de-un-chico-y-era-hincha-de-river-plate-foto-linkedin-juan-pablo-jimenez-4Y3SBMIIKJFKZL2DPMRLWGTJ5M.PNG?auth=62037bd6c365107e1350ed38164fd023eabb2c5449a8556642f820a7c713dc25&amp;width=1023\" type=\"image\/jpg\" media=\"(max-width: 1023px)\" \/><source srcset=\"https:\/\/tn.com.ar\/resizer\/v2\/segun-sus-redes-sociales-jimenez-era-padre-de-un-chico-y-era-hincha-de-river-plate-foto-linkedin-juan-pablo-jimenez-4Y3SBMIIKJFKZL2DPMRLWGTJ5M.PNG?auth=62037bd6c365107e1350ed38164fd023eabb2c5449a8556642f820a7c713dc25&amp;width=1440\" type=\"image\/jpg\" \/><img loading=\"lazy\" decoding=\"async\" class=\"image content-image image_placeholder\" src=\"https:\/\/tn.com.ar\/resizer\/v2\/segun-sus-redes-sociales-jimenez-era-padre-de-un-chico-y-era-hincha-de-river-plate-foto-linkedin-juan-pablo-jimenez-4Y3SBMIIKJFKZL2DPMRLWGTJ5M.PNG?auth=62037bd6c365107e1350ed38164fd023eabb2c5449a8556642f820a7c713dc25&amp;width=767\" alt=\"Seg\u00fan sus redes sociales, Jim\u00e9nez era padre de un chico y era hincha de River Plate. (Foto: Linkedin \/ Juan Pablo Jim\u00e9nez)\" width=\"767\" height=\"754\" data-testid=\"loading-testid\" \/><\/picture><\/div><figcaption class=\"caption_image\" data-testid=\"figcaption-testid\">\n<div class=\"image_caption \">Seg\u00fan sus redes sociales, Jim\u00e9nez era padre de un chico y era hincha de River Plate. (Foto: Linkedin \/ Juan Pablo Jim\u00e9nez)<\/div>\n<\/figcaption><\/figure>\n<h2 class=\"font--primary font__display\">La investigaci\u00f3n<\/h2>\n<p class=\"paragraph font__body-regular\">Seg\u00fan las primeras informaciones del caso,\u00a0<b>una trabajadora de limpieza y el encargado del edificio<\/b>\u00a0fueron quienes alertaron a la Polic\u00eda al percatarse de que el hombre no respond\u00eda al timbre, llamados y mensajes.<\/p>\n<p class=\"paragraph font__body-regular\">Cuando llegaron las autoridades y entraron al departamento A, encontraron el cuerpo de Jim\u00e9nez con las manos atadas y amordazado. A su alrededor, hab\u00eda botellas de alcohol y, de acuerdo con las fuentes oficiales, tambi\u00e9n hab\u00eda estupefacientes.<\/p>\n<p class=\"paragraph font__body-regular\">La investigaci\u00f3n contin\u00faa como un\u00a0<a title=\"https:\/\/tn.com.ar\/policiales\/2025\/06\/19\/horror-en-varela-un-joven-con-esquizofrenia-mato-a-palazos-a-su-abuela-y-arrastro-el-cuerpo-hasta-la-vereda\/\" href=\"https:\/\/tn.com.ar\/policiales\/2025\/06\/19\/horror-en-varela-un-joven-con-esquizofrenia-mato-a-palazos-a-su-abuela-y-arrastro-el-cuerpo-hasta-la-vereda\/\" target=\"_blank\" rel=\"noopener noreferrer\">homicidio<\/a>. Por el momento, los especialistas<b>\u00a0sospechan que la v\u00edctima de 61 a\u00f1os conoc\u00eda a los agresores<\/b>\u00a0porque ninguna de las cerraduras fue forzada, lo que indicar\u00eda que \u00e9l los dej\u00f3 pasar o lleg\u00f3 acompa\u00f1ado al inmueble.<\/p>\n<p class=\"paragraph font__body-regular\"><i><b>Le\u00e9 tambi\u00e9n:\u00a0<\/b><\/i><a title=\"Encontraron muerto a un economista en su departamento: dos mujeres lo habr\u00edan asfixiado para robarle\" href=\"https:\/\/tn.com.ar\/policiales\/2025\/06\/20\/encontraron-muerto-a-un-economista-en-su-departamento-sospechan-que-dos-mujeres-le-robaron-y-lo-asfixiaron\/\"><i><b>Encontraron muerto a un economista en su departamento: dos mujeres lo habr\u00edan asfixiado para robarle<\/b><\/i><\/a><\/p>\n<p class=\"paragraph font__body-regular\">Durante la noche del jueves, los vecinos escucharon algunos sonidos, pero era algo recurrente desde que el economista se mud\u00f3 al edificio hace tres meses. De hecho, la propietaria del departamento le hab\u00eda dado un ultim\u00e1tum de una semana para que dejara de hacer<b>\u00a0ruido pr\u00e1cticamente todas las noches<\/b>, porque recib\u00eda muchas quejas.<\/p>\n","protected":false},"excerpt":{"rendered":"<p>Ten\u00eda 61 a\u00f1os y una larga trayectoria en universidades de Argentina y otros pa\u00edses. Seg\u00fan la hip\u00f3tesis principal, dos mujeres lo habr\u00edan asfixiado para robarle. Al comprobar que\u00a0Juan Pablo Jim\u00e9nez\u00a0no respond\u00eda al timbre, los golpes en la puerta y los llamados a su celular, una empleada de limpieza y el encargado del edificio llamaron a [&hellip;]<\/p>\n","protected":false},"author":2,"featured_media":24172,"comment_status":"closed","ping_status":"closed","sticky":false,"template":"","format":"standard","meta":{"footnotes":""},"categories":[77],"tags":[],"class_list":{"0":"post-24171","1":"post","2":"type-post","3":"status-publish","4":"format-standard","5":"has-post-thumbnail","7":"category-nacionales"},"_links":{"self":[{"href":"https:\/\/radiobitacora.com.ar\/web\/wp-json\/wp\/v2\/posts\/24171","targetHints":{"allow":["GET"]}}],"collection":[{"href":"https:\/\/radiobitacora.com.ar\/web\/wp-json\/wp\/v2\/posts"}],"about":[{"href":"https:\/\/radiobitacora.com.ar\/web\/wp-json\/wp\/v2\/types\/post"}],"author":[{"embeddable":true,"href":"https:\/\/radiobitacora.com.ar\/web\/wp-json\/wp\/v2\/users\/2"}],"replies":[{"embeddable":true,"href":"https:\/\/radiobitacora.com.ar\/web\/wp-json\/wp\/v2\/comments?post=24171"}],"version-history":[{"count":0,"href":"https:\/\/radiobitacora.com.ar\/web\/wp-json\/wp\/v2\/posts\/24171\/revisions"}],"wp:featuredmedia":[{"embeddable":true,"href":"https:\/\/radiobitacora.com.ar\/web\/wp-json\/wp\/v2\/media\/24172"}],"wp:attachment":[{"href":"https:\/\/radiobitacora.com.ar\/web\/wp-json\/wp\/v2\/media?parent=24171"}],"wp:term":[{"taxonomy":"category","embeddable":true,"href":"https:\/\/radiobitacora.com.ar\/web\/wp-json\/wp\/v2\/categories?post=24171"},{"taxonomy":"post_tag","embeddable":true,"href":"https:\/\/radiobitacora.com.ar\/web\/wp-json\/wp\/v2\/tags?post=24171"}],"curies":[{"name":"wp","href":"https:\/\/api.w.org\/{rel}","templated":true}]}}