{"id":24218,"date":"2025-06-21T18:50:22","date_gmt":"2025-06-21T21:50:22","guid":{"rendered":"https:\/\/radiobitacora.com.ar\/web\/?p=24218"},"modified":"2025-06-21T19:04:56","modified_gmt":"2025-06-21T22:04:56","slug":"promesa-de-lealtad-a-la-bandera-y-pasaje-de-honor","status":"publish","type":"post","link":"https:\/\/radiobitacora.com.ar\/web\/2025\/06\/21\/promesa-de-lealtad-a-la-bandera-y-pasaje-de-honor\/","title":{"rendered":"PROMESA DE LEALTAD A LA BANDERA Y PASAJE DE HONOR"},"content":{"rendered":"<p style=\"font-weight: 400;\">En el d\u00eda de la conmemoraci\u00f3n del paso a la Inmortalidad y de nuestra Bandera nacional, cerca de un millar de alumnos de 4to grado, de los establecimientos educativos de nuestra ciudad, realizaron su promesa de fidelidad y lealtad a la Bandera, en el acto central desarrollado en el Predio Costa Surub\u00ed.<\/p>\n<p><img loading=\"lazy\" decoding=\"async\" class=\"wp-image-24219 alignleft\" src=\"https:\/\/radiobitacora.com.ar\/web\/wp-content\/uploads\/2025\/06\/PASAJE-DE-HONOR-Y-PROMESA-LEALTAD-2.jpg\" alt=\"\" width=\"314\" height=\"209\" srcset=\"https:\/\/radiobitacora.com.ar\/web\/wp-content\/uploads\/2025\/06\/PASAJE-DE-HONOR-Y-PROMESA-LEALTAD-2.jpg 1600w, https:\/\/radiobitacora.com.ar\/web\/wp-content\/uploads\/2025\/06\/PASAJE-DE-HONOR-Y-PROMESA-LEALTAD-2-696x464.jpg 696w, https:\/\/radiobitacora.com.ar\/web\/wp-content\/uploads\/2025\/06\/PASAJE-DE-HONOR-Y-PROMESA-LEALTAD-2-1068x712.jpg 1068w, https:\/\/radiobitacora.com.ar\/web\/wp-content\/uploads\/2025\/06\/PASAJE-DE-HONOR-Y-PROMESA-LEALTAD-2-630x420.jpg 630w\" sizes=\"auto, (max-width: 314px) 100vw, 314px\" \/> <img loading=\"lazy\" decoding=\"async\" class=\"wp-image-24220 alignnone\" src=\"https:\/\/radiobitacora.com.ar\/web\/wp-content\/uploads\/2025\/06\/PASAJE-DE-HONOR-Y-PROMESA-LEALTAD-8.jpg\" alt=\"\" width=\"324\" height=\"216\" srcset=\"https:\/\/radiobitacora.com.ar\/web\/wp-content\/uploads\/2025\/06\/PASAJE-DE-HONOR-Y-PROMESA-LEALTAD-8.jpg 1600w, https:\/\/radiobitacora.com.ar\/web\/wp-content\/uploads\/2025\/06\/PASAJE-DE-HONOR-Y-PROMESA-LEALTAD-8-696x464.jpg 696w, https:\/\/radiobitacora.com.ar\/web\/wp-content\/uploads\/2025\/06\/PASAJE-DE-HONOR-Y-PROMESA-LEALTAD-8-1068x712.jpg 1068w, https:\/\/radiobitacora.com.ar\/web\/wp-content\/uploads\/2025\/06\/PASAJE-DE-HONOR-Y-PROMESA-LEALTAD-8-630x420.jpg 630w\" sizes=\"auto, (max-width: 324px) 100vw, 324px\" \/><\/p>\n<p><img loading=\"lazy\" decoding=\"async\" class=\"wp-image-24222 alignright\" src=\"https:\/\/radiobitacora.com.ar\/web\/wp-content\/uploads\/2025\/06\/PASAJE-DE-HONOR-Y-PROMESA-LEALTAD-7.jpg\" alt=\"\" width=\"329\" height=\"219\" srcset=\"https:\/\/radiobitacora.com.ar\/web\/wp-content\/uploads\/2025\/06\/PASAJE-DE-HONOR-Y-PROMESA-LEALTAD-7.jpg 1600w, https:\/\/radiobitacora.com.ar\/web\/wp-content\/uploads\/2025\/06\/PASAJE-DE-HONOR-Y-PROMESA-LEALTAD-7-696x464.jpg 696w, https:\/\/radiobitacora.com.ar\/web\/wp-content\/uploads\/2025\/06\/PASAJE-DE-HONOR-Y-PROMESA-LEALTAD-7-1068x712.jpg 1068w, https:\/\/radiobitacora.com.ar\/web\/wp-content\/uploads\/2025\/06\/PASAJE-DE-HONOR-Y-PROMESA-LEALTAD-7-630x420.jpg 630w\" sizes=\"auto, (max-width: 329px) 100vw, 329px\" \/>La ceremonia de promesa a la bandera fue realizada por la Supervisora Escolar del Nivel Primario Norma Monz\u00f3n, acompa\u00f1ada del Intendente Municipal Mariano Hormaechea.<\/p>\n<p style=\"font-weight: 400;\">Las escuelas y alumnos participantes de este acto que marca un hecho trascendente para los j\u00f3venes estudiantes, fueron las<\/p>\n<p style=\"font-weight: 400;\">siguientes:<\/p>\n<p style=\"font-weight: 400;\">65 JOSE EUSEBIO GOMEZ \u00a0\u00a0200<\/p>\n<p style=\"font-weight: 400;\">67 ISABEL KING 55<\/p>\n<p style=\"font-weight: 400;\">197 MANUEL ANTONIO PANDO 80<\/p>\n<p style=\"font-weight: 400;\">207 ENRIQUE CARLES VILA0 90<\/p>\n<p style=\"font-weight: 400;\">370 MANUEL BELGRANO 50<\/p>\n<p style=\"font-weight: 400;\">440 COMPA\u00d1\u00cdA DE INGENIEROS 7 90<\/p>\n<p style=\"font-weight: 400;\">463 PROVINCIA DE LA PAMPA 60<\/p>\n<p style=\"font-weight: 400;\">511 PREFECTURA NAVAL ARGENTINA 125<\/p>\n<p style=\"font-weight: 400;\">601 OSCAR ADOLFO MORAN 48<\/p>\n<p style=\"font-weight: 400;\">717 OBISPO ALBERTO DEVOTO 27<\/p>\n<p style=\"font-weight: 400;\">Especial N\u00b0 2 JOHN FITZGERALD KENNEDY 24<\/p>\n<p style=\"font-weight: 400;\">348 DO\u00d1A GOYA 16<\/p>\n<p style=\"font-weight: 400;\">281 SOFIA CHALUB 13 y,<\/p>\n<p style=\"font-weight: 400;\">ESCUELA NORMAL \u201cDR. MARIANO I. LOZA\u201d m\u00e1s de un centenar de alumnos<\/p>\n<p style=\"font-weight: 400;\">Con enorme alegr\u00eda los ni\u00f1os de esas escuelas prestaron en la ma\u00f1ana del viernes su promesa de lealtad a la bandera.<\/p>\n<p style=\"font-weight: 400;\"><img loading=\"lazy\" decoding=\"async\" class=\"aligncenter size-full wp-image-24224\" src=\"https:\/\/radiobitacora.com.ar\/web\/wp-content\/uploads\/2025\/06\/PASAJE-DE-HONOR-Y-PROMESA-LEALTAD-15.jpg\" alt=\"\" width=\"1600\" height=\"1066\" srcset=\"https:\/\/radiobitacora.com.ar\/web\/wp-content\/uploads\/2025\/06\/PASAJE-DE-HONOR-Y-PROMESA-LEALTAD-15.jpg 1600w, https:\/\/radiobitacora.com.ar\/web\/wp-content\/uploads\/2025\/06\/PASAJE-DE-HONOR-Y-PROMESA-LEALTAD-15-696x464.jpg 696w, https:\/\/radiobitacora.com.ar\/web\/wp-content\/uploads\/2025\/06\/PASAJE-DE-HONOR-Y-PROMESA-LEALTAD-15-1068x712.jpg 1068w, https:\/\/radiobitacora.com.ar\/web\/wp-content\/uploads\/2025\/06\/PASAJE-DE-HONOR-Y-PROMESA-LEALTAD-15-630x420.jpg 630w\" sizes=\"auto, (max-width: 1600px) 100vw, 1600px\" \/><\/p>\n<p style=\"font-weight: 400;\">PASAJE DE HONOR<\/p>\n<p style=\"font-weight: 400;\">Finalizado el acto central, las instituciones educativas de los niveles, secundario, primario y terciario junto a las escuelas municipales y las fuerzas armadas y de seguridad, efectuaron el Pasaje de Honor, honrando la memoria de uno de las Padres de la Patria, el General Manuel Belgrano, acompa\u00f1ados por los acordes y sones de la Banda Militar \u201cPuerto Argentino\u201d del Batall\u00f3n de Ingeniero de Monte 12, bajo la direcci\u00f3n de su Maestro de Banda Teniente 1\u00ba Alberto Esteban C\u00f3rdoba y el Segundo Maestro de Banda Suboficial Mayor Ariel Callejas.<\/p>\n<p style=\"font-weight: 400;\">Los establecimientos educativos protagonistas de ese momento fueron:<\/p>\n<p style=\"font-weight: 400;\">Colegios Secundarios: \u201cMagdalena G\u00fcemes de Tejada\u201d; \u201cDr. Juan Eusebio Torrent\u201d; \u201cBrigadier Mayor Rub\u00e9n Zini\u201d; \u201cGregoria Morales\u201d; \u201cSagrado Coraz\u00f3n de Jes\u00fas\u201d; Escuela T\u00e9cnica \u201cArq. Francisco Pinaroli\u201d; Instituto Santa Teresa de Jes\u00fas; Hispanoamericano; Escuela Normal \u201cDr. Mariano I. Loza\u201d; Escuela Parroquial \u201cLa Rotonda\u201d; Instituto Presb\u00edtero Manuel Alberti\u201d; Instituto \u201cGeneral San Martin\u201d; Cespa N\u00famero 1; las Escuelas Municipales \u201cAntonio R. Villarreal\u201d y \u201cNuestra Se\u00f1ora de Itati\u201d, las instituciones del nivel superior Instituto Superior Goya y el ITG (Instituto Tecnol\u00f3gico Goya) dependiente de la Secretar\u00eda de Educaci\u00f3n de la Municipalidad de Goya.<\/p>\n<p style=\"font-weight: 400;\">Escuelas del Nivel Primario: Especial N\u00famero 2 \u201cJohn F. Kennedy\u201d; 65 \u201cJos\u00e9 Eusebio Gomez\u201d; 440 \u201cCompa\u00f1\u00eda de Ingenieros 7\u201d; 463 \u201cProvincia de La Pampa\u201d; 601 \u201cOscar Adolfo Moran\u201d; 511 \u201cPrefectura Naval Argentina\u201d; 207 \u201cEnrique Carles Vila\u201d; 281 \u201cSof\u00eda Chalub\u201d; 370 \u201cManuel Belgrano\u201d; 67 \u201cIsabel King\u201d; 348 \u201cDo\u00f1a Goya\u201d.<\/p>\n<p style=\"font-weight: 400;\">Por el lado de las Fuerzas Armadas y de Seguridad, lo hicieron el Ej\u00e9rcito Argentino: el Batall\u00f3n de Ingeniero de Monte 12; Prefectura Naval Goya; Polic\u00eda de la Provincia de Corrientes; \u201cUnidad Especial Seguridad Rural y Ecol\u00f3gica de la Ciudad de Goya\u201d (PRIAR); Unidad Penitenciaria y Bomberos Voluntarios de Goya<\/p>\n<p style=\"font-weight: 400;\"><img loading=\"lazy\" decoding=\"async\" class=\"aligncenter size-full wp-image-24225\" src=\"https:\/\/radiobitacora.com.ar\/web\/wp-content\/uploads\/2025\/06\/PASAJE-DE-HONOR-Y-PROMESA-LEALTAD-14.jpg\" alt=\"\" width=\"1600\" height=\"1066\" srcset=\"https:\/\/radiobitacora.com.ar\/web\/wp-content\/uploads\/2025\/06\/PASAJE-DE-HONOR-Y-PROMESA-LEALTAD-14.jpg 1600w, https:\/\/radiobitacora.com.ar\/web\/wp-content\/uploads\/2025\/06\/PASAJE-DE-HONOR-Y-PROMESA-LEALTAD-14-696x464.jpg 696w, https:\/\/radiobitacora.com.ar\/web\/wp-content\/uploads\/2025\/06\/PASAJE-DE-HONOR-Y-PROMESA-LEALTAD-14-1068x712.jpg 1068w, https:\/\/radiobitacora.com.ar\/web\/wp-content\/uploads\/2025\/06\/PASAJE-DE-HONOR-Y-PROMESA-LEALTAD-14-630x420.jpg 630w\" sizes=\"auto, (max-width: 1600px) 100vw, 1600px\" \/><\/p>\n<p style=\"font-weight: 400;\">Direcci\u00f3n de Prensa-Municipalidad de Goya<\/p>\n","protected":false},"excerpt":{"rendered":"<p>En el d\u00eda de la conmemoraci\u00f3n del paso a la Inmortalidad y de nuestra Bandera nacional, cerca de un millar de alumnos de 4to grado, de los establecimientos educativos de nuestra ciudad, realizaron su promesa de fidelidad y lealtad a la Bandera, en el acto central desarrollado en el Predio Costa Surub\u00ed. La ceremonia de [&hellip;]<\/p>\n","protected":false},"author":2,"featured_media":24226,"comment_status":"closed","ping_status":"closed","sticky":false,"template":"","format":"standard","meta":{"footnotes":""},"categories":[56],"tags":[],"class_list":{"0":"post-24218","1":"post","2":"type-post","3":"status-publish","4":"format-standard","5":"has-post-thumbnail","7":"category-locales"},"_links":{"self":[{"href":"https:\/\/radiobitacora.com.ar\/web\/wp-json\/wp\/v2\/posts\/24218","targetHints":{"allow":["GET"]}}],"collection":[{"href":"https:\/\/radiobitacora.com.ar\/web\/wp-json\/wp\/v2\/posts"}],"about":[{"href":"https:\/\/radiobitacora.com.ar\/web\/wp-json\/wp\/v2\/types\/post"}],"author":[{"embeddable":true,"href":"https:\/\/radiobitacora.com.ar\/web\/wp-json\/wp\/v2\/users\/2"}],"replies":[{"embeddable":true,"href":"https:\/\/radiobitacora.com.ar\/web\/wp-json\/wp\/v2\/comments?post=24218"}],"version-history":[{"count":0,"href":"https:\/\/radiobitacora.com.ar\/web\/wp-json\/wp\/v2\/posts\/24218\/revisions"}],"wp:featuredmedia":[{"embeddable":true,"href":"https:\/\/radiobitacora.com.ar\/web\/wp-json\/wp\/v2\/media\/24226"}],"wp:attachment":[{"href":"https:\/\/radiobitacora.com.ar\/web\/wp-json\/wp\/v2\/media?parent=24218"}],"wp:term":[{"taxonomy":"category","embeddable":true,"href":"https:\/\/radiobitacora.com.ar\/web\/wp-json\/wp\/v2\/categories?post=24218"},{"taxonomy":"post_tag","embeddable":true,"href":"https:\/\/radiobitacora.com.ar\/web\/wp-json\/wp\/v2\/tags?post=24218"}],"curies":[{"name":"wp","href":"https:\/\/api.w.org\/{rel}","templated":true}]}}