{"id":24287,"date":"2025-06-23T12:30:01","date_gmt":"2025-06-23T15:30:01","guid":{"rendered":"https:\/\/radiobitacora.com.ar\/web\/?p=24287"},"modified":"2025-06-23T12:30:12","modified_gmt":"2025-06-23T15:30:12","slug":"corrientes-tres-detenidos-por-protagonizar-pelea-y-disturbios-en-un-local-de-comidas","status":"publish","type":"post","link":"https:\/\/radiobitacora.com.ar\/web\/2025\/06\/23\/corrientes-tres-detenidos-por-protagonizar-pelea-y-disturbios-en-un-local-de-comidas\/","title":{"rendered":"CORRIENTES: TRES DETENIDOS POR PROTAGONIZAR PELEA Y DISTURBIOS EN UN LOCAL DE COMIDAS"},"content":{"rendered":"<header>\n<div>\n<p>La Polic\u00eda de Corrientes demor\u00f3 a tres hombres que protagonizaban una ri\u00f1a de dimensiones y causaban disturbios en el local de comidas &#8220;El Buen Asador&#8221;, ubicado en la intersecci\u00f3n de Avenida Centenario y Calle Medrano, en zona del barrio San Jos\u00e9.<\/p>\n<\/div>\n<\/header>\n<section class=\"body\">\n<section class=\"content\">\n<div class=\"main-text\">\n<div class=\"social\">\n<div class=\"share\"><\/div>\n<\/div>\n<p>Se presume que los tres imputados por los disturbios estaban alcoholizados. El mayor de los de tenidos tiene 39 a\u00f1os y\u00a0 el menor 22.<\/p>\n<p>En el operativo tambi\u00e9n se secuestr\u00f3 un autom\u00f3vil.<\/p>\n<p>Los efectivos fueron alertados v\u00eda radial por el sistema SIS 911 sobre la situaci\u00f3n. Al llegar al lugar, el personal policial observ\u00f3 al m\u00f3vil C-134 de la Comisar\u00eda Contravencional forcejeando con los sujetos, quienes se resist\u00edan a la demora.<\/p>\n<p>Se constat\u00f3 que los individuos se encontraban bajo los efectos de bebidas alcoh\u00f3licas, incitando a pelear a los clientes y generando intranquilidad entre los comensales. Ante esta situaci\u00f3n, se hizo necesario el uso de la fuerza m\u00ednima indispensable para reducirlos.<\/p>\n<p>Los demorados fueron identificados como: Ra\u00fal David, de 39 a\u00f1os; Mat\u00edas Nicol\u00e1s, de 23 a\u00f1os, con domicilio Quinta Ferr\u00e9; yCristian Alejandro, de 22 a\u00f1os<\/p>\n<p>Asimismo, se procedi\u00f3 al secuestro preventivo de un autom\u00f3vil Volkswagen Bora de color rojo, con n\u00famero de chasis BUWSB49M67M609517 y n\u00famero de motor BEO10468, que se encontraba a nombre de la se\u00f1ora G. M.<\/p>\n<p>Los tres hombres fueron alojados en la Comisar\u00eda Seccional 16\u00b0 Capital para continuar con los tr\u00e1mites de rigor.<\/p>\n<\/div>\n<\/section>\n<\/section>\n","protected":false},"excerpt":{"rendered":"<p>La Polic\u00eda de Corrientes demor\u00f3 a tres hombres que protagonizaban una ri\u00f1a de dimensiones y causaban disturbios en el local de comidas &#8220;El Buen Asador&#8221;, ubicado en la intersecci\u00f3n de Avenida Centenario y Calle Medrano, en zona del barrio San Jos\u00e9. Se presume que los tres imputados por los disturbios estaban alcoholizados. El mayor de [&hellip;]<\/p>\n","protected":false},"author":2,"featured_media":24288,"comment_status":"closed","ping_status":"closed","sticky":false,"template":"","format":"standard","meta":{"footnotes":""},"categories":[84],"tags":[],"class_list":{"0":"post-24287","1":"post","2":"type-post","3":"status-publish","4":"format-standard","5":"has-post-thumbnail","7":"category-policiales"},"_links":{"self":[{"href":"https:\/\/radiobitacora.com.ar\/web\/wp-json\/wp\/v2\/posts\/24287","targetHints":{"allow":["GET"]}}],"collection":[{"href":"https:\/\/radiobitacora.com.ar\/web\/wp-json\/wp\/v2\/posts"}],"about":[{"href":"https:\/\/radiobitacora.com.ar\/web\/wp-json\/wp\/v2\/types\/post"}],"author":[{"embeddable":true,"href":"https:\/\/radiobitacora.com.ar\/web\/wp-json\/wp\/v2\/users\/2"}],"replies":[{"embeddable":true,"href":"https:\/\/radiobitacora.com.ar\/web\/wp-json\/wp\/v2\/comments?post=24287"}],"version-history":[{"count":0,"href":"https:\/\/radiobitacora.com.ar\/web\/wp-json\/wp\/v2\/posts\/24287\/revisions"}],"wp:featuredmedia":[{"embeddable":true,"href":"https:\/\/radiobitacora.com.ar\/web\/wp-json\/wp\/v2\/media\/24288"}],"wp:attachment":[{"href":"https:\/\/radiobitacora.com.ar\/web\/wp-json\/wp\/v2\/media?parent=24287"}],"wp:term":[{"taxonomy":"category","embeddable":true,"href":"https:\/\/radiobitacora.com.ar\/web\/wp-json\/wp\/v2\/categories?post=24287"},{"taxonomy":"post_tag","embeddable":true,"href":"https:\/\/radiobitacora.com.ar\/web\/wp-json\/wp\/v2\/tags?post=24287"}],"curies":[{"name":"wp","href":"https:\/\/api.w.org\/{rel}","templated":true}]}}