{"id":24332,"date":"2025-06-23T20:25:15","date_gmt":"2025-06-23T23:25:15","guid":{"rendered":"https:\/\/radiobitacora.com.ar\/web\/?p=24332"},"modified":"2025-06-23T20:25:28","modified_gmt":"2025-06-23T23:25:28","slug":"lanzan-gran-hermano-generacion-dorada-de-que-trata-y-quienes-pueden-inscribirse","status":"publish","type":"post","link":"https:\/\/radiobitacora.com.ar\/web\/2025\/06\/23\/lanzan-gran-hermano-generacion-dorada-de-que-trata-y-quienes-pueden-inscribirse\/","title":{"rendered":"LANZAN &#8220;GRAN HERMANO: GENERACI\u00d3N DORADA&#8221;: DE QU\u00c9 TRATA Y QUI\u00c9NES PUEDEN INSCRIBIRSE"},"content":{"rendered":"<div>\n<p>En la antesala de la final, el conductor Santiago del Moro anunci\u00f3 c\u00f3mo ser\u00e1 la renovada nueva edici\u00f3n del reality.<\/p>\n<p>Gran Hermano 2025 se prepara para la esperada final del certamen, y en lo que se presenta como la \u00faltima cena con los cuatro \u00faltimos participantes, el conductor Santiago del Moro anunci\u00f3 el lanzamiento de la pr\u00f3xima edici\u00f3n, que tendr\u00e1 algunos cambios en cuanto a la convocatoria.<\/p>\n<p>El animador de Telefe lo inform\u00f3 como &#8220;Gran Hermano: Generaci\u00f3n Dorada&#8221;, cuya inscripci\u00f3n ya est\u00e1 abierta, m\u00e1s all\u00e1 de que no est\u00e9 confirmada la fecha de estreno.<br \/>\n&#8220;Abre sus puertas, con una edici\u00f3n diferente y renovada, donde van a poder participar desde famosos hasta gente totalmente desconocida. Es mucho m\u00e1s que un Gran Hermano &#8220;All Star&#8221;&#8221;, introdujo el conductor.<\/p>\n<p>Del Moro indic\u00f3 que podr\u00e1n anotarse &#8220;influencers, deportistas, ex jugadores de Gran Hermano, famosos, y desconocidos&#8221;, y agreg\u00f3: &#8220;Gran Hermano podr\u00e1 emitir Golden Tickets para invitar a su casa a quien considere&#8221;.<\/p>\n<p>&nbsp;<\/p>\n<p>&nbsp;<\/p>\n<p>&nbsp;<\/p>\n<div class=\"external\">\n<div class=\"twitter-tweet twitter-tweet-rendered\"><iframe id=\"twitter-widget-0\" class=\"\" title=\"X Post\" src=\"https:\/\/platform.twitter.com\/embed\/Tweet.html?dnt=false&amp;embedId=twitter-widget-0&amp;features=eyJ0ZndfdGltZWxpbmVfbGlzdCI6eyJidWNrZXQiOltdLCJ2ZXJzaW9uIjpudWxsfSwidGZ3X2ZvbGxvd2VyX2NvdW50X3N1bnNldCI6eyJidWNrZXQiOnRydWUsInZlcnNpb24iOm51bGx9LCJ0ZndfdHdlZXRfZWRpdF9iYWNrZW5kIjp7ImJ1Y2tldCI6Im9uIiwidmVyc2lvbiI6bnVsbH0sInRmd19yZWZzcmNfc2Vzc2lvbiI6eyJidWNrZXQiOiJvbiIsInZlcnNpb24iOm51bGx9LCJ0ZndfZm9zbnJfc29mdF9pbnRlcnZlbnRpb25zX2VuYWJsZWQiOnsiYnVja2V0Ijoib24iLCJ2ZXJzaW9uIjpudWxsfSwidGZ3X21peGVkX21lZGlhXzE1ODk3Ijp7ImJ1Y2tldCI6InRyZWF0bWVudCIsInZlcnNpb24iOm51bGx9LCJ0ZndfZXhwZXJpbWVudHNfY29va2llX2V4cGlyYXRpb24iOnsiYnVja2V0IjoxMjA5NjAwLCJ2ZXJzaW9uIjpudWxsfSwidGZ3X3Nob3dfYmlyZHdhdGNoX3Bpdm90c19lbmFibGVkIjp7ImJ1Y2tldCI6Im9uIiwidmVyc2lvbiI6bnVsbH0sInRmd19kdXBsaWNhdGVfc2NyaWJlc190b19zZXR0aW5ncyI6eyJidWNrZXQiOiJvbiIsInZlcnNpb24iOm51bGx9LCJ0ZndfdXNlX3Byb2ZpbGVfaW1hZ2Vfc2hhcGVfZW5hYmxlZCI6eyJidWNrZXQiOiJvbiIsInZlcnNpb24iOm51bGx9LCJ0ZndfdmlkZW9faGxzX2R5bmFtaWNfbWFuaWZlc3RzXzE1MDgyIjp7ImJ1Y2tldCI6InRydWVfYml0cmF0ZSIsInZlcnNpb24iOm51bGx9LCJ0ZndfbGVnYWN5X3RpbWVsaW5lX3N1bnNldCI6eyJidWNrZXQiOnRydWUsInZlcnNpb24iOm51bGx9LCJ0ZndfdHdlZXRfZWRpdF9mcm9udGVuZCI6eyJidWNrZXQiOiJvbiIsInZlcnNpb24iOm51bGx9fQ%3D%3D&amp;frame=false&amp;hideCard=false&amp;hideThread=false&amp;id=1936969002955219453&amp;lang=es&amp;origin=https%3A%2F%2Fwww.radiodos.com.ar%2F191839-lanzan-gran-hermano-generacion-dorada-de-que-trata-y-quienes-pueden-inscribirse&amp;sessionId=8f9714018ad988436dd6a62c1a57e3021854dba8&amp;theme=light&amp;widgetsVersion=2615f7e52b7e0%3A1702314776716&amp;width=550px\" frameborder=\"0\" scrolling=\"no\" allowfullscreen=\"allowfullscreen\" data-tweet-id=\"1936969002955219453\" data-mce-fragment=\"1\"><\/iframe><\/div>\n<\/div>\n<\/div>\n","protected":false},"excerpt":{"rendered":"<p>En la antesala de la final, el conductor Santiago del Moro anunci\u00f3 c\u00f3mo ser\u00e1 la renovada nueva edici\u00f3n del reality. Gran Hermano 2025 se prepara para la esperada final del certamen, y en lo que se presenta como la \u00faltima cena con los cuatro \u00faltimos participantes, el conductor Santiago del Moro anunci\u00f3 el lanzamiento de [&hellip;]<\/p>\n","protected":false},"author":2,"featured_media":24333,"comment_status":"closed","ping_status":"closed","sticky":false,"template":"","format":"standard","meta":{"footnotes":""},"categories":[67],"tags":[],"class_list":{"0":"post-24332","1":"post","2":"type-post","3":"status-publish","4":"format-standard","5":"has-post-thumbnail","7":"category-espectaculo"},"_links":{"self":[{"href":"https:\/\/radiobitacora.com.ar\/web\/wp-json\/wp\/v2\/posts\/24332","targetHints":{"allow":["GET"]}}],"collection":[{"href":"https:\/\/radiobitacora.com.ar\/web\/wp-json\/wp\/v2\/posts"}],"about":[{"href":"https:\/\/radiobitacora.com.ar\/web\/wp-json\/wp\/v2\/types\/post"}],"author":[{"embeddable":true,"href":"https:\/\/radiobitacora.com.ar\/web\/wp-json\/wp\/v2\/users\/2"}],"replies":[{"embeddable":true,"href":"https:\/\/radiobitacora.com.ar\/web\/wp-json\/wp\/v2\/comments?post=24332"}],"version-history":[{"count":0,"href":"https:\/\/radiobitacora.com.ar\/web\/wp-json\/wp\/v2\/posts\/24332\/revisions"}],"wp:featuredmedia":[{"embeddable":true,"href":"https:\/\/radiobitacora.com.ar\/web\/wp-json\/wp\/v2\/media\/24333"}],"wp:attachment":[{"href":"https:\/\/radiobitacora.com.ar\/web\/wp-json\/wp\/v2\/media?parent=24332"}],"wp:term":[{"taxonomy":"category","embeddable":true,"href":"https:\/\/radiobitacora.com.ar\/web\/wp-json\/wp\/v2\/categories?post=24332"},{"taxonomy":"post_tag","embeddable":true,"href":"https:\/\/radiobitacora.com.ar\/web\/wp-json\/wp\/v2\/tags?post=24332"}],"curies":[{"name":"wp","href":"https:\/\/api.w.org\/{rel}","templated":true}]}}