{"id":24352,"date":"2025-06-24T08:52:16","date_gmt":"2025-06-24T11:52:16","guid":{"rendered":"https:\/\/radiobitacora.com.ar\/web\/?p=24352"},"modified":"2025-06-24T08:52:26","modified_gmt":"2025-06-24T11:52:26","slug":"promesa-de-lealtad-a-la-bandera-en-rosario","status":"publish","type":"post","link":"https:\/\/radiobitacora.com.ar\/web\/2025\/06\/24\/promesa-de-lealtad-a-la-bandera-en-rosario\/","title":{"rendered":"PROMESA DE LEALTAD A LA BANDERA EN ROSARIO"},"content":{"rendered":"<p style=\"font-weight: 400;\">Alumnos pertenecientes a 4to grado de ambos turnos de la Escuela 118 \u201cH\u00e9roes de Malvinas\u201d, del barrio Belgrano, realizaron su Promesa de lealtad en la cuna de la Bandera, la ciudad de Rosario.<\/p>\n<p style=\"font-weight: 400;\">\u201cNuestro Orgullo es ver Felices a nuestros ni\u00f1os\u201d<\/p>\n<p style=\"font-weight: 400;\">La maestra al frente de uno de estos cursos, Viviana Ortigoza, y la vicedirectora del turno ma\u00f1ana, la docente Teresita In\u00e9s Mazuchini, comentaron en Radio Ciudad la experiencia vivida por alumnos y padres que acompa\u00f1aron a sus ni\u00f1os a la promesa a la bandera.<\/p>\n<p style=\"font-weight: 400;\">Vale mencionar que Victoria Vega tambi\u00e9n es docente de 4to grado, turno ma\u00f1ana.<\/p>\n<p style=\"font-weight: 400;\"><img loading=\"lazy\" decoding=\"async\" class=\"wp-image-24353 alignleft\" src=\"https:\/\/radiobitacora.com.ar\/web\/wp-content\/uploads\/2025\/06\/promesa-bandera-en-Rosario-2.jpg\" alt=\"\" width=\"468\" height=\"832\" srcset=\"https:\/\/radiobitacora.com.ar\/web\/wp-content\/uploads\/2025\/06\/promesa-bandera-en-Rosario-2.jpg 900w, https:\/\/radiobitacora.com.ar\/web\/wp-content\/uploads\/2025\/06\/promesa-bandera-en-Rosario-2-696x1237.jpg 696w, https:\/\/radiobitacora.com.ar\/web\/wp-content\/uploads\/2025\/06\/promesa-bandera-en-Rosario-2-236x420.jpg 236w\" sizes=\"auto, (max-width: 468px) 100vw, 468px\" \/><\/p>\n<p style=\"font-weight: 400;\">EXPERIENCIA INOLVIDABLE<\/p>\n<p style=\"font-weight: 400;\">La docente afirm\u00f3: \u201cLa nuestra es una escuela p\u00fablica, y esta ha sido una experiencia inolvidable para nuestros ni\u00f1os, nunca han viajado a un acto de estas caracter\u00edsticas\u201d.<\/p>\n<p style=\"font-weight: 400;\">Rese\u00f1ando, manifest\u00f3 que fue necesario un trabajo conjunto de la comunidad educativa para recaudar los recursos necesarios para emprender este viaje; \u201csue\u00f1o que empezamos a hacer posible a partir de la invitaci\u00f3n cursada por la Asociaci\u00f3n Belgraniana\u201d. En este sentido expresaron su agradecimiento a Marisa Laura B\u00e1ez.<\/p>\n<p style=\"font-weight: 400;\">Revelaron tambi\u00e9n que una vez inscriptos les dieron el turno para el 19 de junio a las 13,30 hacer la promesa, \u201cporque son muchas las escuelas del interior que participan de la ceremonia\u201d, aclararon.<\/p>\n<p style=\"font-weight: 400;\">\u201cDebo destacar el acompa\u00f1amiento de los directivos, -prosigui\u00f3 en su contacto con Radio Ciudad- docentes, padres, toda la comunidad educativa que nos ayudaron a comprar o vender los diferentes beneficios que hemos realizado, sumado al apoyo de la Municipalidad, desde la Secretar\u00eda de Educaci\u00f3n, por lo que debemos reconocer la predisposici\u00f3n de Sonia Espina\u201d.<\/p>\n<p style=\"font-weight: 400;\">Viviana Ortigoza remarc\u00f3: \u201cOtro de los aspectos a resaltar es la buena voluntad de la empresa con la que hicimos el viaje (Bonus Track), que nos acompa\u00f1\u00f3, nos alent\u00f3, \u00a0aguardando hasta la fecha de partida para cancelar nuestro pago para llegar a Rosario. Valoramos la uni\u00f3n, la unidad de la comunidad toda\u201d.<\/p>\n<p style=\"font-weight: 400;\">PROYECTO EDUCATIVO: ESTAR\u00c1 EN LA FERIA DE CIENCIAS<\/p>\n<p style=\"font-weight: 400;\">La vicedirectora Teresita In\u00e9s Mazuchini expres\u00f3: \u201cEl proyecto inici\u00f3 con la invitaci\u00f3n de la profesora Marisa Laura B\u00e1ez, y ser\u00e1 parte de lo que presentaremos en la pr\u00f3xima edici\u00f3n de la Feria de Ciencias a realizarse desde el 26 de junio\u201d.<\/p>\n<p style=\"font-weight: 400;\">\u201cA partir de all\u00ed gestionamos, acompa\u00f1amos la iniciativa; destaco el tiempo de su ocio, su descanso, para hacer beneficios, con el gran apoyo y acompa\u00f1amiento de las familias. Algunos alumnos fueron solos, esto demuestra la confianza de sus padres con nosotros. Nuestro orgullo es ver a nuestros ni\u00f1os felices. Dos colectivos pudimos lograr con el esfuerzo hecho durante todo ese tiempo, esto es parte del prop\u00f3sito de brindar una educaci\u00f3n de calidad, desde la educaci\u00f3n p\u00fablica. Una de las docentes proviene de Esquina, que no solo se limit\u00f3 a venir a cumplir sus horas, sino los s\u00e1bados a trabajar, juntos en equipo, pues sino esto no se podr\u00eda lograr\u201d.<\/p>\n<p style=\"font-weight: 400;\"><img loading=\"lazy\" decoding=\"async\" class=\"wp-image-24354 alignright\" src=\"https:\/\/radiobitacora.com.ar\/web\/wp-content\/uploads\/2025\/06\/promesa-bandera-en-Rosario-3.jpg\" alt=\"\" width=\"391\" height=\"520\" srcset=\"https:\/\/radiobitacora.com.ar\/web\/wp-content\/uploads\/2025\/06\/promesa-bandera-en-Rosario-3.jpg 963w, https:\/\/radiobitacora.com.ar\/web\/wp-content\/uploads\/2025\/06\/promesa-bandera-en-Rosario-3-696x925.jpg 696w, https:\/\/radiobitacora.com.ar\/web\/wp-content\/uploads\/2025\/06\/promesa-bandera-en-Rosario-3-316x420.jpg 316w\" sizes=\"auto, (max-width: 391px) 100vw, 391px\" \/><\/p>\n<p style=\"font-weight: 400;\">Para finalizar, Teresita Mazuchini asegur\u00f3: \u201cLos ni\u00f1os y las familias son los protagonistas de esta experiencia y a nosotros nos llena de orgullo\u201d.<\/p>\n<p style=\"font-weight: 400;\">Direcci\u00f3n de Prensa-Municipalidad de Goya<\/p>\n","protected":false},"excerpt":{"rendered":"<p>Alumnos pertenecientes a 4to grado de ambos turnos de la Escuela 118 \u201cH\u00e9roes de Malvinas\u201d, del barrio Belgrano, realizaron su Promesa de lealtad en la cuna de la Bandera, la ciudad de Rosario. \u201cNuestro Orgullo es ver Felices a nuestros ni\u00f1os\u201d La maestra al frente de uno de estos cursos, Viviana Ortigoza, y la vicedirectora [&hellip;]<\/p>\n","protected":false},"author":2,"featured_media":24355,"comment_status":"closed","ping_status":"closed","sticky":false,"template":"","format":"standard","meta":{"footnotes":""},"categories":[88],"tags":[],"class_list":{"0":"post-24352","1":"post","2":"type-post","3":"status-publish","4":"format-standard","5":"has-post-thumbnail","7":"category-educacion"},"_links":{"self":[{"href":"https:\/\/radiobitacora.com.ar\/web\/wp-json\/wp\/v2\/posts\/24352","targetHints":{"allow":["GET"]}}],"collection":[{"href":"https:\/\/radiobitacora.com.ar\/web\/wp-json\/wp\/v2\/posts"}],"about":[{"href":"https:\/\/radiobitacora.com.ar\/web\/wp-json\/wp\/v2\/types\/post"}],"author":[{"embeddable":true,"href":"https:\/\/radiobitacora.com.ar\/web\/wp-json\/wp\/v2\/users\/2"}],"replies":[{"embeddable":true,"href":"https:\/\/radiobitacora.com.ar\/web\/wp-json\/wp\/v2\/comments?post=24352"}],"version-history":[{"count":0,"href":"https:\/\/radiobitacora.com.ar\/web\/wp-json\/wp\/v2\/posts\/24352\/revisions"}],"wp:featuredmedia":[{"embeddable":true,"href":"https:\/\/radiobitacora.com.ar\/web\/wp-json\/wp\/v2\/media\/24355"}],"wp:attachment":[{"href":"https:\/\/radiobitacora.com.ar\/web\/wp-json\/wp\/v2\/media?parent=24352"}],"wp:term":[{"taxonomy":"category","embeddable":true,"href":"https:\/\/radiobitacora.com.ar\/web\/wp-json\/wp\/v2\/categories?post=24352"},{"taxonomy":"post_tag","embeddable":true,"href":"https:\/\/radiobitacora.com.ar\/web\/wp-json\/wp\/v2\/tags?post=24352"}],"curies":[{"name":"wp","href":"https:\/\/api.w.org\/{rel}","templated":true}]}}