{"id":24375,"date":"2025-06-25T08:38:11","date_gmt":"2025-06-25T11:38:11","guid":{"rendered":"https:\/\/radiobitacora.com.ar\/web\/?p=24375"},"modified":"2025-06-25T08:38:11","modified_gmt":"2025-06-25T11:38:11","slug":"expo-foresto-industrial","status":"publish","type":"post","link":"https:\/\/radiobitacora.com.ar\/web\/2025\/06\/25\/expo-foresto-industrial\/","title":{"rendered":"EXPO FORESTO INDUSTRIAL"},"content":{"rendered":"<p style=\"font-weight: 400;\">En el marco de la exposici\u00f3n que se inaugura el mi\u00e9rcoles, una de las propuestas es una ronda de negocios proyectada para el s\u00e1bado 28 de junio, en Ituzaing\u00f3, la cual\u00a0contar\u00e1\u00a0con la participaci\u00f3n de distintas provincias y empresas de Paraguay.<\/p>\n<p style=\"font-weight: 400;\"><img loading=\"lazy\" decoding=\"async\" class=\"wp-image-24376 alignleft\" src=\"https:\/\/radiobitacora.com.ar\/web\/wp-content\/uploads\/2025\/06\/ronda-de-negocios-y-conferencias-flyr-1.jpg\" alt=\"\" width=\"334\" height=\"334\" srcset=\"https:\/\/radiobitacora.com.ar\/web\/wp-content\/uploads\/2025\/06\/ronda-de-negocios-y-conferencias-flyr-1.jpg 1080w, https:\/\/radiobitacora.com.ar\/web\/wp-content\/uploads\/2025\/06\/ronda-de-negocios-y-conferencias-flyr-1-696x696.jpg 696w, https:\/\/radiobitacora.com.ar\/web\/wp-content\/uploads\/2025\/06\/ronda-de-negocios-y-conferencias-flyr-1-1068x1068.jpg 1068w, https:\/\/radiobitacora.com.ar\/web\/wp-content\/uploads\/2025\/06\/ronda-de-negocios-y-conferencias-flyr-1-420x420.jpg 420w\" sizes=\"auto, (max-width: 334px) 100vw, 334px\" \/> <img loading=\"lazy\" decoding=\"async\" class=\"wp-image-24377 alignleft\" src=\"https:\/\/radiobitacora.com.ar\/web\/wp-content\/uploads\/2025\/06\/ronda-de-negocios-y-conferencias-flyr-3.jpg\" alt=\"\" width=\"351\" height=\"351\" srcset=\"https:\/\/radiobitacora.com.ar\/web\/wp-content\/uploads\/2025\/06\/ronda-de-negocios-y-conferencias-flyr-3.jpg 1080w, https:\/\/radiobitacora.com.ar\/web\/wp-content\/uploads\/2025\/06\/ronda-de-negocios-y-conferencias-flyr-3-696x696.jpg 696w, https:\/\/radiobitacora.com.ar\/web\/wp-content\/uploads\/2025\/06\/ronda-de-negocios-y-conferencias-flyr-3-1068x1068.jpg 1068w, https:\/\/radiobitacora.com.ar\/web\/wp-content\/uploads\/2025\/06\/ronda-de-negocios-y-conferencias-flyr-3-420x420.jpg 420w\" sizes=\"auto, (max-width: 351px) 100vw, 351px\" \/><\/p>\n<p style=\"font-weight: 400;\">\n<p style=\"font-weight: 400;\">Posteriormente habr\u00e1 conferencias sobre distintos temas, como ser:<\/p>\n<p style=\"font-weight: 400;\">Econom\u00eda y Negocios: \u201cCambios de Paradigma\u201d, a cargo de Alberto Medina M\u00e9ndez; \u201cMejores Conversaciones sobre IA\u201d, a cargo de Augusto Salvatto; \u201cCorrientes, tan Centro del Mundo como Nueva York\u201d, a cargo de Diego Guelar; y \u201cUso de Drones Agr\u00edcolas en el Sector Agropecuario\u201d, a cargo de Emiliano G\u00f3mez Coll.<\/p>\n<p style=\"font-weight: 400;\">\n<p style=\"font-weight: 400;\">Direcci\u00f3n de Prensa &#8211; Municipalidad de Goya<img loading=\"lazy\" decoding=\"async\" class=\"wp-image-24381 alignleft\" src=\"https:\/\/radiobitacora.com.ar\/web\/wp-content\/uploads\/2025\/06\/ronda-de-negocios-y-conferencias-flyr-4.jpg\" alt=\"\" width=\"326\" height=\"326\" srcset=\"https:\/\/radiobitacora.com.ar\/web\/wp-content\/uploads\/2025\/06\/ronda-de-negocios-y-conferencias-flyr-4.jpg 1080w, https:\/\/radiobitacora.com.ar\/web\/wp-content\/uploads\/2025\/06\/ronda-de-negocios-y-conferencias-flyr-4-696x696.jpg 696w, https:\/\/radiobitacora.com.ar\/web\/wp-content\/uploads\/2025\/06\/ronda-de-negocios-y-conferencias-flyr-4-1068x1068.jpg 1068w, https:\/\/radiobitacora.com.ar\/web\/wp-content\/uploads\/2025\/06\/ronda-de-negocios-y-conferencias-flyr-4-420x420.jpg 420w\" sizes=\"auto, (max-width: 326px) 100vw, 326px\" \/><img loading=\"lazy\" decoding=\"async\" class=\"wp-image-24380 alignleft\" src=\"https:\/\/radiobitacora.com.ar\/web\/wp-content\/uploads\/2025\/06\/ronda-de-negocios-y-conferencias-flyr-5.jpg\" alt=\"\" width=\"320\" height=\"320\" srcset=\"https:\/\/radiobitacora.com.ar\/web\/wp-content\/uploads\/2025\/06\/ronda-de-negocios-y-conferencias-flyr-5.jpg 1080w, https:\/\/radiobitacora.com.ar\/web\/wp-content\/uploads\/2025\/06\/ronda-de-negocios-y-conferencias-flyr-5-696x696.jpg 696w, https:\/\/radiobitacora.com.ar\/web\/wp-content\/uploads\/2025\/06\/ronda-de-negocios-y-conferencias-flyr-5-1068x1068.jpg 1068w, https:\/\/radiobitacora.com.ar\/web\/wp-content\/uploads\/2025\/06\/ronda-de-negocios-y-conferencias-flyr-5-420x420.jpg 420w\" sizes=\"auto, (max-width: 320px) 100vw, 320px\" \/><img loading=\"lazy\" decoding=\"async\" class=\"aligncenter  wp-image-24379\" src=\"https:\/\/radiobitacora.com.ar\/web\/wp-content\/uploads\/2025\/06\/ronda-de-negocios-y-conferencias-flyr-7.jpg\" alt=\"\" width=\"351\" height=\"351\" srcset=\"https:\/\/radiobitacora.com.ar\/web\/wp-content\/uploads\/2025\/06\/ronda-de-negocios-y-conferencias-flyr-7.jpg 1080w, https:\/\/radiobitacora.com.ar\/web\/wp-content\/uploads\/2025\/06\/ronda-de-negocios-y-conferencias-flyr-7-696x696.jpg 696w, https:\/\/radiobitacora.com.ar\/web\/wp-content\/uploads\/2025\/06\/ronda-de-negocios-y-conferencias-flyr-7-1068x1068.jpg 1068w, https:\/\/radiobitacora.com.ar\/web\/wp-content\/uploads\/2025\/06\/ronda-de-negocios-y-conferencias-flyr-7-420x420.jpg 420w\" sizes=\"auto, (max-width: 351px) 100vw, 351px\" \/><\/p>\n","protected":false},"excerpt":{"rendered":"<p>En el marco de la exposici\u00f3n que se inaugura el mi\u00e9rcoles, una de las propuestas es una ronda de negocios proyectada para el s\u00e1bado 28 de junio, en Ituzaing\u00f3, la cual\u00a0contar\u00e1\u00a0con la participaci\u00f3n de distintas provincias y empresas de Paraguay. Posteriormente habr\u00e1 conferencias sobre distintos temas, como ser: Econom\u00eda y Negocios: \u201cCambios de Paradigma\u201d, a [&hellip;]<\/p>\n","protected":false},"author":2,"featured_media":24399,"comment_status":"closed","ping_status":"closed","sticky":false,"template":"","format":"standard","meta":{"footnotes":""},"categories":[65],"tags":[],"class_list":{"0":"post-24375","1":"post","2":"type-post","3":"status-publish","4":"format-standard","5":"has-post-thumbnail","7":"category-economia"},"_links":{"self":[{"href":"https:\/\/radiobitacora.com.ar\/web\/wp-json\/wp\/v2\/posts\/24375","targetHints":{"allow":["GET"]}}],"collection":[{"href":"https:\/\/radiobitacora.com.ar\/web\/wp-json\/wp\/v2\/posts"}],"about":[{"href":"https:\/\/radiobitacora.com.ar\/web\/wp-json\/wp\/v2\/types\/post"}],"author":[{"embeddable":true,"href":"https:\/\/radiobitacora.com.ar\/web\/wp-json\/wp\/v2\/users\/2"}],"replies":[{"embeddable":true,"href":"https:\/\/radiobitacora.com.ar\/web\/wp-json\/wp\/v2\/comments?post=24375"}],"version-history":[{"count":0,"href":"https:\/\/radiobitacora.com.ar\/web\/wp-json\/wp\/v2\/posts\/24375\/revisions"}],"wp:featuredmedia":[{"embeddable":true,"href":"https:\/\/radiobitacora.com.ar\/web\/wp-json\/wp\/v2\/media\/24399"}],"wp:attachment":[{"href":"https:\/\/radiobitacora.com.ar\/web\/wp-json\/wp\/v2\/media?parent=24375"}],"wp:term":[{"taxonomy":"category","embeddable":true,"href":"https:\/\/radiobitacora.com.ar\/web\/wp-json\/wp\/v2\/categories?post=24375"},{"taxonomy":"post_tag","embeddable":true,"href":"https:\/\/radiobitacora.com.ar\/web\/wp-json\/wp\/v2\/tags?post=24375"}],"curies":[{"name":"wp","href":"https:\/\/api.w.org\/{rel}","templated":true}]}}