{"id":24401,"date":"2025-06-25T08:44:06","date_gmt":"2025-06-25T11:44:06","guid":{"rendered":"https:\/\/radiobitacora.com.ar\/web\/?p=24401"},"modified":"2025-06-25T08:44:16","modified_gmt":"2025-06-25T11:44:16","slug":"novedosa-presentacion-en-el-salon-coqui-correa-del-predio-costa-surubi","status":"publish","type":"post","link":"https:\/\/radiobitacora.com.ar\/web\/2025\/06\/25\/novedosa-presentacion-en-el-salon-coqui-correa-del-predio-costa-surubi\/","title":{"rendered":"NOVEDOSA PRESENTACI\u00d3N EN EL SALON \u201cCOQUI\u201d CORREA DEL PREDIO COSTA SURUB\u00cd"},"content":{"rendered":"<p>7\u00aa Feria del Libro Goya<\/p>\n<p>NOVEDOSA PRESENTACI\u00d3N EN EL SALON \u201cCOQUI\u201d CORREA DEL PREDIO COSTA SURUB\u00cd<\/p>\n<p>EL INTENDENTE MARIANO HORMAECHEA PRESIDI\u00d3 LA PRESENTACI\u00d3N DE LA EDICI\u00d3N 2025 DE LA FERIA DEL LIBRO GOYA<\/p>\n<p>En la noche del martes en el Sal\u00f3n \u201cCoqui\u201d Correa del Predio Costa Surub\u00ed se hizo la presentaci\u00f3n de la 7\u00aa Edici\u00f3n de la Feria del Libro, la novedad estuvo dada por el m\u00e9todo usado, la proyecci\u00f3n de un video a trav\u00e9s del cual se invita a participar de las actividades programadas desde el 4 al 13 de julio en el Multiespacio \u201cAntonio R Villarreal\u201d, detallando a cada uno de los artistas que conforman la grilla de la Feria Cultura de nuestra ciudad.<\/p>\n<p><img loading=\"lazy\" decoding=\"async\" class=\"wp-image-24402 alignleft\" src=\"https:\/\/radiobitacora.com.ar\/web\/wp-content\/uploads\/2025\/06\/presentacion-Feria-del-Libro-12.jpg\" alt=\"\" width=\"363\" height=\"194\" srcset=\"https:\/\/radiobitacora.com.ar\/web\/wp-content\/uploads\/2025\/06\/presentacion-Feria-del-Libro-12.jpg 1600w, https:\/\/radiobitacora.com.ar\/web\/wp-content\/uploads\/2025\/06\/presentacion-Feria-del-Libro-12-696x372.jpg 696w, https:\/\/radiobitacora.com.ar\/web\/wp-content\/uploads\/2025\/06\/presentacion-Feria-del-Libro-12-1068x571.jpg 1068w, https:\/\/radiobitacora.com.ar\/web\/wp-content\/uploads\/2025\/06\/presentacion-Feria-del-Libro-12-785x420.jpg 785w\" sizes=\"auto, (max-width: 363px) 100vw, 363px\" \/><\/p>\n<p>El otro aspecto saliente, la Firma del Convenio de Colaboraci\u00f3n entre la Municipalidad de Goya y Librer\u00eda La Paz.<\/p>\n<p>El Convenio mencionado est\u00e1 destinado al Concurso Literario de la Feria del Libro Goya 2025.<\/p>\n<p>El presente acuerdo tiene la finalidad de establecer un marco de colaboraci\u00f3n entre la Municipalidad de Goya y La Librer\u00eda, para la organizaci\u00f3n y desarrollo del Segundo Concurso Literario de la Feria del Libro Goya, destinado a promover la creatividad literaria en estudiantes y escritores de la regi\u00f3n<\/p>\n<p>En esta segunda edici\u00f3n sobre poes\u00eda y cuento breve, la tem\u00e1tica es Mitos y Leyendas de mi Pa\u00eds.<\/p>\n<p><img loading=\"lazy\" decoding=\"async\" class=\"wp-image-24403 alignleft\" src=\"https:\/\/radiobitacora.com.ar\/web\/wp-content\/uploads\/2025\/06\/Presentacion-Feria-del-Libro-7.jpg\" alt=\"\" width=\"352\" height=\"196\" srcset=\"https:\/\/radiobitacora.com.ar\/web\/wp-content\/uploads\/2025\/06\/Presentacion-Feria-del-Libro-7.jpg 1600w, https:\/\/radiobitacora.com.ar\/web\/wp-content\/uploads\/2025\/06\/Presentacion-Feria-del-Libro-7-696x385.jpg 696w, https:\/\/radiobitacora.com.ar\/web\/wp-content\/uploads\/2025\/06\/Presentacion-Feria-del-Libro-7-1068x593.jpg 1068w, https:\/\/radiobitacora.com.ar\/web\/wp-content\/uploads\/2025\/06\/Presentacion-Feria-del-Libro-7-756x420.jpg 756w\" sizes=\"auto, (max-width: 352px) 100vw, 352px\" \/><\/p>\n<p>La presentaci\u00f3n presidida por el Intendente Mariano Hormaechea; cont\u00f3 con el acompa\u00f1amiento de la Secretaria de Educaci\u00f3n Sonia Espina; el Presidente de la SADE Goya Felipe Farquharson; por Librer\u00eda La Paz su titular Rub\u00e9n Bisceglia; el Vicepresidente 1\u00ba del HCD Marcelo Frattini; la Vicepresidente 2\u00ba Viv\u00edan Merlo; representantes de Cultura en Acci\u00f3n; Las Bibliotecas Domingo F Sarmiento; Barrios del Sur y Marta Elgul de Par\u00eds, Centro Terap\u00e9utico Los Meridianos; Las Asociaciones Belgraniana y Sanmartiniana; del Grupo Scout; el Diputado Provincial Jes\u00fas M\u00e9ndez Vernengo; Concejales, Funcionarios Municipales, Provinciales; Jefe de la Prefectura Goya Prefecto Waldir Reinaldo Nacke; periodistas, representantes de entidades culturales, educativas y p\u00fablico en general.<\/p>\n<p>\u201cUna Feria sin contenido, es un encuentro sin sentido\u201d Asegur\u00f3 el Presidente de la SADE Goya.<\/p>\n<p>\u201cEsta Feria posee una gran Fortaleza capaz de proyectarse a\u00fan ante la actual situaci\u00f3n socioecon\u00f3mica.\u201d Sostuvo el Titular de Librer\u00eda La Paz<\/p>\n<p>\u201cEsta feria es una Fiesta de la Cultura, la Historia y el Turismo\u201d Expres\u00f3 la Secretaria de Educaci\u00f3n<\/p>\n<p>\u201cEsta Feria es el resultado del trabajo en equipo y de una Pol\u00edtica de Estado\u201d Afirm\u00f3 el Intendente Municipal<\/p>\n<p><img loading=\"lazy\" decoding=\"async\" class=\"wp-image-24406 alignleft\" src=\"https:\/\/radiobitacora.com.ar\/web\/wp-content\/uploads\/2025\/06\/Presentacion-Feria-del-Libro-2.jpg\" alt=\"\" width=\"314\" height=\"209\" srcset=\"https:\/\/radiobitacora.com.ar\/web\/wp-content\/uploads\/2025\/06\/Presentacion-Feria-del-Libro-2.jpg 1600w, https:\/\/radiobitacora.com.ar\/web\/wp-content\/uploads\/2025\/06\/Presentacion-Feria-del-Libro-2-696x464.jpg 696w, https:\/\/radiobitacora.com.ar\/web\/wp-content\/uploads\/2025\/06\/Presentacion-Feria-del-Libro-2-1068x712.jpg 1068w, https:\/\/radiobitacora.com.ar\/web\/wp-content\/uploads\/2025\/06\/Presentacion-Feria-del-Libro-2-630x420.jpg 630w\" sizes=\"auto, (max-width: 314px) 100vw, 314px\" \/>FELIPE FARQHUARSON<\/p>\n<p>El Presidente de la SADE Goya Felipe Farquharson, hizo una breve rese\u00f1a de la manera como se conform\u00f3 el Grupo \u201cCultura en Acci\u00f3n\u201d, destacando el invalorable aporte de cada una de las entidades miembros del grupo cultural, para afirmar: \u201cUna Feria sin contenido es un Encuentro sin sentido, el valor de esta feria es la participaci\u00f3n de estas entidades, de la Municipalidad, que convirti\u00f3 en una Pol\u00edtica de estado, y del lugar que obtienen cada uno de los escritores locales, regionales y nacionales.<\/p>\n<p>Estamos contentos de ser parte, en nuestro 50\u00ba aniversario, que lo celebraremos en este encuentro cultural de relevancia, dentro de los aportes, quiero mencionar la destacada colaboraci\u00f3n del locutor de nuestra ciudad, que desempe\u00f1a sus labores en Radio Mitre, Fabricio L\u00f3pez, que nos acompa\u00f1ara, me resta augurar un gran \u00e9xito y los esperamos a todos del 4 al 13 de julio.\u201d<\/p>\n<p>&nbsp;<\/p>\n<p><img loading=\"lazy\" decoding=\"async\" class=\"wp-image-24407 alignleft\" src=\"https:\/\/radiobitacora.com.ar\/web\/wp-content\/uploads\/2025\/06\/Presentacion-Feria-del-Libro-3-Ruben-Bisceglia.jpg\" alt=\"\" width=\"317\" height=\"211\" srcset=\"https:\/\/radiobitacora.com.ar\/web\/wp-content\/uploads\/2025\/06\/Presentacion-Feria-del-Libro-3-Ruben-Bisceglia.jpg 1600w, https:\/\/radiobitacora.com.ar\/web\/wp-content\/uploads\/2025\/06\/Presentacion-Feria-del-Libro-3-Ruben-Bisceglia-696x464.jpg 696w, https:\/\/radiobitacora.com.ar\/web\/wp-content\/uploads\/2025\/06\/Presentacion-Feria-del-Libro-3-Ruben-Bisceglia-1068x712.jpg 1068w, https:\/\/radiobitacora.com.ar\/web\/wp-content\/uploads\/2025\/06\/Presentacion-Feria-del-Libro-3-Ruben-Bisceglia-630x420.jpg 630w\" sizes=\"auto, (max-width: 317px) 100vw, 317px\" \/>RUB\u00c9N BISCEGLIA<\/p>\n<p>El titular de Librer\u00eda La Paz, Rub\u00e9n Bisceglia por su parte valor\u00f3 el trabajo del gran equipo humano de la Municipalidad, liderado por Mariano (Hormaechea); para indicar: \u201cla 7\u00aa edici\u00f3n es el resultado del aporte de cada instituci\u00f3n, del acompa\u00f1amiento de la gesti\u00f3n municipal, por eso afirmamos la gran Fortaleza de la Feria que puede proyectarse, tener continuidad m\u00e1s all\u00e1 de la situaci\u00f3n socio-econ\u00f3mica del pa\u00eds, reiterando este concepto el resultado es \u00a0la consecuencia natural de un enorme trabajo articulado con este equipo Humano, donde la decisi\u00f3n y el impulso del Intendente es fundamental.\u201d<br \/>\nBisceglia adelant\u00f3 que durante los d\u00edas de la feria dispondr\u00e1 de bonificaciones y descuentos con el prop\u00f3sito que la mayor cantidad de gente pueda acceder al libro y a la lectura.<\/p>\n<p>&nbsp;<\/p>\n<p>SONIA ESPINA<\/p>\n<p>La Secretaria de Educaci\u00f3n Sonia Espina reconoci\u00f3 el trabajo de todo el equipo municipal, de la decisi\u00f3n del Intendente de promover este espacio cultural, agradeciendo la participaci\u00f3n de las entidades, asociaciones e instituciones para organizar este encuentro al que defini\u00f3: \u201cEs una Fiesta de la Cultura, la Historia y el Turismo.\u201d<\/p>\n<p>La Funcionaria expres\u00f3: \u201cCada a\u00f1o es un desaf\u00edo poner las mejores ofertas para los visitantes, durante estos d\u00edas hemos elaborado una grilla que contempla adem\u00e1s de presentaciones de libros, show musical, art\u00edstico, espacios para los ni\u00f1os, lugar para la gastronom\u00eda, pensando que estas diferentes propuestas genere el atractivo a todos, especialmente a las familias.<\/p>\n<p>Para contar: \u201cEste a\u00f1o sumamos la presencia de m\u00e1s editoriales con el prop\u00f3sito de captar el inter\u00e9s por la lectura a muchas m\u00e1s personas, agradeciendo el acompa\u00f1amiento de Librer\u00eda La Paz; Moglia Ediciones a las que se suman Libros Libertad; Ediciones Paulinas; Librer\u00edas Mariscal; Homero Manzi; Equipo Azul; Bs. As. Books; De las Luces; Plut\u00f3n; Ovni; Quipu Libros entre otras.<\/p>\n<p>Tambi\u00e9n a nuestra grilla sumamos la presencia del Grupo Scout de Goya, volvemos al escenario 360\u00ba, el aporte del Steaming, la Direcci\u00f3n de Prensa, con la Radio invitando a conductores a hacer programas especiales durante el desarrollo de la Feria, con entrada libre y gratuita, todos los d\u00edas, pensando en incentivar a los estudiantes, dispondremos del traslado de aquellos que asisten a las escuelas de la zona rural, para que participen de la feria y tengan la oportunidad de conocer Goya por medio de recorrido guiados, que est\u00e1n elaborados para esa fecha.<\/p>\n<p>Finalmente, sostuvo: \u201cNuevamente pongo el valor del trabajo en equipo, de la intervenci\u00f3n de todas las \u00e1reas municipales, secretar\u00edas, direcciones, coordinaciones, solamente de esta forma se pueden lograr los mejores resultados, gracias y los esperamos a todos del 4 al 13 de julio en nuestra 7\u00aa Feria del Libro Goya\u201d.<\/p>\n<p>&nbsp;<\/p>\n<p><img loading=\"lazy\" decoding=\"async\" class=\"wp-image-24408 alignleft\" src=\"https:\/\/radiobitacora.com.ar\/web\/wp-content\/uploads\/2025\/06\/Presentacion-Feria-del-Libro-8-1.jpg\" alt=\"\" width=\"407\" height=\"271\" srcset=\"https:\/\/radiobitacora.com.ar\/web\/wp-content\/uploads\/2025\/06\/Presentacion-Feria-del-Libro-8-1.jpg 1600w, https:\/\/radiobitacora.com.ar\/web\/wp-content\/uploads\/2025\/06\/Presentacion-Feria-del-Libro-8-1-696x464.jpg 696w, https:\/\/radiobitacora.com.ar\/web\/wp-content\/uploads\/2025\/06\/Presentacion-Feria-del-Libro-8-1-1068x712.jpg 1068w, https:\/\/radiobitacora.com.ar\/web\/wp-content\/uploads\/2025\/06\/Presentacion-Feria-del-Libro-8-1-630x420.jpg 630w\" sizes=\"auto, (max-width: 407px) 100vw, 407px\" \/>MARIANO HORMECHEA<\/p>\n<p>Para cerrar la jornada de presentaci\u00f3n, el Intendente Mariano Hormaechea, remarco algunos puntos de la Feria como los 50 a\u00f1os de SADE Goya, para considerar a esta Edicion como el resultado de \u201cUna Pol\u00edtica de Estado, que fue dando continuidad a aquella idea surgida desde la iniciativa de Daniel Lesteime, con la impronta que fuimos dando en cada a\u00f1o, pero sin dudas esto es pol\u00edtica de estado, desde un espacio generado en la Gesti\u00f3n del \u201cProfe\u201d Bassi; continuando en la administraci\u00f3n de Ignacio (Osella), con el p\u00e1rate en Pandemia continuamos nosotros, apostando a la cultura como herramienta de desarrollo de la ciudad, haciendo las inversiones necesarias, acompa\u00f1ando a nuestros escritores, artistas, basados en ese potencial ese capital cultural, que nos permite mirar hacia adelante, como una vidriera m\u00e1s para atraer al turismo de la ciudad, con algo caracter\u00edstico de este producto es nuestra identidad, con cada programa con ese rasgo identatario, en consonancia con el acompa\u00f1amiento en ese mismo rumbo del Gobierno Provincial donde queda reflejado en la elecci\u00f3n de nuestro Chamam\u00e9, como Patrimonio de la Humanidad, en definitiva este debe ser el compromiso mirar hacia adelante, entendiendo que esto es parte de nuestro crecimiento de nuevas oportunidades para el desarrollo, por eso la decisi\u00f3n de darle el lugar y la dimensi\u00f3n que merece nuestra cultura, como un elemento de atracci\u00f3n a conocer Goya.\u201d<\/p>\n<p>\u201cPara finalizar hago nuevamente esta convocatoria, para que sigamos trabajando juntos hacia adelante, y poder contar con nuestra carta de presentaci\u00f3n que refleje todo esto que experimentamos, el Libro de la Historia de Goya, es la materia pendiente, pero debe ser una respuesta de todos los sectores vinculados a la cultura, literatura e historia para que est\u00e9n contenidos todos estos aspectos en ese documento que reitero ser\u00e1 nuestra carta de presentaci\u00f3n, es el compromiso hacia adelante que debemos asumir, lo mejor viviremos en nuestra 7\u00aa Feria del 4 al 13 de julio, a disfrutar.\u201d Cerro Mariano Hormaechea<\/p>\n<p>&nbsp;<\/p>\n<p>Tras lo cual los periodistas transmitieron sus inquietudes y consultas sobre la programaci\u00f3n y actividades de la Feria del Libro Goya 2025.<\/p>\n<p>Para concluir con la presentaci\u00f3n, se invit\u00f3 a los presentes a la atenci\u00f3n brindada por los estudiantes del perfil de Gastronom\u00eda de la escuela Villarreal, para servirse de diferentes \u201cbocaditos\u201d preparados por los estudiantes de esa carrera.<\/p>\n<p>&nbsp;<\/p>\n<p>Direcci\u00f3n de Prensa-Municipalidad de Goya<\/p>\n<p>&nbsp;<\/p>\n<p>&nbsp;<\/p>\n","protected":false},"excerpt":{"rendered":"<p>7\u00aa Feria del Libro Goya NOVEDOSA PRESENTACI\u00d3N EN EL SALON \u201cCOQUI\u201d CORREA DEL PREDIO COSTA SURUB\u00cd EL INTENDENTE MARIANO HORMAECHEA PRESIDI\u00d3 LA PRESENTACI\u00d3N DE LA EDICI\u00d3N 2025 DE LA FERIA DEL LIBRO GOYA En la noche del martes en el Sal\u00f3n \u201cCoqui\u201d Correa del Predio Costa Surub\u00ed se hizo la presentaci\u00f3n de la 7\u00aa Edici\u00f3n [&hellip;]<\/p>\n","protected":false},"author":2,"featured_media":24409,"comment_status":"closed","ping_status":"closed","sticky":false,"template":"","format":"standard","meta":{"footnotes":""},"categories":[56],"tags":[],"class_list":{"0":"post-24401","1":"post","2":"type-post","3":"status-publish","4":"format-standard","5":"has-post-thumbnail","7":"category-locales"},"_links":{"self":[{"href":"https:\/\/radiobitacora.com.ar\/web\/wp-json\/wp\/v2\/posts\/24401","targetHints":{"allow":["GET"]}}],"collection":[{"href":"https:\/\/radiobitacora.com.ar\/web\/wp-json\/wp\/v2\/posts"}],"about":[{"href":"https:\/\/radiobitacora.com.ar\/web\/wp-json\/wp\/v2\/types\/post"}],"author":[{"embeddable":true,"href":"https:\/\/radiobitacora.com.ar\/web\/wp-json\/wp\/v2\/users\/2"}],"replies":[{"embeddable":true,"href":"https:\/\/radiobitacora.com.ar\/web\/wp-json\/wp\/v2\/comments?post=24401"}],"version-history":[{"count":0,"href":"https:\/\/radiobitacora.com.ar\/web\/wp-json\/wp\/v2\/posts\/24401\/revisions"}],"wp:featuredmedia":[{"embeddable":true,"href":"https:\/\/radiobitacora.com.ar\/web\/wp-json\/wp\/v2\/media\/24409"}],"wp:attachment":[{"href":"https:\/\/radiobitacora.com.ar\/web\/wp-json\/wp\/v2\/media?parent=24401"}],"wp:term":[{"taxonomy":"category","embeddable":true,"href":"https:\/\/radiobitacora.com.ar\/web\/wp-json\/wp\/v2\/categories?post=24401"},{"taxonomy":"post_tag","embeddable":true,"href":"https:\/\/radiobitacora.com.ar\/web\/wp-json\/wp\/v2\/tags?post=24401"}],"curies":[{"name":"wp","href":"https:\/\/api.w.org\/{rel}","templated":true}]}}