{"id":24411,"date":"2025-06-25T09:01:01","date_gmt":"2025-06-25T12:01:01","guid":{"rendered":"https:\/\/radiobitacora.com.ar\/web\/?p=24411"},"modified":"2025-06-25T09:01:10","modified_gmt":"2025-06-25T12:01:10","slug":"santiago-tato-algorta-se-convirtio-en-el-ganador-de-gran-hermano","status":"publish","type":"post","link":"https:\/\/radiobitacora.com.ar\/web\/2025\/06\/25\/santiago-tato-algorta-se-convirtio-en-el-ganador-de-gran-hermano\/","title":{"rendered":"SANTIAGO \u201cTATO\u201d ALGORTA SE CONVIRTI\u00d3 EN EL GANADOR DE \u201cGRAN HERMANO\u201d"},"content":{"rendered":"<div class=\"sc-808a5b4d-0 fiDTki normal-header false normal-header false\">\n<div class=\"sc-808a5b4d-0 fiDTki shared-header shared-header\">\n<div class=\"mt \">\n<ul>\n<li>El uruguayo fue el elegido por el p\u00fablico.<\/li>\n<li>Estuvo 204 d\u00edas en la casa.<\/li>\n<\/ul>\n<\/div>\n<div class=\"image-container \">\n<div class=\"player-container\">\n<div class=\"sc-c2c2a3c6-0 ecgiEX jwplayer-container border-video jwplayer-container border-video\">\n<div id=\"aperturaoW73L31e\" class=\"jwplayer jw-reset jw-state-paused jw-stretch-uniform jw-flag-aspect-mode jw-floating-dismissible jw-breakpoint-7 jw-flag-user-inactive\" tabindex=\"0\" role=\"application\" aria-label=\"Video Player - Santiago &quot;Tato&quot; Algorta se consagr\u00f3 como el ganador de Gran Hermano\" aria-describedby=\"jw-aperturaoW73L31e-shortcuts-tooltip-explanation\" data-compass-listening=\"true\">\n<div class=\"jw-wrapper jw-reset\">\n<div class=\"jw-overlays jw-reset\">\n<div id=\"aperturaoW73L31e_googima\" class=\"jw-plugin jw-reset jw-plugin-googima jw-ad-linear\">\n<div id=\"aperturaoW73L31e_ad\" class=\"jw-ads-view\"><\/div>\n<\/div>\n<\/div>\n<div class=\"jw-controls jw-reset\">\n<div class=\"jw-controlbar jw-reset\">\n<div class=\"jw-reset jw-button-container\">\n<div class=\"jw-related-shelf-container jw-reset\">\n<div class=\"jw-related-shelf-contents jw-reset\">\n<div class=\"jw-reset jw-related-shelf\">\n<div class=\"jw-reset jw-related-shelf-list\">\n<div class=\"jw-reset jw-related-shelf-items jw-related-shelf-start\">\n<div class=\"jw-reset jw-related-shelf-item jw-related-item-visible\" tabindex=\"0\" role=\"button\" aria-label=\"Video - As\u00ed ingres\u00f3 Tato al estudio de Gran Hermano\" data-jw-index=\"3\">\n<div class=\"jw-reset jw-related-shelf-item-aspect\">\n<div class=\"jw-reset jw-related-shelf-item-container\">\n<div class=\"jw-reset jw-related-shelf-item-contents\"><\/div>\n<\/div>\n<\/div>\n<\/div>\n<div class=\"jw-reset jw-related-shelf-item\" tabindex=\"-1\" role=\"button\" aria-label=\"Video - Resumen de la temporada de Gran Hermano\" data-jw-index=\"7\">\n<div class=\"jw-reset jw-related-shelf-item-aspect\">\n<div class=\"jw-reset jw-related-shelf-item-container\">\n<div class=\"jw-reset jw-related-shelf-item-contents\"><\/div>\n<\/div>\n<\/div>\n<\/div>\n<\/div>\n<\/div>\n<\/div>\n<\/div>\n<\/div>\n<\/div>\n<\/div>\n<\/div>\n<\/div>\n<\/div>\n<div class=\"sc-c2c2a3c6-1 kQhBlc videoText story-header videoText story-header\">Santiago &#8220;Tato&#8221; Algorta se consagr\u00f3 como el ganador de Gran Hermano<\/div>\n<\/div>\n<\/div>\n<\/div>\n<\/div>\n<\/div>\n<section class=\"sc-7d68fd58-1 ebvlym\">\n<article id=\"storyBody\" class=\"sc-7d68fd58-2 eHXHTP\">\n<section class=\"sc-7d68fd58-3 flxOYP dataStory dataStory\">\n<div class=\"list-authors \">\n<div class=\"sc-4e7e5c5d-0 hgTTFo list-authors speakable-author\">Redacci\u00f3n Clar\u00edn<\/div>\n<\/div>\n<div class=\"place-social-mobile\">\n<div class=\"sc-21d6e8b1-0 iyySuN SocialMedia SocialMedia\"><\/div>\n<\/div>\n<\/section>\n<div class=\"StoryTextContainer vsmcontent\" data-mrf-recirculation=\"Article Body\">\n<div id=\"containerUalter\" class=\"trinity-skip-it\">\n<div class=\"ualter_content\">\n<section class=\"accordion\">\n<div class=\"tab\">\n<div class=\"tab__content\">\n<div class=\"sintesis\">\n<div class=\"sintesis-header\">\n<h4><img loading=\"lazy\" decoding=\"async\" class=\"alignleft\" style=\"font-family: Verdana, Geneva, sans-serif; font-size: 15px; color: #222222;\" src=\"https:\/\/www.clarin.com\/img\/2025\/06\/24\/keItyhqZe_600x600__1.jpg\" alt=\"Tato fue el ganador de &quot;Gran Hermano&quot;. Captura TV.\" width=\"322\" height=\"322\" data-readystate=\"complete\" \/><\/h4>\n<\/div>\n<div class=\"sintesis-content\">\n<div class=\"slider-wrapper\">\n<div id=\"element-body-0\" class=\"sc-45461e9c-0 eqiBeF container-text text-embed \">\n<p>Despu\u00e9s de 204 d\u00edas dentro de la casa de\u00a0<em>Gran Hermano\u00a0<\/em>(Telefe),\u00a0<strong>Santiago Algorta<\/strong>, popularmente conocido como<strong>\u00a0Tato<\/strong>, se consagr\u00f3, por decisi\u00f3n del p\u00fablico, como el gran ganador de esta edici\u00f3n.<\/p>\n<\/div>\n<div id=\"element-body-1\" class=\"sc-45461e9c-0 eqiBeF container-text text-embed \">\n<p>Luego de una larga temporada que dur\u00f3 casi siete meses y despu\u00e9s de la eliminaci\u00f3n de Eugenia Ruiz, este martes el\u00a0<em>reality<\/em>\u00a0termin\u00f3 con una re\u00f1ida final entre\u00a0<strong>Ulises Ap\u00f3stolo<\/strong>, del grupo \u201cLos causa\u201d y<strong>\u00a0Santiago \u201cTato\u201d Algorta<\/strong>\u00a0y<strong>\u00a0Luz Tito<\/strong>, del famoso \u201cTridente\u201d.<\/p>\n<\/div>\n<div id=\"element-body-2\" class=\"sc-45461e9c-0 eqiBeF container-text text-embed \">\n<p>Aunque los tres fueron grandes figuras y cosecharon miles de fans, el p\u00fablico opt\u00f3 por coronar al uruguayo, que fue uno de los favoritos de la edici\u00f3n.<\/p>\n<\/div>\n<p><img loading=\"lazy\" decoding=\"async\" class=\"alignright\" src=\"https:\/\/www.clarin.com\/img\/2025\/06\/24\/FrcCSNh8t_600x600__1.jpg\" alt=\"Tato fue el ganador de &quot;Gran Hermano&quot;. Captura TV.\" width=\"288\" height=\"288\" data-readystate=\"complete\" \/><\/p>\n<ul id=\"slides-container\" class=\"slides-container\">\n<li class=\"slide\">\n<div id=\"element-body-4\" class=\"sc-45461e9c-0 eqiBeF container-text text-embed \">\n<p>Despu\u00e9s de los festejos, saltos y gritos de felicidad,<em>\u00a0\u201cEl Big\u201d<\/em>\u00a0le dijo a Tato que era hora de apagar la luz y abandonar la famosa casa.\u00a0<strong>\u201cNo s\u00e9 si estoy listo\u201d<\/strong>, reconoci\u00f3 el participante, que segu\u00eda muy emocionado.<\/p>\n<\/div>\n<div id=\"element-body-5\" class=\"sc-45461e9c-0 eqiBeF container-text text-embed \">\n<p>Luego, agreg\u00f3:<strong>\u00a0\u201cGracias\u00a0<em>Big<\/em>. Gracias por abrirme las puertas de tu casa, por hacerme tan feliz y por demostrarme que cuando uno quiere y va por lo que sue\u00f1a, las cosas se cumplen. Gracias por haberme hecho conocer a Luz, a Luchi, a Luci. Gracias por haberme dado la oportunidad de mi vida\u201d.<\/strong><\/p>\n<\/div>\n<div id=\"element-body-7\" class=\"sc-45461e9c-0 eqiBeF container-text text-embed \">\n<p>\u201cGente, salgan de la zona de confort, est\u00e1 ah\u00ed la felicidad\u201d, sentenci\u00f3.<\/p>\n<\/div>\n<div id=\"element-body-8\" class=\"sc-45461e9c-0 eqiBeF container-text text-embed \">\n<p>&#8220;Gente, vayan por lo que sue\u00f1an, vayan por lo quieren.\u00a0<strong>Sean muy felices y hagan, hagan, hagan, que ah\u00ed est\u00e1 la felicidad. Y cag&#8230; en la opini\u00f3n de los dem\u00e1s.\u00a0<\/strong>Mientras que no le hagan mal a nadie, cag&#8230; en la opini\u00f3n de los dem\u00e1s y sean ustedes, fieles a s\u00ed mismos. Gracias, los quiero mucho. Chau, chau&#8221;, concluy\u00f3. Y sali\u00f3 por la puerta grande.<\/p>\n<\/div>\n<p><img loading=\"lazy\" decoding=\"async\" class=\"alignleft\" src=\"https:\/\/www.clarin.com\/img\/2025\/06\/24\/VD00FAvhy_600x600__1.jpg\" alt=\"&quot;Salgan de la zona de confort, est\u00e1 ah\u00ed la felicidad\u201d, dijo Tato, antes de abandonar &quot;Gran Hermano&quot;. Captura TV.\" width=\"316\" height=\"316\" data-readystate=\"complete\" \/><\/li>\n<li>\n<div id=\"element-body-11\" class=\"sc-45461e9c-0 eqiBeF container-text text-embed \">\n<p>El reloj marcaba las 22 horas, los jugadores que pasaron por la casa de\u00a0<em>Gran Hermano<\/em>\u00a0(Telefe) durante la \u00faltima edici\u00f3n, fueron llegando al estudio ubicado en la zona de Mart\u00ednez y desfilaron por la alfombra azul luciendo sus<em>\u00a0outfits<\/em>\u00a0de gala.<\/p>\n<\/div>\n<div id=\"element-body-12\" class=\"sc-45461e9c-0 eqiBeF container-text text-embed \">\n<p>La emisi\u00f3n comenz\u00f3 pasadas las 22.30, con un impactante informe que reun\u00eda los mejores momentos de esta edici\u00f3n que tuvo grandes participantes como<strong>\u00a0Juan Pablo De Vigili<\/strong>, m\u00e1s conocido como Devi<strong>, Sandra Priore, Chiara Mancuso, la uruguaya Selva P\u00e9rez Carvalho<\/strong>\u00a0y<strong>\u00a0Luciana Mart\u00ednez.<\/strong><\/p>\n<\/div>\n<p><img decoding=\"async\" src=\"https:\/\/www.clarin.com\/img\/2025\/06\/24\/PfEAyGMxl_600x600__1.jpg\" alt=\"Santiago del Moro dio a conocer los porcentajes que est\u00e1n acumulando los tres finalistas de Gran Hermano. Captura TV.\" data-readystate=\"complete\" \/><\/p>\n<div id=\"element-body-14\" class=\"sc-45461e9c-0 eqiBeF container-text text-embed \">\n<p>\u201cY s\u00ed amigos, la cuenta regresiva termin\u00f3. Lleg\u00f3 el d\u00eda, la hora, el minuto, el segundo preciso en que todo cobra sentido y se escribe en la historia\u201d, comenz\u00f3 diciendo el conductor,\u00a0<strong>Santiago del Moro<\/strong>, mientras en la pantalla se ve\u00edan im\u00e1genes de los participantes que pasaron por la famosa casa.<\/p>\n<\/div>\n<div id=\"element-body-15\" class=\"sc-45461e9c-0 eqiBeF container-text text-embed \">\n<p>El estudio fue una fiesta de carteles, banderas, gritos y c\u00e1nticos y reuni\u00f3 a los ex jugadores, a los especialistas que cada noche protagonizaron los debates del\u00a0<em>reality\u00a0<\/em>y a una gran tribuna repleta de fans del programa y de familiares y amigos de los tres finalistas.<\/p>\n<\/div>\n<p><img loading=\"lazy\" decoding=\"async\" class=\"\" src=\"https:\/\/www.clarin.com\/img\/2025\/06\/24\/LwxyGgHhC_600x600__1.jpg\" alt=\"La llegada de Luz Tito al estudio de &quot;Gran Hermano&quot; tras quedarse con el tercer puesto del reality. Foto: Prensa Telefe.\" width=\"328\" height=\"328\" data-readystate=\"complete\" \/><\/p>\n<div id=\"element-body-17\" class=\"sc-45461e9c-0 eqiBeF container-text text-embed \">\n<p>R\u00e1pidamente, Del Moro mostr\u00f3 los porcentajes de la noche:<strong>\u00a0el primer puesto hab\u00eda conseguido el 48 %, el segundo 26 % y el tercero 25 % de los votos.<\/strong><\/p>\n<\/div>\n<div id=\"element-body-18\" class=\"sc-45461e9c-0 eqiBeF container-text text-embed \">\n<p>Media hora m\u00e1s tarde, el conductor anunci\u00f3 qui\u00e9n era el primero en abandonar la casa, la elegida por el p\u00fablico fue Luz Tito. La juje\u00f1a abraz\u00f3 a su amigo, el uruguayo Santiago Algorta, y se fue con su valija tras escuchar las emocionantes palabras de\u00a0<em>Gran Hermano<\/em>\u00a0que le dijo:\u00a0<strong>&#8220;Peque\u00f1a e inmensa Luz. Colmaste de brillo esta casa. Cada d\u00eda transcurrido, le hiciste honor a tu nombre&#8221;.<\/strong><\/p>\n<\/div>\n<\/li>\n<li class=\"slide\"><img loading=\"lazy\" decoding=\"async\" class=\"alignleft\" src=\"https:\/\/www.clarin.com\/img\/2025\/06\/24\/GlD6yPeMp_600x600__1.jpg\" alt=\"Ulises se despidi\u00f3 de &quot;Gran Hermano&quot;. Fotos: Captura TV.\" width=\"264\" height=\"264\" data-readystate=\"complete\" \/>Unos minutos despu\u00e9s, Del Moro anunci\u00f3 que Ulises se hab\u00eda quedado con el segundo puesto. El cordob\u00e9s se despidi\u00f3 recorriendo la casa por \u00faltima vez y con uno de sus t\u00edpicos discursos.<\/li>\n<\/ul>\n<\/div>\n<\/div>\n<div class=\"sintesis-footer\">\n<div class=\"manos\">\n<div class=\"gracias\">\n<div id=\"element-body-21\" class=\"sc-45461e9c-0 eqiBeF container-text text-embed \">\n<p><strong>&#8220;Gracias Argentina, gracias mi C\u00f3rdoba amada, gracias por estar conmigo. Gracias a cada uno de ustedes por estar conmigo, se que le han metido mucho empe\u00f1o, mucha garra&#8221;<\/strong>, manifest\u00f3 Ulises.<\/p>\n<\/div>\n<\/div>\n<\/div>\n<\/div>\n<div id=\"modules\" class=\"otros\">\n<div id=\"element-body-23\" class=\"sc-45461e9c-0 eqiBeF container-text text-embed \">\n<p>&#8220;Ulises, quiero decirte que no s\u00f3lo &#8216;el interior del interior&#8217; estuvo brillantemente representado, sino todo el pa\u00eds disfrut\u00f3 de un jugador que ya forma parte de la historia grande de este reality&#8221;, le digo &#8220;El Big&#8221; antes de despedirlo y destac\u00f3 su &#8220;histrionismo&#8221; y su &#8220;carisma&#8221;.<\/p>\n<\/div>\n<div class=\"sc-80d44df9-7 keNRi bannerCollapse\"><\/div>\n<div id=\"element-body-24\" class=\"sc-45461e9c-0 eqiBeF container-text text-embed \">\n<p>&#8220;Sos talento&#8221;, le dijo Tato al despedirlo. &#8220;Gracias Ulises, gracias&#8221;, agreg\u00f3.<\/p>\n<\/div>\n<\/div>\n<\/div>\n<div class=\"expandable-rectangle\">\n<div class=\"clickable\">\n<div id=\"element-body-26\" class=\"sc-45461e9c-0 eqiBeF container-text text-embed \">\n<p>Despu\u00e9s, el uruguayo se puso a saltar y a festejar por haberse consagrado como el ganador.<\/p>\n<\/div>\n<div id=\"element-body-27\" class=\"sc-45461e9c-0 eqiBeF container-text text-embed \">\n<p><strong>&#8220;\u00a1No puede ser! \u00a1Estoy solo ac\u00e1! \u00a1Dale campe\u00f3n! \u00a1Gracias Argentina por esta oportunidad!&#8221;<\/strong>, grit\u00f3 Tato. Unos minutos m\u00e1s tarde, &#8220;apag\u00f3 las luces&#8221; de la casa, se despidi\u00f3 de\u00a0<em>Gran Hermano<\/em>\u00a0y dio por finalizada esta edici\u00f3n.<\/p>\n<\/div>\n<\/div>\n<div class=\"textual-container content\">\n<div class=\"textual-card\">\n<p class=\"cont-autor\">\n<\/div>\n<div class=\"textual-card\"><\/div>\n<\/div>\n<\/div>\n<\/div>\n<\/div>\n<\/section>\n<\/div>\n<\/div>\n<div id=\"cuerpo\">\n<div id=\"element-body-27\" class=\"sc-45461e9c-0 eqiBeF container-text text-embed \">\n<p>&nbsp;<\/p>\n<\/div>\n<\/div>\n<\/div>\n<\/article>\n<\/section>\n","protected":false},"excerpt":{"rendered":"<p>El uruguayo fue el elegido por el p\u00fablico. Estuvo 204 d\u00edas en la casa. Santiago &#8220;Tato&#8221; Algorta se consagr\u00f3 como el ganador de Gran Hermano Redacci\u00f3n Clar\u00edn Despu\u00e9s de 204 d\u00edas dentro de la casa de\u00a0Gran Hermano\u00a0(Telefe),\u00a0Santiago Algorta, popularmente conocido como\u00a0Tato, se consagr\u00f3, por decisi\u00f3n del p\u00fablico, como el gran ganador de esta edici\u00f3n. Luego [&hellip;]<\/p>\n","protected":false},"author":2,"featured_media":24412,"comment_status":"closed","ping_status":"closed","sticky":false,"template":"","format":"standard","meta":{"footnotes":""},"categories":[67],"tags":[],"class_list":{"0":"post-24411","1":"post","2":"type-post","3":"status-publish","4":"format-standard","5":"has-post-thumbnail","7":"category-espectaculo"},"_links":{"self":[{"href":"https:\/\/radiobitacora.com.ar\/web\/wp-json\/wp\/v2\/posts\/24411","targetHints":{"allow":["GET"]}}],"collection":[{"href":"https:\/\/radiobitacora.com.ar\/web\/wp-json\/wp\/v2\/posts"}],"about":[{"href":"https:\/\/radiobitacora.com.ar\/web\/wp-json\/wp\/v2\/types\/post"}],"author":[{"embeddable":true,"href":"https:\/\/radiobitacora.com.ar\/web\/wp-json\/wp\/v2\/users\/2"}],"replies":[{"embeddable":true,"href":"https:\/\/radiobitacora.com.ar\/web\/wp-json\/wp\/v2\/comments?post=24411"}],"version-history":[{"count":0,"href":"https:\/\/radiobitacora.com.ar\/web\/wp-json\/wp\/v2\/posts\/24411\/revisions"}],"wp:featuredmedia":[{"embeddable":true,"href":"https:\/\/radiobitacora.com.ar\/web\/wp-json\/wp\/v2\/media\/24412"}],"wp:attachment":[{"href":"https:\/\/radiobitacora.com.ar\/web\/wp-json\/wp\/v2\/media?parent=24411"}],"wp:term":[{"taxonomy":"category","embeddable":true,"href":"https:\/\/radiobitacora.com.ar\/web\/wp-json\/wp\/v2\/categories?post=24411"},{"taxonomy":"post_tag","embeddable":true,"href":"https:\/\/radiobitacora.com.ar\/web\/wp-json\/wp\/v2\/tags?post=24411"}],"curies":[{"name":"wp","href":"https:\/\/api.w.org\/{rel}","templated":true}]}}