{"id":24466,"date":"2025-06-26T11:22:26","date_gmt":"2025-06-26T14:22:26","guid":{"rendered":"https:\/\/radiobitacora.com.ar\/web\/?p=24466"},"modified":"2025-06-26T11:22:35","modified_gmt":"2025-06-26T14:22:35","slug":"atentado-a-la-amia-el-juez-rafecas-resolvio-que-se-haga-el-juicio-en-ausencia","status":"publish","type":"post","link":"https:\/\/radiobitacora.com.ar\/web\/2025\/06\/26\/atentado-a-la-amia-el-juez-rafecas-resolvio-que-se-haga-el-juicio-en-ausencia\/","title":{"rendered":"ATENTADO A LA AMIA: EL JUEZ RAFECAS RESOLVI\u00d3 QUE SE HAGA EL JUICIO EN AUSENCIA"},"content":{"rendered":"<div class=\"sc-808a5b4d-0 fiDTki normal-header false normal-header false\">\n<div class=\"sc-808a5b4d-0 fiDTki shared-header shared-header\">\n<div class=\"mt \">\n<ul>\n<li>Diez iran\u00edes y libaneses ser\u00e1n juzgados por el ataque terrorista de 1994, que caus\u00f3 85 muertos.<\/li>\n<li>El magistrado acept\u00f3 el pedido del fiscal para poner en pr\u00e1ctica la reciente ley votada en el Congreso.<\/li>\n<\/ul>\n<\/div>\n<div class=\"image-container \"><picture><source srcset=\"https:\/\/www.clarin.com\/img\/2025\/06\/26\/n5T91Ltap_1256x620__1.jpg\" media=\"(min-width: 975px)\" \/><\/picture><span class=\"epigraphe\">El acto por el 30 aniversario del atentado a la AMIA, el 18 de julio del a\u00f1o pasado. Foto: Fernando de la Orden.<\/span><\/div>\n<\/div>\n<\/div>\n<section class=\"sc-46e3ecc3-1 fMFjWA\">\n<article id=\"storyBody\" class=\"sc-46e3ecc3-2 cfXsMv\">\n<section class=\"sc-46e3ecc3-3 eNZxqX dataStory dataStory\">\n<div class=\"list-authors has-border-top\">\n<div class=\"sc-4e7e5c5d-0 hgTTFo list-authors has-border-top speakable-author\"><\/div>\n<\/div>\n<\/section>\n<div class=\"StoryTextContainer vsmcontent\" data-mrf-recirculation=\"Article Body\">\n<div id=\"containerUalter\" class=\"trinity-skip-it\">\n<div class=\"ualter_content\">\n<section class=\"accordion\">\n<div class=\"tab\">\n<div class=\"ai\"><\/div>\n<div class=\"tab__content\">\n<div class=\"experimental\"><\/div>\n<\/div>\n<\/div>\n<\/section>\n<\/div>\n<\/div>\n<div id=\"cuerpo\">\n<div id=\"element-body-0\" class=\"sc-45461e9c-0 eqiBeF container-text text-embed \">\n<p>El juez federal Daniel Rafecas resolvi\u00f3 este jueves que\u00a0<strong>se implementar\u00e1 el juicio en ausencia contra los diez libaneses e iran\u00edes acusados por el atentado a la AMIA\u00a0<\/strong>que ocurri\u00f3 hace 31 a\u00f1os y sigue impune.<\/p>\n<\/div>\n<div id=\"element-body-1\" class=\"sc-45461e9c-0 eqiBeF container-text text-embed \">\n<p>Despu\u00e9s del pedido del fiscal de la UFI AMIA -Sebasti\u00e1n Basso- y de las querellas, Rafecas resolvi\u00f3 que debe avanzarse hacia el juicio en ausencia contra los acusados en este expediente.<\/p>\n<\/div>\n<div id=\"element-body-2\" class=\"sc-45461e9c-0 eqiBeF container-text text-embed \">\n<p>Se trata de\u00a0<strong>exfuncionarios del gobierno iran\u00ed y miembros de Hezbollah<\/strong>\u00a0se\u00f1alados como responsables de planificar y ejecutar el ataque terrorista del 18 de julio de 1994, que dej\u00f3 85 muertos y m\u00e1s de 150 heridos.<\/p>\n<\/div>\n<div class=\"sc-80d44df9-7 keNRi bannerCollapse\">\n<div id=\"div-gpt-ad-inread\" class=\"sc-d0f79270-0 lcvdWI lazyBanner\" data-google-query-id=\"CJjo3P6jj44DFWaDYQYdeHkQlA\">\n<div id=\"google_ads_iframe_\/242767168\/clarin\/politica\/nota\/inread_0__container__\"><\/div>\n<\/div>\n<\/div>\n<div id=\"element-body-3\" class=\"sc-45461e9c-0 eqiBeF container-text text-embed \">\n<p>Fue el Ministerio P\u00fablico Fiscal quien hab\u00eda requerido que se tenga en cuenta\u00a0<strong>la nueva ley de juicio en ausencia,<\/strong>\u00a0sancionada por el Congreso durante este a\u00f1o, que constituye el marco propicio para se avance en procesos penales, cuando los acusados eluden de forma sistem\u00e1tica a la justicia.<\/p>\n<\/div>\n<div id=\"element-body-4\" class=\"sc-45461e9c-0 eqiBeF container-text text-embed \">\n<p>En la resoluci\u00f3n judicial de 148 p\u00e1ginas a la que accedi\u00f3<strong>\u00a0Clar\u00edn<\/strong>, el magistrado explic\u00f3 que los acusados fueron &#8220;declarados rebeldes hace a\u00f1os, saben perfectamente que est\u00e1n siendo buscados y nunca respondieron a los pedidos de extradici\u00f3n&#8221;.<\/p>\n<\/div>\n<div class=\"sc-80d44df9-7 keNRi bannerCollapse\"><\/div>\n<div id=\"element-body-5\" class=\"sc-45461e9c-0 eqiBeF container-text text-embed \">\n<p>La investigaci\u00f3n apunta a que el atentado habr\u00eda sido organizado desde las m\u00e1s altas esferas del r\u00e9gimen iran\u00ed, con apoyo log\u00edstico y operativo de Hezbollah en Argentina y en la Triple Frontera.<\/p>\n<\/div>\n<div id=\"element-body-6\" class=\"sc-45461e9c-0 eqiBeF container-text text-embed \">\n<p>Con esta decisi\u00f3n (que\u00a0<strong>rechaz\u00f3 todas objeciones de la Defensa Oficial frente al nuevo sistema<\/strong>), el tribunal busca que el caso avance hacia el juicio oral* pese a la ausencia de los acusados, para evitar que los cr\u00edmenes queden impunes y dar una respuesta judicial despu\u00e9s de m\u00e1s de 30 a\u00f1os de espera.<\/p>\n<\/div>\n<\/div>\n<\/div>\n<\/article>\n<\/section>\n","protected":false},"excerpt":{"rendered":"<p>Diez iran\u00edes y libaneses ser\u00e1n juzgados por el ataque terrorista de 1994, que caus\u00f3 85 muertos. El magistrado acept\u00f3 el pedido del fiscal para poner en pr\u00e1ctica la reciente ley votada en el Congreso. El acto por el 30 aniversario del atentado a la AMIA, el 18 de julio del a\u00f1o pasado. Foto: Fernando de [&hellip;]<\/p>\n","protected":false},"author":2,"featured_media":24468,"comment_status":"closed","ping_status":"closed","sticky":false,"template":"","format":"standard","meta":{"footnotes":""},"categories":[85],"tags":[],"class_list":{"0":"post-24466","1":"post","2":"type-post","3":"status-publish","4":"format-standard","5":"has-post-thumbnail","7":"category-sociales"},"_links":{"self":[{"href":"https:\/\/radiobitacora.com.ar\/web\/wp-json\/wp\/v2\/posts\/24466","targetHints":{"allow":["GET"]}}],"collection":[{"href":"https:\/\/radiobitacora.com.ar\/web\/wp-json\/wp\/v2\/posts"}],"about":[{"href":"https:\/\/radiobitacora.com.ar\/web\/wp-json\/wp\/v2\/types\/post"}],"author":[{"embeddable":true,"href":"https:\/\/radiobitacora.com.ar\/web\/wp-json\/wp\/v2\/users\/2"}],"replies":[{"embeddable":true,"href":"https:\/\/radiobitacora.com.ar\/web\/wp-json\/wp\/v2\/comments?post=24466"}],"version-history":[{"count":0,"href":"https:\/\/radiobitacora.com.ar\/web\/wp-json\/wp\/v2\/posts\/24466\/revisions"}],"wp:featuredmedia":[{"embeddable":true,"href":"https:\/\/radiobitacora.com.ar\/web\/wp-json\/wp\/v2\/media\/24468"}],"wp:attachment":[{"href":"https:\/\/radiobitacora.com.ar\/web\/wp-json\/wp\/v2\/media?parent=24466"}],"wp:term":[{"taxonomy":"category","embeddable":true,"href":"https:\/\/radiobitacora.com.ar\/web\/wp-json\/wp\/v2\/categories?post=24466"},{"taxonomy":"post_tag","embeddable":true,"href":"https:\/\/radiobitacora.com.ar\/web\/wp-json\/wp\/v2\/tags?post=24466"}],"curies":[{"name":"wp","href":"https:\/\/api.w.org\/{rel}","templated":true}]}}