{"id":24493,"date":"2025-06-26T19:43:47","date_gmt":"2025-06-26T22:43:47","guid":{"rendered":"https:\/\/radiobitacora.com.ar\/web\/?p=24493"},"modified":"2025-06-26T19:43:47","modified_gmt":"2025-06-26T22:43:47","slug":"el-vicegobernador-en-inauguraciones-del-parque-industrial-de-ituzaingo-y-el-cuartel-de-la-brigada-forestal","status":"publish","type":"post","link":"https:\/\/radiobitacora.com.ar\/web\/2025\/06\/26\/el-vicegobernador-en-inauguraciones-del-parque-industrial-de-ituzaingo-y-el-cuartel-de-la-brigada-forestal\/","title":{"rendered":"EL VICEGOBERNADOR EN INAUGURACIONES DEL PARQUE INDUSTRIAL DE ITUZAING\u00d3 Y EL CUARTEL DE LA BRIGADA FORESTAL"},"content":{"rendered":"<p>En la ma\u00f1ana de este jueves, el gobernador Gustavo Vald\u00e9s, acompa\u00f1ado por el vicegobernador Pedro Braillard Poccard, cort\u00f3 las cintas del Parque Industrial de Ituzaing\u00f3 \u2013ubicado en Ruta Nacional 12, km. 1239-, una iniciativa del Gobierno de Corrientes que potenciar\u00e1 las inversiones privadas y al sector forestal.<\/p>\n<p>Se trata de una obra central para el desarrollo y la modernizaci\u00f3n de la provincia, expres\u00f3 el gobernador Gustavo Vald\u00e9s. Adem\u00e1s, se habilit\u00f3 el Cuartel donde funcionar\u00e1 la Brigada de Incendios Forestales zonal. Posteriormente, el Gobernador y las autoridades recorrieron la 1\u00ba Expo Foresto Industrial, emplazada en el mismo lugar.<\/p>\n<p>\u201cHoy estamos cumpliendo una etapa. Estamos en condiciones de arrancar, de empujar, y de dejar una obra que es fundamental para la regi\u00f3n\u201d, afirm\u00f3 Vald\u00e9s, quien agradeci\u00f3 el trabajo de diversas \u00e1reas del Estado provincial y destac\u00f3 el rol de empresas privadas y organismos nacionales que hicieron posible el proyecto.<\/p>\n<p>Entre los agradecimientos, el gobernador reconoci\u00f3 especialmente a la empresa Pomera, del empresario Hugo Sigman, que facilit\u00f3 la gesti\u00f3n para la instalaci\u00f3n del Parque. Tambi\u00e9n mencion\u00f3 a la empresa Relats, responsable de parte de las obras complementarias, y a Eduardo de Pedro, entonces ministro del Interior, por facilitar gestiones con organismos internacionales.<\/p>\n<p><img loading=\"lazy\" decoding=\"async\" class=\"wp-image-24494 alignleft\" src=\"https:\/\/radiobitacora.com.ar\/web\/wp-content\/uploads\/2025\/06\/WhatsApp-Image-2025-06-26-at-6.41.57-PM-1.jpeg\" alt=\"\" width=\"392\" height=\"261\" srcset=\"https:\/\/radiobitacora.com.ar\/web\/wp-content\/uploads\/2025\/06\/WhatsApp-Image-2025-06-26-at-6.41.57-PM-1.jpeg 1280w, https:\/\/radiobitacora.com.ar\/web\/wp-content\/uploads\/2025\/06\/WhatsApp-Image-2025-06-26-at-6.41.57-PM-1-696x464.jpeg 696w, https:\/\/radiobitacora.com.ar\/web\/wp-content\/uploads\/2025\/06\/WhatsApp-Image-2025-06-26-at-6.41.57-PM-1-1068x712.jpeg 1068w, https:\/\/radiobitacora.com.ar\/web\/wp-content\/uploads\/2025\/06\/WhatsApp-Image-2025-06-26-at-6.41.57-PM-1-630x420.jpeg 630w\" sizes=\"auto, (max-width: 392px) 100vw, 392px\" \/><\/p>\n<p>Vald\u00e9s repas\u00f3 c\u00f3mo, frente a la negativa del Banco Interamericano de Desarrollo (BID) a financiar puertos debido a cuestiones ambientales, el Gobierno provincial decidi\u00f3 avanzar con recursos propios: \u201cNos dijeron que era una inversi\u00f3n millonaria. Y dijimos: lo vamos a hacer nosotros. Hoy el Puerto est\u00e1 listo\u201d.<\/p>\n<p>El mandatario tambi\u00e9n se\u00f1al\u00f3 que Ituzaing\u00f3 no es el \u00fanico destino de esta infraestructura, sino un eje estrat\u00e9gico para toda la regi\u00f3n, ya que permitir\u00e1 potenciar la salida de la producci\u00f3n forestal del noreste correntino, especialmente del departamento de Santo Tom\u00e9 y otras zonas productivas.<\/p>\n<p>Asimismo, hizo un llamado a mirar m\u00e1s all\u00e1 de los problemas de la pol\u00edtica y centrarse en la producci\u00f3n, el empleo y las oportunidades. \u201cSi no hablamos de industria, si no hablamos de desarrollo, terminamos discutiendo solo los problemas de los pol\u00edticos y no resolvemos lo que verdaderamente importa\u201d, sostuvo.<\/p>\n<p>En este contexto, destac\u00f3 el potencial exportador de Corrientes y la necesidad de contar con infraestructura log\u00edstica propia. \u201cHasta ahora, nuestras exportaciones sal\u00edan por puertos de otras provincias y no se nos contaban como propias. Eso va a cambiar\u201d, afirm\u00f3.<\/p>\n<p>Sobre la puesta en funcionamiento del Parque Industrial de Ituzaing\u00f3, el titular del ejecutivo provincial agradeci\u00f3 a las empresas que ya se instalaron y que confiaron en este proyecto. \u201cAc\u00e1 vemos se\u00f1ales de humo que son de trabajo, progreso y empleo digno\u201d, expres\u00f3 en ese sentido.<\/p>\n<p>Inauguraci\u00f3n del Cuartel de Brigadas Forestales<\/p>\n<p><img loading=\"lazy\" decoding=\"async\" class=\"wp-image-24495 alignleft\" src=\"https:\/\/radiobitacora.com.ar\/web\/wp-content\/uploads\/2025\/06\/WhatsApp-Image-2025-06-26-at-6.41.55-PM-1.jpeg\" alt=\"\" width=\"338\" height=\"225\" srcset=\"https:\/\/radiobitacora.com.ar\/web\/wp-content\/uploads\/2025\/06\/WhatsApp-Image-2025-06-26-at-6.41.55-PM-1.jpeg 1280w, https:\/\/radiobitacora.com.ar\/web\/wp-content\/uploads\/2025\/06\/WhatsApp-Image-2025-06-26-at-6.41.55-PM-1-696x464.jpeg 696w, https:\/\/radiobitacora.com.ar\/web\/wp-content\/uploads\/2025\/06\/WhatsApp-Image-2025-06-26-at-6.41.55-PM-1-1068x712.jpeg 1068w, https:\/\/radiobitacora.com.ar\/web\/wp-content\/uploads\/2025\/06\/WhatsApp-Image-2025-06-26-at-6.41.55-PM-1-630x420.jpeg 630w\" sizes=\"auto, (max-width: 338px) 100vw, 338px\" \/><\/p>\n<p>Con el correspondiente descubrimiento de placa, el gobernador Gustavo Vald\u00e9s, junto al vicegobernador Pedro Braillard Poccard y dem\u00e1s autoridades, inaugur\u00f3 el Cuartel de la Brigada de Incendios Forestales de Ituzaing\u00f3, ubicado en el predio del Parque Industrial.<\/p>\n<p>Con una superficie de 1600m\u00b2, cuenta con alarmas integradas al 911 y est\u00e1 equipada con autobombas, camionetas y drones con c\u00e1maras t\u00e9rmicas para detecci\u00f3n y mapeo de focos activos.<\/p>\n<p>En dicho acto, Vald\u00e9s remarc\u00f3 que la obra fue posible gracias a una inversi\u00f3n del orden de los dos mil millones de pesos adem\u00e1s de los veh\u00edculos y equipamiento, con lo cual \u201cestamos brindando las mejores condiciones para el trabajo de los brigadistas\u201d.<\/p>\n<p>Presencias<\/p>\n<p>Acompa\u00f1aron los actos, el vicegobernador, Pedro Braillard Poccard, el vicepresidente primero del Senado, Henry Fick, dem\u00e1s ministros, secretarios y subsecretarios del gabinete provincial, presidentes, interventores y administradores de entes aut\u00e1rquicos, legisladores nacionales y provinciales, el subsecretario de Producci\u00f3n Agropecuaria y Forestal de la Naci\u00f3n, Manuel Chiappe, el intendente de la ciudad de Corrientes, Eduardo Tassano, el viceintendente de Ituzaing\u00f3, Emilio Nicol\u00e1s, concejales, intendentes del interior provincial, representantes de la Federaci\u00f3n Econ\u00f3mica Brasilera \u2013 Argentina- Paraguaya y de entidades intermedias, empresarios del sector foresto industrial, jefes de fuerzas federales y provinciales, dem\u00e1s autoridades nacionales y municipales.<\/p>\n","protected":false},"excerpt":{"rendered":"<p>En la ma\u00f1ana de este jueves, el gobernador Gustavo Vald\u00e9s, acompa\u00f1ado por el vicegobernador Pedro Braillard Poccard, cort\u00f3 las cintas del Parque Industrial de Ituzaing\u00f3 \u2013ubicado en Ruta Nacional 12, km. 1239-, una iniciativa del Gobierno de Corrientes que potenciar\u00e1 las inversiones privadas y al sector forestal. Se trata de una obra central para el [&hellip;]<\/p>\n","protected":false},"author":2,"featured_media":24496,"comment_status":"closed","ping_status":"closed","sticky":false,"template":"","format":"standard","meta":{"footnotes":""},"categories":[72],"tags":[],"class_list":{"0":"post-24493","1":"post","2":"type-post","3":"status-publish","4":"format-standard","5":"has-post-thumbnail","7":"category-provinciales"},"_links":{"self":[{"href":"https:\/\/radiobitacora.com.ar\/web\/wp-json\/wp\/v2\/posts\/24493","targetHints":{"allow":["GET"]}}],"collection":[{"href":"https:\/\/radiobitacora.com.ar\/web\/wp-json\/wp\/v2\/posts"}],"about":[{"href":"https:\/\/radiobitacora.com.ar\/web\/wp-json\/wp\/v2\/types\/post"}],"author":[{"embeddable":true,"href":"https:\/\/radiobitacora.com.ar\/web\/wp-json\/wp\/v2\/users\/2"}],"replies":[{"embeddable":true,"href":"https:\/\/radiobitacora.com.ar\/web\/wp-json\/wp\/v2\/comments?post=24493"}],"version-history":[{"count":0,"href":"https:\/\/radiobitacora.com.ar\/web\/wp-json\/wp\/v2\/posts\/24493\/revisions"}],"wp:featuredmedia":[{"embeddable":true,"href":"https:\/\/radiobitacora.com.ar\/web\/wp-json\/wp\/v2\/media\/24496"}],"wp:attachment":[{"href":"https:\/\/radiobitacora.com.ar\/web\/wp-json\/wp\/v2\/media?parent=24493"}],"wp:term":[{"taxonomy":"category","embeddable":true,"href":"https:\/\/radiobitacora.com.ar\/web\/wp-json\/wp\/v2\/categories?post=24493"},{"taxonomy":"post_tag","embeddable":true,"href":"https:\/\/radiobitacora.com.ar\/web\/wp-json\/wp\/v2\/tags?post=24493"}],"curies":[{"name":"wp","href":"https:\/\/api.w.org\/{rel}","templated":true}]}}