{"id":24513,"date":"2025-06-27T17:00:44","date_gmt":"2025-06-27T20:00:44","guid":{"rendered":"https:\/\/radiobitacora.com.ar\/web\/?p=24513"},"modified":"2025-06-27T17:00:44","modified_gmt":"2025-06-27T20:00:44","slug":"dia-internacional-de-la-lucha-contra-el-uso-indebido-y-el-trafico-ilicito-de-drogas","status":"publish","type":"post","link":"https:\/\/radiobitacora.com.ar\/web\/2025\/06\/27\/dia-internacional-de-la-lucha-contra-el-uso-indebido-y-el-trafico-ilicito-de-drogas\/","title":{"rendered":"D\u00cdA INTERNACIONAL DE LA LUCHA CONTRA EL USO INDEBIDO Y EL TR\u00c1FICO IL\u00cdCITO DE DROGAS"},"content":{"rendered":"<p style=\"font-weight: 400;\">MARCHA EN DEFENSA DE LA VIDA<\/p>\n<p style=\"font-weight: 400;\">Como parte de la celebraci\u00f3n en honor a la Virgen del Perpetuo Socorro, en el a\u00f1o jubilar, la Parroquia La Rotonda organiz\u00f3 una marcha en defensa de la vida, con antorchas en Plaza Placido Mart\u00ednez<\/p>\n<p style=\"font-weight: 400;\">El objetivo de ese encuentro encender luces en las oscuridades de las realidades del consumo de drogas y la necesidad de proclamar las necesidades ante el Estado, raz\u00f3n por la cual, durante la concentraci\u00f3n se ley\u00f3 el \u00a0documento elaborado por Comisi\u00f3n Ejecutiva Conferencia Episcopal Argentina, posteriormente hicieron entrega de dicho documento a la directora de Prevenci\u00f3n de Adicciones del municipio de Goya.<\/p>\n<p><img loading=\"lazy\" decoding=\"async\" class=\"wp-image-24514 alignleft\" src=\"https:\/\/radiobitacora.com.ar\/web\/wp-content\/uploads\/2025\/06\/MARCHA-3.jpeg\" alt=\"\" width=\"404\" height=\"269\" srcset=\"https:\/\/radiobitacora.com.ar\/web\/wp-content\/uploads\/2025\/06\/MARCHA-3.jpeg 1600w, https:\/\/radiobitacora.com.ar\/web\/wp-content\/uploads\/2025\/06\/MARCHA-3-696x464.jpeg 696w, https:\/\/radiobitacora.com.ar\/web\/wp-content\/uploads\/2025\/06\/MARCHA-3-1068x712.jpeg 1068w, https:\/\/radiobitacora.com.ar\/web\/wp-content\/uploads\/2025\/06\/MARCHA-3-630x420.jpeg 630w\" sizes=\"auto, (max-width: 404px) 100vw, 404px\" \/><\/p>\n<p style=\"font-weight: 400;\">La funcionaria invitada por los organizadores inform\u00f3 sobre el trabajo de su direcci\u00f3n articulando acciones con instituciones como el DTC (Dispositivo Territorial Comunitario), Fuerzas de Seguridad, Poder Judicial entre otros, indicando tambi\u00e9n la creaci\u00f3n de un Centro de D\u00eda salud mental Enrique \u201cPich\u00f3n\u201d Riviere, haciendo menci\u00f3n que su acci\u00f3n est\u00e1 destinado a acompa\u00f1ar a las personas en su tr\u00e1nsito por los consumos problem\u00e1ticos.<\/p>\n<p style=\"font-weight: 400;\">Posteriormente, marcharon hacia el templo parroquial La Rotonda donde celebraron la misa.<\/p>\n<p style=\"font-weight: 400;\">Estuvieron los p\u00e1rrocos Ariel Gim\u00e9nez (Catedral); Juan Ram\u00f3n Lezcano (San Jos\u00e9 Obrero); Juan Carlos Mendoza (Itat\u00ed) y Boris Escobar Sejas (Rotonda).<\/p>\n<p style=\"font-weight: 400;\">Asimismo, la marcha cont\u00f3 con la participaci\u00f3n del Director de Consejos Vecinales Jos\u00e9 Casco.<\/p>\n<p style=\"font-weight: 400;\"><img loading=\"lazy\" decoding=\"async\" class=\"wp-image-24515 alignleft\" src=\"https:\/\/radiobitacora.com.ar\/web\/wp-content\/uploads\/2025\/06\/MARCHA-1.jpeg\" alt=\"\" width=\"408\" height=\"272\" srcset=\"https:\/\/radiobitacora.com.ar\/web\/wp-content\/uploads\/2025\/06\/MARCHA-1.jpeg 1600w, https:\/\/radiobitacora.com.ar\/web\/wp-content\/uploads\/2025\/06\/MARCHA-1-696x464.jpeg 696w, https:\/\/radiobitacora.com.ar\/web\/wp-content\/uploads\/2025\/06\/MARCHA-1-1068x712.jpeg 1068w, https:\/\/radiobitacora.com.ar\/web\/wp-content\/uploads\/2025\/06\/MARCHA-1-630x420.jpeg 630w\" sizes=\"auto, (max-width: 408px) 100vw, 408px\" \/><\/p>\n<p style=\"font-weight: 400;\"><u>TEXTO DEL DOCUMENTO LE\u00cdDO:<\/u><\/p>\n<p style=\"font-weight: 400;\"><strong>\u00a0<\/strong><\/p>\n<p style=\"font-weight: 400;\"><strong>D\u00eda Internacional de la Lucha contra el Uso Indebido y el Tr\u00e1fico Il\u00edcito de Drogas<\/strong><\/p>\n<p style=\"font-weight: 400;\"><strong>\u00a0<\/strong><\/p>\n<p style=\"font-weight: 400;\"><strong>Si el Estado se corre, entra el narcotr\u00e1fico.<\/strong><\/p>\n<p style=\"font-weight: 400;\">\n<p style=\"font-weight: 400;\">En la Jornada Mundial de la ONU contra el Uso Indebido y el Tr\u00e1fico Il\u00edcito de drogas, la Iglesia en la Argentina reafirma su compromiso en la lucha contra el flagelo del narcotr\u00e1fico y el consumo de drogas, una herida profunda en el coraz\u00f3n de tantos j\u00f3venes, muchos de ellos en situaciones de extrema pobreza.<\/p>\n<p style=\"font-weight: 400;\">\n<p style=\"font-weight: 400;\">Dios nos ha regalado la vida como un don, con una dignidad que nada ni nadie tiene que arrebatar. La droga mata por dentro, apaga la esperanza y corta proyectos de tantos chicos y chicas que quedan atrapados en el circuito del consumo. Esta realidad nos duele y nos interpela: \u00a1No podemos naturalizarla!<\/p>\n<p style=\"font-weight: 400;\">\n<p style=\"font-weight: 400;\">En los barrios m\u00e1s vulnerables la Iglesia est\u00e1 presente. Desde hace a\u00f1os, comunidades eclesiales de todo el pa\u00eds (parroquias, capillas, Hogares de Cristo, Centros Barriales, C\u00e1ritas, Fazendas de la Esperanza y otras obras donde se comparte el trabajo con organizaciones de la sociedad civil), acompa\u00f1an de manera silenciosa, cercana y constante a quienes han ca\u00eddo en la adicci\u00f3n y buscan una salida. Con un compromiso nacido de su fe en Jesucristo, lo hacen con la certeza de que nadie est\u00e1 perdido para siempre.<\/p>\n<p style=\"font-weight: 400;\">\n<p style=\"font-weight: 400;\">Pero vemos con preocupaci\u00f3n y dolor que la retirada del Estado de esos \u00e1mbitos abre paso al avance del narcotr\u00e1fico, que ocupa ese lugar vac\u00edo y se convierte en una suerte de &#8220;Estado paralelo&#8221;, donde los narcos ofrecen a los j\u00f3venes una vida corta pero aparentemente mejor, y esto a cambio de su dignidad, su libertad y, muchas veces, su vida.<\/p>\n<p style=\"font-weight: 400;\">\n<p style=\"font-weight: 400;\">La prevenci\u00f3n y la educaci\u00f3n son pilares irremplazables en esta lucha, concretados en espacios de contenci\u00f3n, escucha y formaci\u00f3n. Por eso es urgente y necesario que las autoridades nacionales, provinciales y municipales, reconozcan y sostengan el trabajo que\u00a0<a href=\"http:\/\/episcopado.org\/\" data-saferedirecturl=\"https:\/\/www.google.com\/url?q=http:\/\/episcopado.org&amp;source=gmail&amp;ust=1751140634131000&amp;usg=AOvVaw1yEmpcr2OwH00C5ptLXp0Q\">episcopado.org<\/a>\u00a0| @episcopadoargentino\u00a0ya se realiza en el territorio, aportando los recursos necesarios para potenciarlo y ampliarlo. Sin una presencia constante del Estado y el compromiso de toda la sociedad en la formaci\u00f3n de nuestros ni\u00f1os, ni\u00f1as y adolescentes, estaremos siempre corriendo detr\u00e1s del problema.<\/p>\n<p style=\"font-weight: 400;\">\n<p style=\"font-weight: 400;\">No se puede seguir esperando que quienes acompa\u00f1an a los j\u00f3venes m\u00e1s rotos lo hagan sin recursos. La entrega gratuita de tantos voluntarios es muy valiosa, pero debe ser complementada con equipos que puedan dedicarse a tiempo completo, y eso requiere financiamiento.<\/p>\n<p style=\"font-weight: 400;\">\n<p style=\"font-weight: 400;\">Desfinanciar estas obras, demorar la ayuda o relegarlas a la buena voluntad de voluntarios agotados, es una forma indirecta de condenar a muchos a la muerte. All\u00ed donde hay una comunidad que acoge y contiene, hay posibilidad de renacer. La recuperaci\u00f3n no es un camino solitario: se sostiene en v\u00ednculos, en el abrazo de una red fraterna, en la pertenencia. Por eso es fundamental cuidar y fortalecer estas comunidades que salvan vidas todos los d\u00edas. Sin el compromiso econ\u00f3mico del Estado, esta ardua tarea no se sostiene. Y si esta tarea cae, no habr\u00e1 quien reciba a los que tocan fondo buscando una segunda oportunidad. A quienes tienen responsabilidades de gobierno, les pedimos: \u00a1Escuchen el clamor de los que luchan por salir del consumo! \u00a1Vean el dolor de familias y comunidades que est\u00e1n destrozadas por este flagelo!<\/p>\n<p style=\"font-weight: 400;\">\n<p style=\"font-weight: 400;\">Finalmente, queremos reiterar nuestra gratitud a todos los que trabajan cada d\u00eda, con fe y esperanza, por rescatar a hermanos y hermanas del consumo de drogas. No est\u00e1n solos. En sus gestos cotidianos de amor y servicio se encarna el Evangelio.<\/p>\n<p style=\"font-weight: 400;\">Y especialmente, queremos decirles a quienes est\u00e1n atravesados por este drama de la drogadependencia, que como Iglesia no nos resignamos a perderlos. Porque creemos en Cristo, confiamos en la fuerza transformadora del amor, del encuentro y de la comunidad. No se desanimen. Pidan ayuda. No dejen de llamar a la puerta de todos cuantos queremos ayudarlos.<\/p>\n<p style=\"font-weight: 400;\">\n<p style=\"font-weight: 400;\"><img loading=\"lazy\" decoding=\"async\" class=\"wp-image-24516 alignleft\" src=\"https:\/\/radiobitacora.com.ar\/web\/wp-content\/uploads\/2025\/06\/MARCHA-5.jpeg\" alt=\"\" width=\"306\" height=\"204\" srcset=\"https:\/\/radiobitacora.com.ar\/web\/wp-content\/uploads\/2025\/06\/MARCHA-5.jpeg 1600w, https:\/\/radiobitacora.com.ar\/web\/wp-content\/uploads\/2025\/06\/MARCHA-5-696x464.jpeg 696w, https:\/\/radiobitacora.com.ar\/web\/wp-content\/uploads\/2025\/06\/MARCHA-5-1068x712.jpeg 1068w, https:\/\/radiobitacora.com.ar\/web\/wp-content\/uploads\/2025\/06\/MARCHA-5-630x420.jpeg 630w\" sizes=\"auto, (max-width: 306px) 100vw, 306px\" \/><\/p>\n<p style=\"font-weight: 400;\">\n<p style=\"font-weight: 400;\">\n<p style=\"font-weight: 400;\">Direcci\u00f3n de Prensa \u2013 Municipalidad de Goya.<\/p>\n","protected":false},"excerpt":{"rendered":"<p>MARCHA EN DEFENSA DE LA VIDA Como parte de la celebraci\u00f3n en honor a la Virgen del Perpetuo Socorro, en el a\u00f1o jubilar, la Parroquia La Rotonda organiz\u00f3 una marcha en defensa de la vida, con antorchas en Plaza Placido Mart\u00ednez El objetivo de ese encuentro encender luces en las oscuridades de las realidades del [&hellip;]<\/p>\n","protected":false},"author":2,"featured_media":24517,"comment_status":"closed","ping_status":"closed","sticky":false,"template":"","format":"standard","meta":{"footnotes":""},"categories":[56],"tags":[],"class_list":{"0":"post-24513","1":"post","2":"type-post","3":"status-publish","4":"format-standard","5":"has-post-thumbnail","7":"category-locales"},"_links":{"self":[{"href":"https:\/\/radiobitacora.com.ar\/web\/wp-json\/wp\/v2\/posts\/24513","targetHints":{"allow":["GET"]}}],"collection":[{"href":"https:\/\/radiobitacora.com.ar\/web\/wp-json\/wp\/v2\/posts"}],"about":[{"href":"https:\/\/radiobitacora.com.ar\/web\/wp-json\/wp\/v2\/types\/post"}],"author":[{"embeddable":true,"href":"https:\/\/radiobitacora.com.ar\/web\/wp-json\/wp\/v2\/users\/2"}],"replies":[{"embeddable":true,"href":"https:\/\/radiobitacora.com.ar\/web\/wp-json\/wp\/v2\/comments?post=24513"}],"version-history":[{"count":0,"href":"https:\/\/radiobitacora.com.ar\/web\/wp-json\/wp\/v2\/posts\/24513\/revisions"}],"wp:featuredmedia":[{"embeddable":true,"href":"https:\/\/radiobitacora.com.ar\/web\/wp-json\/wp\/v2\/media\/24517"}],"wp:attachment":[{"href":"https:\/\/radiobitacora.com.ar\/web\/wp-json\/wp\/v2\/media?parent=24513"}],"wp:term":[{"taxonomy":"category","embeddable":true,"href":"https:\/\/radiobitacora.com.ar\/web\/wp-json\/wp\/v2\/categories?post=24513"},{"taxonomy":"post_tag","embeddable":true,"href":"https:\/\/radiobitacora.com.ar\/web\/wp-json\/wp\/v2\/tags?post=24513"}],"curies":[{"name":"wp","href":"https:\/\/api.w.org\/{rel}","templated":true}]}}