{"id":24519,"date":"2025-06-27T17:20:05","date_gmt":"2025-06-27T20:20:05","guid":{"rendered":"https:\/\/radiobitacora.com.ar\/web\/?p=24519"},"modified":"2025-06-27T17:20:05","modified_gmt":"2025-06-27T20:20:05","slug":"culmino-primera-etapa-del-programa-mayor-conectividad-2025","status":"publish","type":"post","link":"https:\/\/radiobitacora.com.ar\/web\/2025\/06\/27\/culmino-primera-etapa-del-programa-mayor-conectividad-2025\/","title":{"rendered":"CULMIN\u00d3 PRIMERA ETAPA DEL PROGRAMA MAYOR CONECTIVIDAD 2025"},"content":{"rendered":"<p style=\"font-weight: 400;\">La directora de Fortalecimiento Familiar, Sylvina Ram\u00edrez, analiz\u00f3 la importancia social de los tres espacios destinados a los adultos mayores que capacitan y ense\u00f1an a usar las nuevas tecnolog\u00edas. Este viernes 27 cerr\u00f3 la primera etapa de este taller, iniciando la segunda en agosto.<\/p>\n<p style=\"font-weight: 400;\">\u00a0El programa Mayor Conectividad es articulado entre las Secretar\u00edas de Desarrollo Humano y Promoci\u00f3n Social a trav\u00e9s de la Direcci\u00f3n de Fortalecimiento Familiar, junto a la Secretar\u00eda de Modernizaci\u00f3n y la Direcci\u00f3n de Empleo y Capacitaci\u00f3n.<\/p>\n<p style=\"font-weight: 400;\">\u00a0Bajo el lineamiento de inclusi\u00f3n este programa se dise\u00f1\u00f3 e ide\u00f3 para acompa\u00f1ar a los adultos mayores en los procesos tecnol\u00f3gicos de la vida diaria.<\/p>\n<p style=\"font-weight: 400;\">\u00a0\u201cEs el segundo a\u00f1o de implementaci\u00f3n del programa que fue muy bien recibido, entonces pensamos en poder ahondar m\u00e1s en el cronograma de las clases que se fueron dando y con las aplicaciones que est\u00e1n m\u00e1s en uso para el cotidiano vivir del adulto mayor\u201d dijo.<\/p>\n<p style=\"font-weight: 400;\">\u00a0Estos talleres est\u00e1n nucleados en tres lugares diferentes: espacios de acompa\u00f1amiento como el Centro de Jubilados Docentes y Pensionados Nacionales y Provinciales por Evaristo L\u00f3pez 560, los d\u00edas mi\u00e9rcoles de 9 a 10 horas con la profesora Pamela Aguilar.<\/p>\n<p style=\"font-weight: 400;\">El Centro de Jubilados y Pensionados Nacionales de Goya (JUBIPEN). San Mart\u00edn 70. Los d\u00edas lunes de 16 a 17 horas con el profesor F\u00e9lix Valenzuela.<\/p>\n<p style=\"font-weight: 400;\">El Club de Adultos Mayores, Jos\u00e9 G\u00f3mez 1419. Los viernes de 8,30 a 9,30 horas con la profesora Pamela Aguilar.<\/p>\n<p><img loading=\"lazy\" decoding=\"async\" class=\"wp-image-24520 alignleft\" src=\"https:\/\/radiobitacora.com.ar\/web\/wp-content\/uploads\/2025\/06\/SYLVINA-RAMIREZ-1.jpeg\" alt=\"\" width=\"476\" height=\"595\" srcset=\"https:\/\/radiobitacora.com.ar\/web\/wp-content\/uploads\/2025\/06\/SYLVINA-RAMIREZ-1.jpeg 1080w, https:\/\/radiobitacora.com.ar\/web\/wp-content\/uploads\/2025\/06\/SYLVINA-RAMIREZ-1-696x870.jpeg 696w, https:\/\/radiobitacora.com.ar\/web\/wp-content\/uploads\/2025\/06\/SYLVINA-RAMIREZ-1-1068x1335.jpeg 1068w, https:\/\/radiobitacora.com.ar\/web\/wp-content\/uploads\/2025\/06\/SYLVINA-RAMIREZ-1-336x420.jpeg 336w\" sizes=\"auto, (max-width: 476px) 100vw, 476px\" \/><\/p>\n<p style=\"font-weight: 400;\">\u00a0\u201cLlegamos a ellos con las necesidades que proponen y poder brindarles, adem\u00e1s de la escucha, el acompa\u00f1amiento y otras actividades que van necesitando\u201d.<\/p>\n<p style=\"font-weight: 400;\">\u00a0Recordemos que la primera parte del programa se dict\u00f3 desde el d\u00eda mi\u00e9rcoles 9 de abril hasta hoy viernes 27 de junio, totalizando 34 clases, y la asistencia de 46 adultos mayores.<\/p>\n<p style=\"font-weight: 400;\">La segunda parte del programa se llevar\u00e1 a cabo a partir del mes de agosto hasta el mes de noviembre.<\/p>\n<p style=\"font-weight: 400;\">\n<p style=\"font-weight: 400;\">\u201cEste viernes se culmin\u00f3 los tres meses propuestos y se va a iniciar en el mes de agosto con una segunda parte, con otros tipos de aplicaciones como por ejemplo IA, as\u00ed que el objetivo es terminar el a\u00f1o con ellos manejando sus dispositivos m\u00f3viles en forma m\u00e1s operativa\u201d asegur\u00f3.<\/p>\n<p style=\"font-weight: 400;\">\u00a0El gran cierre de esta primera etapa se dar\u00e1 con un acto de entrega de certificaciones, en fecha a confirmar, a los que completaron las asistencias a cada uno de los encuentros.<\/p>\n<p style=\"font-weight: 400;\">\u00a0JUGUEMOS EN EQUIPO<\/p>\n<p style=\"font-weight: 400;\">Otro de los eventos que convoc\u00f3 a toda la familia el pasado fin de semana en Puerto Boca \u00a0\u00a0fue la 4\u00aa Edici\u00f3n del Programa \u201cJuguemos en Equipo\u201d, evento organizado por la Direcci\u00f3n de Fortalecimiento Familiar\u00a0y\u00a0Secretar\u00eda de Desarrollo Humano.<\/p>\n<p style=\"font-weight: 400;\">Ram\u00edrez agradeci\u00f3 la participaci\u00f3n de las familias de la zona, lo cual ha permitido disfrutar de las actividades propuestas, especialmente a la dirigente vecinal Mar\u00eda Casco, por coordinar la invitaci\u00f3n a los pobladores de esa zona costera, a la fundaci\u00f3n San Lucas y Grupo PASI.<\/p>\n<p style=\"font-weight: 400;\">Cabe se\u00f1alar que tambi\u00e9n tomaron parte las Direcciones de Deportes, Juventud, Prevenci\u00f3n de Adicciones, Acci\u00f3n Social y el invalorable aporte de la Subsecretar\u00eda de Salud, APS con su equipo y la ambulancia.<\/p>\n<p style=\"font-weight: 400;\">\u00a0TALLER SOBRE DELITOS VIRTUALES<\/p>\n<p style=\"font-weight: 400;\">Tal como el a\u00f1o pasado, en el marco de la pr\u00f3xima Feria del Libro, la direcci\u00f3n de Fortalecimiento Familiar organiza junto a otra entidad o instituci\u00f3n alg\u00fan taller o charla versada sobre el \u00e1mbito del cibercrimen, delitos virtuales o estafas.<\/p>\n<p style=\"font-weight: 400;\">Sylvina Ram\u00edrez adelant\u00f3 que est\u00e1 en proceso organizativo una nueva propuesta que incorpora taller y capacitaci\u00f3n para promover el uso seguro de la tecnolog\u00eda y prevenir estafas digitales.<\/p>\n<p style=\"font-weight: 400;\">Estas charlas preventivas est\u00e1n dirigidas al p\u00fablico en general, sobre todo a adultos mayores.<\/p>\n<p style=\"font-weight: 400;\">El objetivo es extender esta iniciativa a organizaciones barriales, centros comunitarios y grupos intergeneracionales para fortalecer la conciencia social frente a amenazas digitales mediante charlas, talleres y encuentros comunitarios.<\/p>\n<p style=\"font-weight: 400;\">Se dialog\u00f3 con la Polic\u00eda de la Provincia de Corrientes \u201cpara que armen alg\u00fan material sobre la tem\u00e1tica, as\u00ed que estamos armando algo con ellos y vamos a invitar a todos porque nadie est\u00e1 exento de estos delitos\u201d cerr\u00f3.<\/p>\n<p style=\"font-weight: 400;\"><img loading=\"lazy\" decoding=\"async\" class=\"wp-image-24521 alignright\" src=\"https:\/\/radiobitacora.com.ar\/web\/wp-content\/uploads\/2025\/06\/SYLVINA-RAMIREZ-2.jpeg\" alt=\"\" width=\"312\" height=\"175\" srcset=\"https:\/\/radiobitacora.com.ar\/web\/wp-content\/uploads\/2025\/06\/SYLVINA-RAMIREZ-2.jpeg 1080w, https:\/\/radiobitacora.com.ar\/web\/wp-content\/uploads\/2025\/06\/SYLVINA-RAMIREZ-2-696x391.jpeg 696w, https:\/\/radiobitacora.com.ar\/web\/wp-content\/uploads\/2025\/06\/SYLVINA-RAMIREZ-2-1068x600.jpeg 1068w, https:\/\/radiobitacora.com.ar\/web\/wp-content\/uploads\/2025\/06\/SYLVINA-RAMIREZ-2-747x420.jpeg 747w\" sizes=\"auto, (max-width: 312px) 100vw, 312px\" \/><\/p>\n<p style=\"font-weight: 400;\">Direcci\u00f3n de Prensa \u2013 Municipalidad de Goya.<\/p>\n","protected":false},"excerpt":{"rendered":"<p>La directora de Fortalecimiento Familiar, Sylvina Ram\u00edrez, analiz\u00f3 la importancia social de los tres espacios destinados a los adultos mayores que capacitan y ense\u00f1an a usar las nuevas tecnolog\u00edas. Este viernes 27 cerr\u00f3 la primera etapa de este taller, iniciando la segunda en agosto. \u00a0El programa Mayor Conectividad es articulado entre las Secretar\u00edas de Desarrollo [&hellip;]<\/p>\n","protected":false},"author":2,"featured_media":24522,"comment_status":"closed","ping_status":"closed","sticky":false,"template":"","format":"standard","meta":{"footnotes":""},"categories":[56],"tags":[],"class_list":{"0":"post-24519","1":"post","2":"type-post","3":"status-publish","4":"format-standard","5":"has-post-thumbnail","7":"category-locales"},"_links":{"self":[{"href":"https:\/\/radiobitacora.com.ar\/web\/wp-json\/wp\/v2\/posts\/24519","targetHints":{"allow":["GET"]}}],"collection":[{"href":"https:\/\/radiobitacora.com.ar\/web\/wp-json\/wp\/v2\/posts"}],"about":[{"href":"https:\/\/radiobitacora.com.ar\/web\/wp-json\/wp\/v2\/types\/post"}],"author":[{"embeddable":true,"href":"https:\/\/radiobitacora.com.ar\/web\/wp-json\/wp\/v2\/users\/2"}],"replies":[{"embeddable":true,"href":"https:\/\/radiobitacora.com.ar\/web\/wp-json\/wp\/v2\/comments?post=24519"}],"version-history":[{"count":0,"href":"https:\/\/radiobitacora.com.ar\/web\/wp-json\/wp\/v2\/posts\/24519\/revisions"}],"wp:featuredmedia":[{"embeddable":true,"href":"https:\/\/radiobitacora.com.ar\/web\/wp-json\/wp\/v2\/media\/24522"}],"wp:attachment":[{"href":"https:\/\/radiobitacora.com.ar\/web\/wp-json\/wp\/v2\/media?parent=24519"}],"wp:term":[{"taxonomy":"category","embeddable":true,"href":"https:\/\/radiobitacora.com.ar\/web\/wp-json\/wp\/v2\/categories?post=24519"},{"taxonomy":"post_tag","embeddable":true,"href":"https:\/\/radiobitacora.com.ar\/web\/wp-json\/wp\/v2\/tags?post=24519"}],"curies":[{"name":"wp","href":"https:\/\/api.w.org\/{rel}","templated":true}]}}