{"id":24545,"date":"2025-06-30T17:02:55","date_gmt":"2025-06-30T20:02:55","guid":{"rendered":"https:\/\/radiobitacora.com.ar\/web\/?p=24545"},"modified":"2025-06-30T17:02:55","modified_gmt":"2025-06-30T20:02:55","slug":"capacitacion-en-oficios-finalizo-curso-de-panaderia-basica","status":"publish","type":"post","link":"https:\/\/radiobitacora.com.ar\/web\/2025\/06\/30\/capacitacion-en-oficios-finalizo-curso-de-panaderia-basica\/","title":{"rendered":"CAPACITACI\u00d3N EN OFICIOS  FINALIZ\u00d3 CURSO DE PANADER\u00cdA B\u00c1SICA"},"content":{"rendered":"<p style=\"font-weight: 400;\">El pasado d\u00eda jueves en horas de la ma\u00f1ana en las instalaciones del DTC (Dispositivo Territorial Comunitario), concluy\u00f3 el Curso de Panader\u00eda B\u00e1sica.<\/p>\n<p style=\"font-weight: 400;\">El curso se bas\u00f3 en ense\u00f1ar las t\u00e9cnicas fundamentales para hacer pan, desde los ingredientes; sus funciones hasta el amasado, fermentaci\u00f3n y horneado. La elaboraci\u00f3n de diferentes tipos de t\u00e9cnicas gastron\u00f3micas, tanto dulces como saladas, que proporciona una base s\u00f3lida para seguir aprendiendo y experimentando en el mundo de la panader\u00eda.<\/p>\n<p style=\"font-weight: 400;\"><img loading=\"lazy\" decoding=\"async\" class=\"wp-image-24546 alignleft\" src=\"https:\/\/radiobitacora.com.ar\/web\/wp-content\/uploads\/2025\/06\/curso-panaderia-basica-4.jpg\" alt=\"\" width=\"353\" height=\"199\" srcset=\"https:\/\/radiobitacora.com.ar\/web\/wp-content\/uploads\/2025\/06\/curso-panaderia-basica-4.jpg 1080w, https:\/\/radiobitacora.com.ar\/web\/wp-content\/uploads\/2025\/06\/curso-panaderia-basica-4-696x392.jpg 696w, https:\/\/radiobitacora.com.ar\/web\/wp-content\/uploads\/2025\/06\/curso-panaderia-basica-4-1068x601.jpg 1068w, https:\/\/radiobitacora.com.ar\/web\/wp-content\/uploads\/2025\/06\/curso-panaderia-basica-4-746x420.jpg 746w\" sizes=\"auto, (max-width: 353px) 100vw, 353px\" \/><\/p>\n<p style=\"font-weight: 400;\">Dicho curso fue articulado de forma conjunta entre las Direcciones de Empleo y Capacitaci\u00f3n y de Prevenci\u00f3n de Adicciones.<\/p>\n<p style=\"font-weight: 400;\">El cierre de curso adem\u00e1s de dar por concluidas las clases, sirvi\u00f3 para que los participantes expusieran la calidad de los productos elaborados.<\/p>\n<p style=\"font-weight: 400;\">De la clausura del curso de capacitaci\u00f3n en Panader\u00eda B\u00e1sica, participaron las Directoras de Empleo y Capacitaci\u00f3n M\u00f3nica Celes y de Prevenci\u00f3n Vanesa Morales.<\/p>\n<p style=\"font-weight: 400;\">En las pr\u00f3ximas semanas se dar\u00e1n a conocer nuevas propuestas de capacitaci\u00f3n y los detalles para la correspondiente inscripci\u00f3n.<\/p>\n<p style=\"font-weight: 400;\">\n<p style=\"font-weight: 400;\">Prensa-Municipalidad de Goya<\/p>\n","protected":false},"excerpt":{"rendered":"<p>El pasado d\u00eda jueves en horas de la ma\u00f1ana en las instalaciones del DTC (Dispositivo Territorial Comunitario), concluy\u00f3 el Curso de Panader\u00eda B\u00e1sica. El curso se bas\u00f3 en ense\u00f1ar las t\u00e9cnicas fundamentales para hacer pan, desde los ingredientes; sus funciones hasta el amasado, fermentaci\u00f3n y horneado. La elaboraci\u00f3n de diferentes tipos de t\u00e9cnicas gastron\u00f3micas, tanto [&hellip;]<\/p>\n","protected":false},"author":2,"featured_media":24548,"comment_status":"closed","ping_status":"closed","sticky":false,"template":"","format":"standard","meta":{"footnotes":""},"categories":[56],"tags":[],"class_list":{"0":"post-24545","1":"post","2":"type-post","3":"status-publish","4":"format-standard","5":"has-post-thumbnail","7":"category-locales"},"_links":{"self":[{"href":"https:\/\/radiobitacora.com.ar\/web\/wp-json\/wp\/v2\/posts\/24545","targetHints":{"allow":["GET"]}}],"collection":[{"href":"https:\/\/radiobitacora.com.ar\/web\/wp-json\/wp\/v2\/posts"}],"about":[{"href":"https:\/\/radiobitacora.com.ar\/web\/wp-json\/wp\/v2\/types\/post"}],"author":[{"embeddable":true,"href":"https:\/\/radiobitacora.com.ar\/web\/wp-json\/wp\/v2\/users\/2"}],"replies":[{"embeddable":true,"href":"https:\/\/radiobitacora.com.ar\/web\/wp-json\/wp\/v2\/comments?post=24545"}],"version-history":[{"count":0,"href":"https:\/\/radiobitacora.com.ar\/web\/wp-json\/wp\/v2\/posts\/24545\/revisions"}],"wp:featuredmedia":[{"embeddable":true,"href":"https:\/\/radiobitacora.com.ar\/web\/wp-json\/wp\/v2\/media\/24548"}],"wp:attachment":[{"href":"https:\/\/radiobitacora.com.ar\/web\/wp-json\/wp\/v2\/media?parent=24545"}],"wp:term":[{"taxonomy":"category","embeddable":true,"href":"https:\/\/radiobitacora.com.ar\/web\/wp-json\/wp\/v2\/categories?post=24545"},{"taxonomy":"post_tag","embeddable":true,"href":"https:\/\/radiobitacora.com.ar\/web\/wp-json\/wp\/v2\/tags?post=24545"}],"curies":[{"name":"wp","href":"https:\/\/api.w.org\/{rel}","templated":true}]}}