{"id":24567,"date":"2025-06-30T17:40:36","date_gmt":"2025-06-30T20:40:36","guid":{"rendered":"https:\/\/radiobitacora.com.ar\/web\/?p=24567"},"modified":"2025-06-30T17:40:36","modified_gmt":"2025-06-30T20:40:36","slug":"perspectiva-climatica-de-la-ingeniera-carolina-fernandez-lopez-para-la-region","status":"publish","type":"post","link":"https:\/\/radiobitacora.com.ar\/web\/2025\/06\/30\/perspectiva-climatica-de-la-ingeniera-carolina-fernandez-lopez-para-la-region\/","title":{"rendered":"PERSPECTIVA CLIM\u00c1TICA DE LA INGENIERA CAROLINA FERN\u00c1NDEZ L\u00d3PEZ PARA LA REGI\u00d3N"},"content":{"rendered":"<p style=\"font-weight: 400;\">En base a la alerta por ola polar con fr\u00edo extremo en todo el pa\u00eds y nevadas en varias provincias, el Servicio Meteorol\u00f3gico Nacional (SMN) inform\u00f3 que se esperan para los pr\u00f3ximos d\u00edas temperaturas que oscilar\u00e1n entre los 2\u00b0C de m\u00ednima y los 8\u00b0C de m\u00e1xima.<\/p>\n<p style=\"font-weight: 400;\">Este lunes fue consultada la especialista en agroclimatolog\u00eda, ingeniera Carolina Fern\u00e1ndez L\u00f3pez quien estim\u00f3 que la nula existencia de vientos fuertes ayuda a que el fr\u00edo no se sienta en toda su dimensi\u00f3n.<\/p>\n<p style=\"font-weight: 400;\">\u201cEstar\u00edamos m\u00e1s destemplados, con mucho m\u00e1s fr\u00edo, sin embargo, la alerta del servicio meteorol\u00f3gico nos tiene a todos bajo esta cobertura de alerta por temperaturas muy bajas justamente para centro y sur de la provincia de Corrientes\u201d asegur\u00f3.<\/p>\n<p style=\"font-weight: 400;\">\u201cEl informe del SMN tambi\u00e9n proyecta tendencias hacia el 0 grado por eso no se dice que hay heladas, lo sufren los cultivos a ras de la tierra que sufren el fr\u00edo y a partir de los 3 grados nosotros consideramos heladas agrometeorol\u00f3gicas, sobre todo cuando no hay tanta humedad\u201d explic\u00f3.<\/p>\n<p style=\"font-weight: 400;\">Las autoridades meteorol\u00f3gicas recomiendan extremar cuidados en el uso de calefacci\u00f3n y prestar atenci\u00f3n a personas mayores, ni\u00f1os y animales, los m\u00e1s vulnerables ante este tipo de eventos.<\/p>\n<p style=\"font-weight: 400;\">Lo que se hace respecto a los cultivos es que son protegidos o en su defecto son resistentes a las bajas temperaturas. \u201cLas mismas recomendaciones les caben a los animales de granja, mascotas que son los que m\u00e1s sufren estas heladas\u201d reiter\u00f3.<\/p>\n<p style=\"font-weight: 400;\">Respecto a los pr\u00f3ximos d\u00edas dijo que \u201cse esperan en centro y sur de Corrientes frentes m\u00e1s fr\u00edos, con temperaturas bajo 0 entre martes y mi\u00e9rcoles\u201d.<\/p>\n<p style=\"font-weight: 400;\">VESTIRSE &#8220;COMO CEBOLLA&#8221;<\/p>\n<p style=\"font-weight: 400;\">La ingeniera se\u00f1al\u00f3 que la forma m\u00e1s inteligente para abrigarse para el fr\u00edo polar es usar el concepto de &#8220;cebolla&#8221; en referencia a las capas de ropa para vestirse en invierno.<\/p>\n<p style=\"font-weight: 400;\">\u201cLas temperaturas m\u00ednimas llegar\u00e1n a los 6 \u00b0C y la t\u00e9rmica ser\u00e1 inferior\u201d.<\/p>\n<p style=\"font-weight: 400;\">En d\u00edas de fr\u00edo polar, adem\u00e1s de resguardarse del fr\u00edo en espacios calientes, es importante saber c\u00f3mo abrigarte correctamente y es all\u00ed donde entra la t\u00e9cnica de vestirse en capas. La clave, en este caso, est\u00e1 en hacer una combinaci\u00f3n que permita resguardar el calor corporal y aislar el fr\u00edo exterior.<\/p>\n<p style=\"font-weight: 400;\">Consultada por pron\u00f3sticos de lluvia, asegur\u00f3 que no existen indicios de precipitaciones, solo fr\u00edo y las temperaturas m\u00ednimas podr\u00edan estar rondando de 4 a 6 grados considerando las proyecciones del Servicio Meteorol\u00f3gico Nacional SMN hasta la semana pr\u00f3xima.<\/p>\n<p style=\"font-weight: 400;\">\n<p style=\"font-weight: 400;\">\n<p style=\"font-weight: 400;\">\n<p style=\"font-weight: 400;\">Direcci\u00f3n de Prensa \u2013 Municipalidad de Goya.<\/p>\n","protected":false},"excerpt":{"rendered":"<p>En base a la alerta por ola polar con fr\u00edo extremo en todo el pa\u00eds y nevadas en varias provincias, el Servicio Meteorol\u00f3gico Nacional (SMN) inform\u00f3 que se esperan para los pr\u00f3ximos d\u00edas temperaturas que oscilar\u00e1n entre los 2\u00b0C de m\u00ednima y los 8\u00b0C de m\u00e1xima. Este lunes fue consultada la especialista en agroclimatolog\u00eda, ingeniera [&hellip;]<\/p>\n","protected":false},"author":2,"featured_media":24568,"comment_status":"closed","ping_status":"closed","sticky":false,"template":"","format":"standard","meta":{"footnotes":""},"categories":[56],"tags":[],"class_list":{"0":"post-24567","1":"post","2":"type-post","3":"status-publish","4":"format-standard","5":"has-post-thumbnail","7":"category-locales"},"_links":{"self":[{"href":"https:\/\/radiobitacora.com.ar\/web\/wp-json\/wp\/v2\/posts\/24567","targetHints":{"allow":["GET"]}}],"collection":[{"href":"https:\/\/radiobitacora.com.ar\/web\/wp-json\/wp\/v2\/posts"}],"about":[{"href":"https:\/\/radiobitacora.com.ar\/web\/wp-json\/wp\/v2\/types\/post"}],"author":[{"embeddable":true,"href":"https:\/\/radiobitacora.com.ar\/web\/wp-json\/wp\/v2\/users\/2"}],"replies":[{"embeddable":true,"href":"https:\/\/radiobitacora.com.ar\/web\/wp-json\/wp\/v2\/comments?post=24567"}],"version-history":[{"count":0,"href":"https:\/\/radiobitacora.com.ar\/web\/wp-json\/wp\/v2\/posts\/24567\/revisions"}],"wp:featuredmedia":[{"embeddable":true,"href":"https:\/\/radiobitacora.com.ar\/web\/wp-json\/wp\/v2\/media\/24568"}],"wp:attachment":[{"href":"https:\/\/radiobitacora.com.ar\/web\/wp-json\/wp\/v2\/media?parent=24567"}],"wp:term":[{"taxonomy":"category","embeddable":true,"href":"https:\/\/radiobitacora.com.ar\/web\/wp-json\/wp\/v2\/categories?post=24567"},{"taxonomy":"post_tag","embeddable":true,"href":"https:\/\/radiobitacora.com.ar\/web\/wp-json\/wp\/v2\/tags?post=24567"}],"curies":[{"name":"wp","href":"https:\/\/api.w.org\/{rel}","templated":true}]}}