{"id":24576,"date":"2025-07-01T08:33:55","date_gmt":"2025-07-01T11:33:55","guid":{"rendered":"https:\/\/radiobitacora.com.ar\/web\/?p=24576"},"modified":"2025-07-01T08:33:55","modified_gmt":"2025-07-01T11:33:55","slug":"voley-masculino-sub-16","status":"publish","type":"post","link":"https:\/\/radiobitacora.com.ar\/web\/2025\/07\/01\/voley-masculino-sub-16\/","title":{"rendered":"VOLEY MASCULINO SUB 16"},"content":{"rendered":"<p style=\"font-weight: 400;\">Excelente actuaci\u00f3n ha sido la del equipo goyano en el campeonato de la categor\u00eda organizado por la Federaci\u00f3n Correntina de V\u00f3ley.<\/p>\n<p style=\"font-weight: 400;\">El jugador de Norte\u00f1a, Alejandro S\u00e1nchez, fue reconocido como el mejor jugador del torneo.<\/p>\n<p><img loading=\"lazy\" decoding=\"async\" class=\"wp-image-24577 alignleft\" src=\"https:\/\/radiobitacora.com.ar\/web\/wp-content\/uploads\/2025\/07\/EQUIPO-DE-NORTENA-VOLEY-MASCULINO-SUB-16-4.jpg\" alt=\"\" width=\"423\" height=\"276\" srcset=\"https:\/\/radiobitacora.com.ar\/web\/wp-content\/uploads\/2025\/07\/EQUIPO-DE-NORTENA-VOLEY-MASCULINO-SUB-16-4.jpg 896w, https:\/\/radiobitacora.com.ar\/web\/wp-content\/uploads\/2025\/07\/EQUIPO-DE-NORTENA-VOLEY-MASCULINO-SUB-16-4-696x454.jpg 696w, https:\/\/radiobitacora.com.ar\/web\/wp-content\/uploads\/2025\/07\/EQUIPO-DE-NORTENA-VOLEY-MASCULINO-SUB-16-4-741x486.jpg 741w, https:\/\/radiobitacora.com.ar\/web\/wp-content\/uploads\/2025\/07\/EQUIPO-DE-NORTENA-VOLEY-MASCULINO-SUB-16-4-643x420.jpg 643w\" sizes=\"auto, (max-width: 423px) 100vw, 423px\" \/><\/p>\n<p style=\"font-weight: 400;\">La alegr\u00eda del equipo de v\u00f3ley masculino sub 16, conducido por el profesor Conrado Daniel Molina, se extiende a la decisi\u00f3n de convocar a 4 jugadores de ese plantel para integrar la selecci\u00f3n correntina, para disputar el pr\u00f3ximo torneo a nivel nacional en esa categor\u00eda.<\/p>\n<p style=\"font-weight: 400;\">Los goyanos convocados son Alejandro S\u00e1nchez, Santino Esquivel, Dar\u00edo Enrique y Nicol\u00e1s Gonz\u00e1lez.<\/p>\n<p style=\"font-weight: 400;\">El plantel completo de la Selecci\u00f3n Correntina es el siguiente:<br \/>\nPuntas: Rzepeki Luciano, Sosa Juan Pablo, Enrique Dar\u00edo, Gonz\u00e1les Nicol\u00e1s.<\/p>\n<p style=\"font-weight: 400;\">Opuestos: Coccio Bautista, De Pomper Gast\u00f3n.<\/p>\n<p style=\"font-weight: 400;\">Centrales: Mieres Alexis, Ruiz D\u00edaz An\u00edbal, Esquivel Santino.<\/p>\n<p style=\"font-weight: 400;\">Armadores: S\u00e1nchez Alejandro, Gordiola Bautista, Romero Lautaro.<\/p>\n<p style=\"font-weight: 400;\">L\u00edberos: Casco Jos\u00e9, Cubilla Axel.<\/p>\n<p style=\"font-weight: 400;\">Direcci\u00f3n de Prensa &#8211; Municipalidad de Goya<\/p>\n","protected":false},"excerpt":{"rendered":"<p>Excelente actuaci\u00f3n ha sido la del equipo goyano en el campeonato de la categor\u00eda organizado por la Federaci\u00f3n Correntina de V\u00f3ley. El jugador de Norte\u00f1a, Alejandro S\u00e1nchez, fue reconocido como el mejor jugador del torneo. La alegr\u00eda del equipo de v\u00f3ley masculino sub 16, conducido por el profesor Conrado Daniel Molina, se extiende a la [&hellip;]<\/p>\n","protected":false},"author":2,"featured_media":24578,"comment_status":"closed","ping_status":"closed","sticky":false,"template":"","format":"standard","meta":{"footnotes":""},"categories":[1],"tags":[],"class_list":{"0":"post-24576","1":"post","2":"type-post","3":"status-publish","4":"format-standard","5":"has-post-thumbnail","7":"category-sin-categoria"},"_links":{"self":[{"href":"https:\/\/radiobitacora.com.ar\/web\/wp-json\/wp\/v2\/posts\/24576","targetHints":{"allow":["GET"]}}],"collection":[{"href":"https:\/\/radiobitacora.com.ar\/web\/wp-json\/wp\/v2\/posts"}],"about":[{"href":"https:\/\/radiobitacora.com.ar\/web\/wp-json\/wp\/v2\/types\/post"}],"author":[{"embeddable":true,"href":"https:\/\/radiobitacora.com.ar\/web\/wp-json\/wp\/v2\/users\/2"}],"replies":[{"embeddable":true,"href":"https:\/\/radiobitacora.com.ar\/web\/wp-json\/wp\/v2\/comments?post=24576"}],"version-history":[{"count":0,"href":"https:\/\/radiobitacora.com.ar\/web\/wp-json\/wp\/v2\/posts\/24576\/revisions"}],"wp:featuredmedia":[{"embeddable":true,"href":"https:\/\/radiobitacora.com.ar\/web\/wp-json\/wp\/v2\/media\/24578"}],"wp:attachment":[{"href":"https:\/\/radiobitacora.com.ar\/web\/wp-json\/wp\/v2\/media?parent=24576"}],"wp:term":[{"taxonomy":"category","embeddable":true,"href":"https:\/\/radiobitacora.com.ar\/web\/wp-json\/wp\/v2\/categories?post=24576"},{"taxonomy":"post_tag","embeddable":true,"href":"https:\/\/radiobitacora.com.ar\/web\/wp-json\/wp\/v2\/tags?post=24576"}],"curies":[{"name":"wp","href":"https:\/\/api.w.org\/{rel}","templated":true}]}}