{"id":24583,"date":"2025-07-02T08:37:32","date_gmt":"2025-07-02T11:37:32","guid":{"rendered":"https:\/\/radiobitacora.com.ar\/web\/?p=24583"},"modified":"2025-07-02T08:37:32","modified_gmt":"2025-07-02T11:37:32","slug":"campana-de-seguridad-y-educacion-vial","status":"publish","type":"post","link":"https:\/\/radiobitacora.com.ar\/web\/2025\/07\/02\/campana-de-seguridad-y-educacion-vial\/","title":{"rendered":"CAMPA\u00d1A DE SEGURIDAD Y EDUCACI\u00d3N VIAL"},"content":{"rendered":"<p style=\"font-weight: 400;\">En la continuidad del programa de Educaci\u00f3n y Seguridad Vial, destinada al nivel inicial, la Direcci\u00f3n de Tr\u00e1nsito de la Municipalidad de Goya, en la ma\u00f1ana del martes desarroll\u00f3 la tem\u00e1tica en el Jard\u00edn de Infantes \u201cBambi\u201d<\/p>\n<p style=\"font-weight: 400;\">El personal de la mencionada direcci\u00f3n municipal, fue recibido por los directivos y docentes del establecimiento educativo, para posteriormente desplegar los elementos que sirvieron para poder de manera l\u00fadica y pr\u00e1ctica dar a conocer las se\u00f1ales de tr\u00e1nsito, la manera de circular, los elementos de seguridad, recreando los lugares de la ciudad, con el Parque Tem\u00e1tico, para facilitar la asimilaci\u00f3n de los conocimientos impartidos por los agentes de tr\u00e1nsito.<\/p>\n<p style=\"font-weight: 400;\">Una vez instalado ese dispositivo, los jardineros fueron invitados a utilizar el espacio, en sus \u201crodados\u201d recibiendo la indicaci\u00f3n de respetar cada se\u00f1al, de cumplir con las normativas dispuestas en cada situaci\u00f3n.<\/p>\n<p><img loading=\"lazy\" decoding=\"async\" class=\"wp-image-24584 alignleft\" src=\"https:\/\/radiobitacora.com.ar\/web\/wp-content\/uploads\/2025\/07\/Educacion-Vial-en-Bambi-4.jpg\" alt=\"\" width=\"415\" height=\"311\" srcset=\"https:\/\/radiobitacora.com.ar\/web\/wp-content\/uploads\/2025\/07\/Educacion-Vial-en-Bambi-4.jpg 4032w, https:\/\/radiobitacora.com.ar\/web\/wp-content\/uploads\/2025\/07\/Educacion-Vial-en-Bambi-4-80x60.jpg 80w, https:\/\/radiobitacora.com.ar\/web\/wp-content\/uploads\/2025\/07\/Educacion-Vial-en-Bambi-4-265x198.jpg 265w, https:\/\/radiobitacora.com.ar\/web\/wp-content\/uploads\/2025\/07\/Educacion-Vial-en-Bambi-4-696x522.jpg 696w, https:\/\/radiobitacora.com.ar\/web\/wp-content\/uploads\/2025\/07\/Educacion-Vial-en-Bambi-4-1068x801.jpg 1068w, https:\/\/radiobitacora.com.ar\/web\/wp-content\/uploads\/2025\/07\/Educacion-Vial-en-Bambi-4-560x420.jpg 560w\" sizes=\"auto, (max-width: 415px) 100vw, 415px\" \/><\/p>\n<p style=\"font-weight: 400;\">En la charla los inspectores adem\u00e1s ense\u00f1an aquellos elementos usados para el llamado de atenci\u00f3n, la utilizaci\u00f3n del silbato, el respeto de las sendas peatonales, buscando concientizar c\u00f3mo y por donde transitar, ejerciendo esa tarea educativa, did\u00e1ctica en los establecimientos educacionales que los convocan para poder impartir estos talleres de seguridad y educaci\u00f3n vial.<\/p>\n<p style=\"font-weight: 400;\">Las docentes y directivos del Jard\u00edn \u201cBambi\u201d reconocieron la tarea educativa del personal de Tr\u00e1nsito, agradeciendo la ambientaci\u00f3n recreada para hacer din\u00e1mico y de f\u00e1cil comprensi\u00f3n las cuestiones referidas al ordenamiento del tr\u00e1nsito en la ciudad.<\/p>\n<p style=\"font-weight: 400;\">Direcci\u00f3n de Prensa-Municipalidad de Goya<\/p>\n","protected":false},"excerpt":{"rendered":"<p>En la continuidad del programa de Educaci\u00f3n y Seguridad Vial, destinada al nivel inicial, la Direcci\u00f3n de Tr\u00e1nsito de la Municipalidad de Goya, en la ma\u00f1ana del martes desarroll\u00f3 la tem\u00e1tica en el Jard\u00edn de Infantes \u201cBambi\u201d El personal de la mencionada direcci\u00f3n municipal, fue recibido por los directivos y docentes del establecimiento educativo, para [&hellip;]<\/p>\n","protected":false},"author":2,"featured_media":24585,"comment_status":"closed","ping_status":"closed","sticky":false,"template":"","format":"standard","meta":{"footnotes":""},"categories":[56],"tags":[],"class_list":{"0":"post-24583","1":"post","2":"type-post","3":"status-publish","4":"format-standard","5":"has-post-thumbnail","7":"category-locales"},"_links":{"self":[{"href":"https:\/\/radiobitacora.com.ar\/web\/wp-json\/wp\/v2\/posts\/24583","targetHints":{"allow":["GET"]}}],"collection":[{"href":"https:\/\/radiobitacora.com.ar\/web\/wp-json\/wp\/v2\/posts"}],"about":[{"href":"https:\/\/radiobitacora.com.ar\/web\/wp-json\/wp\/v2\/types\/post"}],"author":[{"embeddable":true,"href":"https:\/\/radiobitacora.com.ar\/web\/wp-json\/wp\/v2\/users\/2"}],"replies":[{"embeddable":true,"href":"https:\/\/radiobitacora.com.ar\/web\/wp-json\/wp\/v2\/comments?post=24583"}],"version-history":[{"count":0,"href":"https:\/\/radiobitacora.com.ar\/web\/wp-json\/wp\/v2\/posts\/24583\/revisions"}],"wp:featuredmedia":[{"embeddable":true,"href":"https:\/\/radiobitacora.com.ar\/web\/wp-json\/wp\/v2\/media\/24585"}],"wp:attachment":[{"href":"https:\/\/radiobitacora.com.ar\/web\/wp-json\/wp\/v2\/media?parent=24583"}],"wp:term":[{"taxonomy":"category","embeddable":true,"href":"https:\/\/radiobitacora.com.ar\/web\/wp-json\/wp\/v2\/categories?post=24583"},{"taxonomy":"post_tag","embeddable":true,"href":"https:\/\/radiobitacora.com.ar\/web\/wp-json\/wp\/v2\/tags?post=24583"}],"curies":[{"name":"wp","href":"https:\/\/api.w.org\/{rel}","templated":true}]}}