{"id":24587,"date":"2025-07-02T08:51:34","date_gmt":"2025-07-02T11:51:34","guid":{"rendered":"https:\/\/radiobitacora.com.ar\/web\/?p=24587"},"modified":"2025-07-02T08:51:34","modified_gmt":"2025-07-02T11:51:34","slug":"agenda-cultural","status":"publish","type":"post","link":"https:\/\/radiobitacora.com.ar\/web\/2025\/07\/02\/agenda-cultural\/","title":{"rendered":"AGENDA CULTURAL"},"content":{"rendered":"<p style=\"font-weight: 400;\">El director de Cultura Manuel Zampar consider\u00f3 al programa \u201cGoya, taco y suela\u201d como una excelente iniciativa donde brillaron los artistas, los espectadores poniendo el ritmo de bailanta, y los emprendedores con el \u00e1mbito adecuado para la exposici\u00f3n y comercializaci\u00f3n de sus productos.<\/p>\n<p style=\"font-weight: 400;\">En contacto con Radio Ciudad, el director de Cultura adem\u00e1s record\u00f3 la reuni\u00f3n del mi\u00e9rcoles 2 para avanzar en la organizaci\u00f3n del desfile del 9 de julio y anticip\u00f3 la \u201cVelada de Gala\u201d, vigilia del d\u00eda de la independencia en el Multiespacio \u201cAntonio R. Villarreal\u201d. Finalmente, invit\u00f3 a participar el viernes de una nueva edici\u00f3n del encuentro organizado por \u201cConexi\u00f3n Natural\u201d, en la Casa de la Cultura.<\/p>\n<p><img loading=\"lazy\" decoding=\"async\" class=\"wp-image-24588 alignleft\" src=\"https:\/\/radiobitacora.com.ar\/web\/wp-content\/uploads\/2025\/07\/Agenda-Cultural-ilustracion-4-flyr.jpg\" alt=\"\" width=\"328\" height=\"410\" srcset=\"https:\/\/radiobitacora.com.ar\/web\/wp-content\/uploads\/2025\/07\/Agenda-Cultural-ilustracion-4-flyr.jpg 1024w, https:\/\/radiobitacora.com.ar\/web\/wp-content\/uploads\/2025\/07\/Agenda-Cultural-ilustracion-4-flyr-696x870.jpg 696w, https:\/\/radiobitacora.com.ar\/web\/wp-content\/uploads\/2025\/07\/Agenda-Cultural-ilustracion-4-flyr-336x420.jpg 336w\" sizes=\"auto, (max-width: 328px) 100vw, 328px\" \/> <img loading=\"lazy\" decoding=\"async\" class=\"wp-image-24589 alignright\" src=\"https:\/\/radiobitacora.com.ar\/web\/wp-content\/uploads\/2025\/07\/Agenda-Cultural-ilustracion-3-flyr.jpg\" alt=\"\" width=\"323\" height=\"404\" srcset=\"https:\/\/radiobitacora.com.ar\/web\/wp-content\/uploads\/2025\/07\/Agenda-Cultural-ilustracion-3-flyr.jpg 1080w, https:\/\/radiobitacora.com.ar\/web\/wp-content\/uploads\/2025\/07\/Agenda-Cultural-ilustracion-3-flyr-696x870.jpg 696w, https:\/\/radiobitacora.com.ar\/web\/wp-content\/uploads\/2025\/07\/Agenda-Cultural-ilustracion-3-flyr-1068x1335.jpg 1068w, https:\/\/radiobitacora.com.ar\/web\/wp-content\/uploads\/2025\/07\/Agenda-Cultural-ilustracion-3-flyr-336x420.jpg 336w\" sizes=\"auto, (max-width: 323px) 100vw, 323px\" \/><\/p>\n<p style=\"font-weight: 400;\">El funcionario municipal destac\u00f3: \u201cVivimos una jornada muy linda con una concurrencia masiva en la \u201cEstaci\u00f3n de los Ni\u00f1os\u201d, con gran combinaci\u00f3n de artistas, p\u00fablico, emprendedores, engalanado con el acompa\u00f1amiento del intendente Mariano Hormaechea, que pudo disfrutar de ese espacio, anunciando la continuidad de la iniciativa, haci\u00e9ndonos comprometer a su realizaci\u00f3n el domingo en el barrio Sarmiento, en el Polideportivo de ese barrio de la ciudad. El 6 de julio es la fecha para la nueva bailanta \u201cTaco y Suela\u201d.<\/p>\n<p style=\"font-weight: 400;\">\u201cAdem\u00e1s de poner en valor la presencia de los artistas locales, el programa sirve para poner en conocimiento la revalorizaci\u00f3n de los espacios p\u00fablicos, implementados desde esta administraci\u00f3n municipal. Sumando, gracias al impulso de la Direcci\u00f3n de Promoci\u00f3n Social a cargo de Mercedes Pintos, la participaci\u00f3n de los artesanos y emprendedores, logrando la alegr\u00eda de esos sectores, contribuyendo a su econom\u00eda social\u201d, a\u00f1adi\u00f3 el director.<\/p>\n<p style=\"font-weight: 400;\">\u201cUn dato llamativo fue la concurrencia de muchas personas provenientes de nuestra zona rural\u201d, destac\u00f3 Zampar; los cuales disfrutaron de la presencia del ballet de la escuela municipal de Danzas Nativas, \u201cNuevo amanecer\u201d y \u201cAmancay\u201d.<\/p>\n<p style=\"font-weight: 400;\">El director de Cultura record\u00f3: \u201cEl mi\u00e9rcoles, desde la Municipalidad se ha invitado a establecimientos educativos, instituciones, asociaciones, a una reuni\u00f3n organizativa donde se explicar\u00e1 los sectores establecidos para la concentraci\u00f3n para el desfile del 9 de julio, las indicaciones de los cambios efectuados para agilizar ese dispositivo, en funci\u00f3n de la cantidad de entidades que formar\u00e1n parte de la celebraci\u00f3n de nuestra independencia, de all\u00ed esta convocatoria para organizarnos\u201d.<\/p>\n<p style=\"font-weight: 400;\">VIGILIA<\/p>\n<p style=\"font-weight: 400;\">Consultado sobre la gala a realizarse en la noche del 8 de julio en el multiespacio del predio Costa Surub\u00ed, se\u00f1al\u00f3: \u201cEst\u00e1 a cargo de nuestra direcci\u00f3n, contaremos con la presencia de un artista internacional: Rub\u00e9n Celiberti, quien decidi\u00f3 radicarse en su ciudad natal, Funes, cerca de Rosario, y nos contactamos para que nos acompa\u00f1e en esa velada\u201d.<\/p>\n<p style=\"font-weight: 400;\">El funcionario destac\u00f3 que se prepara \u201cun excelente programa\u201d, que en algunos momentos \u201cintervendr\u00e1 el Ballet Municipal \u201cAna Mar\u00eda Trainini\u201d, que precisamente hace la apertura. Para el cierre: la Banda Militar \u201cPuerto Argentino\u201d, un orgullo de Goya, interpretar\u00e1 un repertorio adecuado a la fecha, para llegar al instante de la interpretaci\u00f3n del Himno, en la voz de nuestro artista invitado. La gala est\u00e1 programada para las 21,30 horas\u201d.<\/p>\n<p style=\"font-weight: 400;\">\u201cOtro acontecimiento de gran emotividad est\u00e1 dado en la presentaci\u00f3n de una obra p\u00f3stuma del Pa\u2019i Juli\u00e1n Zini\u201d, destac\u00f3.<\/p>\n<p style=\"font-weight: 400;\">Finalmente, el director de Cultura Manuel Zampar, invit\u00f3 \u201ceste viernes 4 desde las 19 horas al XXV Encuentro de Meditaci\u00f3n que lleva adelante Conexi\u00f3n Natural. Por el desarrollo de la Feria del Libro, se ha decidido hacer este primer viernes del mes de julio\u201d, aclar\u00f3.<\/p>\n<p style=\"font-weight: 400;\">Direcci\u00f3n de Prensa &#8211; Municipalidad de Goya<\/p>\n","protected":false},"excerpt":{"rendered":"<p>El director de Cultura Manuel Zampar consider\u00f3 al programa \u201cGoya, taco y suela\u201d como una excelente iniciativa donde brillaron los artistas, los espectadores poniendo el ritmo de bailanta, y los emprendedores con el \u00e1mbito adecuado para la exposici\u00f3n y comercializaci\u00f3n de sus productos. En contacto con Radio Ciudad, el director de Cultura adem\u00e1s record\u00f3 la [&hellip;]<\/p>\n","protected":false},"author":2,"featured_media":24590,"comment_status":"closed","ping_status":"closed","sticky":false,"template":"","format":"standard","meta":{"footnotes":""},"categories":[56],"tags":[],"class_list":{"0":"post-24587","1":"post","2":"type-post","3":"status-publish","4":"format-standard","5":"has-post-thumbnail","7":"category-locales"},"_links":{"self":[{"href":"https:\/\/radiobitacora.com.ar\/web\/wp-json\/wp\/v2\/posts\/24587","targetHints":{"allow":["GET"]}}],"collection":[{"href":"https:\/\/radiobitacora.com.ar\/web\/wp-json\/wp\/v2\/posts"}],"about":[{"href":"https:\/\/radiobitacora.com.ar\/web\/wp-json\/wp\/v2\/types\/post"}],"author":[{"embeddable":true,"href":"https:\/\/radiobitacora.com.ar\/web\/wp-json\/wp\/v2\/users\/2"}],"replies":[{"embeddable":true,"href":"https:\/\/radiobitacora.com.ar\/web\/wp-json\/wp\/v2\/comments?post=24587"}],"version-history":[{"count":0,"href":"https:\/\/radiobitacora.com.ar\/web\/wp-json\/wp\/v2\/posts\/24587\/revisions"}],"wp:featuredmedia":[{"embeddable":true,"href":"https:\/\/radiobitacora.com.ar\/web\/wp-json\/wp\/v2\/media\/24590"}],"wp:attachment":[{"href":"https:\/\/radiobitacora.com.ar\/web\/wp-json\/wp\/v2\/media?parent=24587"}],"wp:term":[{"taxonomy":"category","embeddable":true,"href":"https:\/\/radiobitacora.com.ar\/web\/wp-json\/wp\/v2\/categories?post=24587"},{"taxonomy":"post_tag","embeddable":true,"href":"https:\/\/radiobitacora.com.ar\/web\/wp-json\/wp\/v2\/tags?post=24587"}],"curies":[{"name":"wp","href":"https:\/\/api.w.org\/{rel}","templated":true}]}}