{"id":24592,"date":"2025-07-02T08:57:25","date_gmt":"2025-07-02T11:57:25","guid":{"rendered":"https:\/\/radiobitacora.com.ar\/web\/?p=24592"},"modified":"2025-07-02T08:57:25","modified_gmt":"2025-07-02T11:57:25","slug":"acto-de-reconocimiento-a-empleados-municipales","status":"publish","type":"post","link":"https:\/\/radiobitacora.com.ar\/web\/2025\/07\/02\/acto-de-reconocimiento-a-empleados-municipales\/","title":{"rendered":"ACTO DE RECONOCIMIENTO A EMPLEADOS MUNICIPALES"},"content":{"rendered":"<p style=\"font-weight: 400;\">La Municipalidad, a trav\u00e9s de un acto realizado en la tarde del martes en el SUM \u201cCoqui Correa\u201d del Predio Costa Surub\u00ed, reconoci\u00f3 p\u00fablicamente la labor desempe\u00f1ada por los agentes y empleados municipales con m\u00e1s de 25 a\u00f1os de servicios.<\/p>\n<p style=\"font-weight: 400;\">La ceremonia fue presidida por el intendente Mariano Hormaechea.<\/p>\n<p style=\"font-weight: 400;\">El intendente valor\u00f3 la capacidad de trabajo de los empleados municipales, destac\u00f3 el rol de cada uno dentro de la administraci\u00f3n municipal. \u201cTrabajando en equipo: no existe otra manera de sostener los proyectos, y cada uno de los empleados municipales son parte fundamental para llevar adelante los objetivos de este proyecto\u201d, enfatiz\u00f3.<\/p>\n<p style=\"font-weight: 400;\">Por su parte, los empleados que hablaron en representaci\u00f3n de los que recibieron este reconocimiento manifestaron estar \u201corgullosos de la distinci\u00f3n y de ser parte de este equipo, el reconocimiento es una parte de la historia de nuestras vidas\u201d, sostuvieron.<\/p>\n<p style=\"font-weight: 400;\">Del mencionado acto, cargado de una gran emotividad, participaron junto a Mariano Hormaechea, el secretario de Gobierno Pablo Fern\u00e1ndez, el director de Recursos Humanos Fernando Rodr\u00edguez, el vicepresidente 1\u00ba del HCD Marcelo Frattini, la vicepresidente 2\u00aa Vivian Merlo, funcionarios municipales, concejales, los agentes distinguidos con el reconocimiento, familiares, amigos y vecinos en general.<\/p>\n<p style=\"font-weight: 400;\">Cerca de 60 empleados que desempe\u00f1an sus labores en distintas \u00e1reas de la Municipalidad recibieron como muestra de gratificaci\u00f3n por sus tareas una medalla recordatoria de la prestaci\u00f3n de sus servicios a lo largo de m\u00e1s de 25 a\u00f1os.<\/p>\n<p style=\"font-weight: 400;\">Reconocer es agradecer, el esfuerzo, la voluntad, la entrega, el compromiso, la dedicaci\u00f3n por tantos a\u00f1os de servicio a la comunidad. Por contribuir cada uno desde el lugar que les toca, desempe\u00f1\u00e1ndose en sus tareas habituales, donde eligieron una carrera laboral que est\u00e1 marcada por brindar todos los esfuerzos a los vecinos de la comunidad, ya que sin su tarea es imposible llevar adelante una gesti\u00f3n.<\/p>\n<p style=\"font-weight: 400;\">La gesti\u00f3n tiene estos lindos momentos de reconocimiento y agradecimiento, en este caso a quienes se comprometen diariamente por cumplir con sus tareas y hacerlas cada vez mejor, acompa\u00f1ando la atenci\u00f3n a los pedidos diarios, cumpliendo con los servicios y trabajos que demanda el municipio. Que este reconocimiento sea impulso para seguir brindando lo mejor puesto al servicio de nuestros vecinos<\/p>\n<p style=\"font-weight: 400;\">La gesti\u00f3n de Mariano Hormaechea saluda a los agentes municipales con 25 a\u00f1os de servicio, reconociendo su compromiso laboral, entregando su experiencia tan valiosa. \u201cQue estas acciones sean motivadoras para todos nuestros agentes municipales a continuar desarrollando su tarea con la misma responsabilidad permanente cada d\u00eda\u201d, expresaron.<\/p>\n<p style=\"font-weight: 400;\">Por medio de la entrega de estos reconocimientos se destaca y valoriza el accionar del empleado municipal, destacando su dedicaci\u00f3n y compromiso que han tenido en gran parte de su vida al servicio de la comunidad.<\/p>\n<p style=\"font-weight: 400;\">RITA SEGOVIA<\/p>\n<p><img loading=\"lazy\" decoding=\"async\" class=\"wp-image-24593 alignleft\" src=\"https:\/\/radiobitacora.com.ar\/web\/wp-content\/uploads\/2025\/07\/acto-reconocimiento-empleado-municipal-7-RITA-SEGOVIA.jpg\" alt=\"\" width=\"336\" height=\"224\" srcset=\"https:\/\/radiobitacora.com.ar\/web\/wp-content\/uploads\/2025\/07\/acto-reconocimiento-empleado-municipal-7-RITA-SEGOVIA.jpg 1600w, https:\/\/radiobitacora.com.ar\/web\/wp-content\/uploads\/2025\/07\/acto-reconocimiento-empleado-municipal-7-RITA-SEGOVIA-696x464.jpg 696w, https:\/\/radiobitacora.com.ar\/web\/wp-content\/uploads\/2025\/07\/acto-reconocimiento-empleado-municipal-7-RITA-SEGOVIA-1068x712.jpg 1068w, https:\/\/radiobitacora.com.ar\/web\/wp-content\/uploads\/2025\/07\/acto-reconocimiento-empleado-municipal-7-RITA-SEGOVIA-630x420.jpg 630w\" sizes=\"auto, (max-width: 336px) 100vw, 336px\" \/><\/p>\n<p style=\"font-weight: 400;\">Un recorrido: una historia de vida.<\/p>\n<p style=\"font-weight: 400;\">Una de las personas que ha recibido este reconocimiento es Rita Segovia, la cual expres\u00f3 el m\u00e1s profundo agradecimiento por el reconocimiento del cual indic\u00f3 sentirse honrada y emocionada para expresar: \u201cRecibir este gesto despu\u00e9s de 33 a\u00f1os de servicio no solo me llena de orgullo, sino que tambi\u00e9n me invita a reflexionar sobre el camino recorrido\u201d.<\/p>\n<p style=\"font-weight: 400;\">\u201cDurante estas m\u00e1s de 3 d\u00e9cadas -continu\u00f3 la empleada municipal- he tenido la oportunidad de atravesar distintas gestiones, diferentes contextos pol\u00edticos y econ\u00f3micos, muchos desaf\u00edos. Pero en todo este tiempo hubo algo que permaneci\u00f3 constante: mi compromiso con la tarea, con el equipo y con los valores que sustentan nuestra funci\u00f3n p\u00fablica. Me siento orgullosa de haber transitado este recorrido en varias dependencias, pero fundamentalmente en la Secretar\u00eda de Hacienda, un \u00e1mbito donde el trabajo cotidiano no se ve, pero impacta directamente en la vida de las personas, de nuestras familias y en el rumbo de nuestra ciudad\u201d.<\/p>\n<p style=\"font-weight: 400;\">\u201cElijo mirar este recorrido no solo como una trayectoria personal, sino como una historia colectiva. Una historia tejida con las manos y el coraz\u00f3n de muchas personas que caminaron conmigo, algunas que ya no est\u00e1n, han dejado huellas imborrables, y otras que siguen acompa\u00f1ando con la misma entrega cotidiana. \u00a1Gracias! Para mi equipo de hoy con quienes sigo compartiendo el d\u00eda a d\u00eda, para ellos tambi\u00e9n es este reconocimiento\u201d, \u00a0afirm\u00f3 en su alocuci\u00f3n.<\/p>\n<p style=\"font-weight: 400;\">Para poner en valor sostuvo: \u201cHoy, bajo la gesti\u00f3n del intendente Mariano Hormaechea, quiero destacar especialmente el esfuerzo sostenido que se est\u00e1 realizando para mejorar los haberes y las condiciones laborales, a\u00fan en un contexto econ\u00f3mico nacional que sabemos es complejo y muchas veces adverso. Valoro profundamente esta decisi\u00f3n pol\u00edtica, porque implica reconocer al recurso humano como motor esencial del Estado, del cambio social y de funciones que muchas veces no resultan lo suficientemente valoradas\u201d.<\/p>\n<p style=\"font-weight: 400;\">En el final de sus palabras mencion\u00f3 en su agradecimiento a los compa\u00f1eros de trabajo y su familia: \u201cGracias por permitirme seguir siendo parte de este equipo. Gracias por este reconocimiento que abrazo con el alma. Y gracias por renovar, cada d\u00eda, las razones por las que eleg\u00ed y sigo eligiendo este camino. Gracias a mi familia, a mi compa\u00f1ero de vida y mis hijos, este reconocimiento les pertenece, porque nadie llega solo despu\u00e9s de tantos a\u00f1os. Gracias de Coraz\u00f3n\u201d.<\/p>\n<p style=\"font-weight: 400;\">MIGUEL ANTONIO SANTAJULIANA<\/p>\n<p style=\"font-weight: 400;\">Otro de los agentes reconocidos, Miguel Antonio Santajuliana, visiblemente emocionado agradeci\u00f3: \u201cUno busca cada d\u00eda cumplir con las tareas asignadas, en la que me encuentro en la actualidad, como la llevada adelante en otra dependencia, por eso no tengo m\u00e1s que palabras de agradecimiento al intendente, al director de Recursos Humanos, y a cada compa\u00f1ero. Estoy muy contento por esta distinci\u00f3n\u201d, concluy\u00f3.<\/p>\n<p style=\"font-weight: 400;\">FERNANDO RODR\u00cdGUEZ<\/p>\n<p><img loading=\"lazy\" decoding=\"async\" class=\"wp-image-24595 alignleft\" src=\"https:\/\/radiobitacora.com.ar\/web\/wp-content\/uploads\/2025\/07\/acto-reconocimiento-empleado-municipal-4.jpg\" alt=\"\" width=\"440\" height=\"293\" srcset=\"https:\/\/radiobitacora.com.ar\/web\/wp-content\/uploads\/2025\/07\/acto-reconocimiento-empleado-municipal-4.jpg 1600w, https:\/\/radiobitacora.com.ar\/web\/wp-content\/uploads\/2025\/07\/acto-reconocimiento-empleado-municipal-4-696x464.jpg 696w, https:\/\/radiobitacora.com.ar\/web\/wp-content\/uploads\/2025\/07\/acto-reconocimiento-empleado-municipal-4-1068x712.jpg 1068w, https:\/\/radiobitacora.com.ar\/web\/wp-content\/uploads\/2025\/07\/acto-reconocimiento-empleado-municipal-4-630x420.jpg 630w\" sizes=\"auto, (max-width: 440px) 100vw, 440px\" \/><\/p>\n<p style=\"font-weight: 400;\">El director de Recursos Humanos, Fernando Rodr\u00edguez, valor\u00f3 el accionar de los empleados municipales, para se\u00f1alar: \u201cBuscamos junto al intendente Mariano Hormaechea poder dar el valor del trabajo de nuestros empleados municipales, este reconocimiento es para otorgar la val\u00eda y distinci\u00f3n a cada uno de los que hoy junto a sus familiares recibir\u00e1n la correspondiente distinci\u00f3n. Es resaltar la labor, la trayectoria en la prestaci\u00f3n de los servicios, reflejada en el acontecer diario. No es solo el reconocimiento al agente, al empleado, en este contexto de poder hacerlo de manera p\u00fablica, para que sepan el valor que tiene para nosotros el empleado municipal\u201d.<\/p>\n<p style=\"font-weight: 400;\">\u201cEs darle la dimensi\u00f3n de su trabajo, de la carrera en la administraci\u00f3n municipal. Gracias a cada uno de Uds., felicitaciones, disfruten de este reconocimiento, y nos impulsa a seguir trabajando juntos como el gran equipo de la Municipalidad\u201d.<\/p>\n<p style=\"font-weight: 400;\">MARIANO HORMAECHEA<\/p>\n<p style=\"font-weight: 400;\">El intendente Mariano Hormaechea salud\u00f3 a la familia municipal. \u201cSin dudas esto forma parte del proyecto pol\u00edtico, claro, desarrollado desde hace tres a\u00f1o y medio, que nos permite planificar cada acci\u00f3n. En este recambio generacional nos pusimos a trabajar en los ejes de nuestra administraci\u00f3n municipal, trabajando en equipo, no existe otra manera de sostener los proyectos, y cada uno de los empleados municipales son parte fundamental para llevar adelante los objetivos de este proyecto. Cada uno tiene un rol que cumplir\u201d.<\/p>\n<p style=\"font-weight: 400;\">El intendente afirm\u00f3 que, valorando el esfuerzo de los empleados municipales, \u201ccumplimos con la palabra dada para mejorar las condiciones de nuestros agentes, estamos trabajando en el reordenamiento de estas tareas, usamos toda la informaci\u00f3n de la consultora contratada para lograr el mejoramiento hacia la comunidad, y el mejor perfil del empleado para el desarrollo de las respectivas funciones\u201d.<\/p>\n<p style=\"font-weight: 400;\">\u201cEstamos cumpliendo con las metas establecidas, el pago de los haberes, el otorgamiento de plus, bonificaciones, lo seguiremos haciendo. Este es el reconocimiento a Uds. y toda la familia municipal, simplemente reitero mi agradecimiento a cada uno de Uds. y felicitaciones\u201d.<\/p>\n<p style=\"font-weight: 400;\">Tras las palabras se llev\u00f3 adelante la ceremonia donde los agentes con m\u00e1s de 25 a\u00f1os recibieron el reconocimiento, una medalla por parte del Municipio, de manos del intendente, funcionarios y concejales que participaron del acto,\u00a0 que cont\u00f3 adem\u00e1s con el aporte musical del Grupo Chamamecero.<\/p>\n<p style=\"font-weight: 400;\">Direcci\u00f3n de Prensa-Municipalidad de Goya<\/p>\n","protected":false},"excerpt":{"rendered":"<p>La Municipalidad, a trav\u00e9s de un acto realizado en la tarde del martes en el SUM \u201cCoqui Correa\u201d del Predio Costa Surub\u00ed, reconoci\u00f3 p\u00fablicamente la labor desempe\u00f1ada por los agentes y empleados municipales con m\u00e1s de 25 a\u00f1os de servicios. La ceremonia fue presidida por el intendente Mariano Hormaechea. El intendente valor\u00f3 la capacidad de [&hellip;]<\/p>\n","protected":false},"author":2,"featured_media":24596,"comment_status":"closed","ping_status":"closed","sticky":false,"template":"","format":"standard","meta":{"footnotes":""},"categories":[56],"tags":[],"class_list":{"0":"post-24592","1":"post","2":"type-post","3":"status-publish","4":"format-standard","5":"has-post-thumbnail","7":"category-locales"},"_links":{"self":[{"href":"https:\/\/radiobitacora.com.ar\/web\/wp-json\/wp\/v2\/posts\/24592","targetHints":{"allow":["GET"]}}],"collection":[{"href":"https:\/\/radiobitacora.com.ar\/web\/wp-json\/wp\/v2\/posts"}],"about":[{"href":"https:\/\/radiobitacora.com.ar\/web\/wp-json\/wp\/v2\/types\/post"}],"author":[{"embeddable":true,"href":"https:\/\/radiobitacora.com.ar\/web\/wp-json\/wp\/v2\/users\/2"}],"replies":[{"embeddable":true,"href":"https:\/\/radiobitacora.com.ar\/web\/wp-json\/wp\/v2\/comments?post=24592"}],"version-history":[{"count":0,"href":"https:\/\/radiobitacora.com.ar\/web\/wp-json\/wp\/v2\/posts\/24592\/revisions"}],"wp:featuredmedia":[{"embeddable":true,"href":"https:\/\/radiobitacora.com.ar\/web\/wp-json\/wp\/v2\/media\/24596"}],"wp:attachment":[{"href":"https:\/\/radiobitacora.com.ar\/web\/wp-json\/wp\/v2\/media?parent=24592"}],"wp:term":[{"taxonomy":"category","embeddable":true,"href":"https:\/\/radiobitacora.com.ar\/web\/wp-json\/wp\/v2\/categories?post=24592"},{"taxonomy":"post_tag","embeddable":true,"href":"https:\/\/radiobitacora.com.ar\/web\/wp-json\/wp\/v2\/tags?post=24592"}],"curies":[{"name":"wp","href":"https:\/\/api.w.org\/{rel}","templated":true}]}}