{"id":24623,"date":"2025-07-03T09:27:52","date_gmt":"2025-07-03T12:27:52","guid":{"rendered":"https:\/\/radiobitacora.com.ar\/web\/?p=24623"},"modified":"2025-07-03T09:27:52","modified_gmt":"2025-07-03T12:27:52","slug":"acto-conmemorativo-declaracion-de-la-independencia","status":"publish","type":"post","link":"https:\/\/radiobitacora.com.ar\/web\/2025\/07\/03\/acto-conmemorativo-declaracion-de-la-independencia\/","title":{"rendered":"ACTO CONMEMORATIVO DECLARACI\u00d3N DE LA INDEPENDENCIA"},"content":{"rendered":"<p style=\"font-weight: 400;\">Reuni\u00f3n informativa, de planificaci\u00f3n y organizaci\u00f3n.<\/p>\n<p style=\"font-weight: 400;\">Con el prop\u00f3sito de coordinar la participaci\u00f3n de establecimientos educativos, fuerzas armadas, de seguridad, polic\u00eda de la provincia, instituciones deportivas, culturales y sociales, en la ma\u00f1ana del mi\u00e9rcoles en la Casa de la Cultura se realiz\u00f3 la reuni\u00f3n con representantes de esas instituciones.<\/p>\n<p style=\"font-weight: 400;\">Durante la reuni\u00f3n informativa se pudo diagramar el dispositivo para el tradicional desfile que se realiza en el marco de la celebraci\u00f3n de la Declaraci\u00f3n de nuestra Independencia, el 9 de julio en plaza Mitre.<\/p>\n<p style=\"font-weight: 400;\">Adem\u00e1s, se estableci\u00f3 el programa a desarrollar durante la conmemoraci\u00f3n de esa fecha: a las 8 horas el izamiento de la Bandera Nacional en el barrio 9 de Julio, a las 9,30 horas en el templo catedralicio el solemne Tedeum, y posteriormente a las 10,30 el acto y desfile c\u00edvico militar.<\/p>\n<p><img loading=\"lazy\" decoding=\"async\" class=\"wp-image-24624 alignleft\" src=\"https:\/\/radiobitacora.com.ar\/web\/wp-content\/uploads\/2025\/07\/reunion-organizativa-Desfile-9-de-julio-2.jpg\" alt=\"\" width=\"383\" height=\"255\" srcset=\"https:\/\/radiobitacora.com.ar\/web\/wp-content\/uploads\/2025\/07\/reunion-organizativa-Desfile-9-de-julio-2.jpg 1600w, https:\/\/radiobitacora.com.ar\/web\/wp-content\/uploads\/2025\/07\/reunion-organizativa-Desfile-9-de-julio-2-696x464.jpg 696w, https:\/\/radiobitacora.com.ar\/web\/wp-content\/uploads\/2025\/07\/reunion-organizativa-Desfile-9-de-julio-2-1068x712.jpg 1068w, https:\/\/radiobitacora.com.ar\/web\/wp-content\/uploads\/2025\/07\/reunion-organizativa-Desfile-9-de-julio-2-630x420.jpg 630w\" sizes=\"auto, (max-width: 383px) 100vw, 383px\" \/><\/p>\n<p style=\"font-weight: 400;\">En el encuentro entre los funcionarios municipales y representantes de las instituciones de la ciudad, qued\u00f3 fijada la manera de desplegar el dispositivo para el desfile, del cual participar\u00e1n los establecimientos educativos de la ciudad, instituciones culturales, deportivas y sociales, fuerzas armadas, de seguridad, bomberos voluntarios, parque automotor de la Municipalidad, de las fuerzas, instituciones y las agrupaciones tradicionalistas.<\/p>\n<p style=\"font-weight: 400;\">De esta manera se avanza en el organigrama determinado para la celebraci\u00f3n de un nuevo aniversario de la declaraci\u00f3n de nuestra Independencia.<\/p>\n<p style=\"font-weight: 400;\">Direcci\u00f3n de Prensa &#8211; Municipalidad de Goya<\/p>\n","protected":false},"excerpt":{"rendered":"<p>Reuni\u00f3n informativa, de planificaci\u00f3n y organizaci\u00f3n. Con el prop\u00f3sito de coordinar la participaci\u00f3n de establecimientos educativos, fuerzas armadas, de seguridad, polic\u00eda de la provincia, instituciones deportivas, culturales y sociales, en la ma\u00f1ana del mi\u00e9rcoles en la Casa de la Cultura se realiz\u00f3 la reuni\u00f3n con representantes de esas instituciones. Durante la reuni\u00f3n informativa se pudo [&hellip;]<\/p>\n","protected":false},"author":2,"featured_media":24625,"comment_status":"closed","ping_status":"closed","sticky":false,"template":"","format":"standard","meta":{"footnotes":""},"categories":[56],"tags":[],"class_list":{"0":"post-24623","1":"post","2":"type-post","3":"status-publish","4":"format-standard","5":"has-post-thumbnail","7":"category-locales"},"_links":{"self":[{"href":"https:\/\/radiobitacora.com.ar\/web\/wp-json\/wp\/v2\/posts\/24623","targetHints":{"allow":["GET"]}}],"collection":[{"href":"https:\/\/radiobitacora.com.ar\/web\/wp-json\/wp\/v2\/posts"}],"about":[{"href":"https:\/\/radiobitacora.com.ar\/web\/wp-json\/wp\/v2\/types\/post"}],"author":[{"embeddable":true,"href":"https:\/\/radiobitacora.com.ar\/web\/wp-json\/wp\/v2\/users\/2"}],"replies":[{"embeddable":true,"href":"https:\/\/radiobitacora.com.ar\/web\/wp-json\/wp\/v2\/comments?post=24623"}],"version-history":[{"count":0,"href":"https:\/\/radiobitacora.com.ar\/web\/wp-json\/wp\/v2\/posts\/24623\/revisions"}],"wp:featuredmedia":[{"embeddable":true,"href":"https:\/\/radiobitacora.com.ar\/web\/wp-json\/wp\/v2\/media\/24625"}],"wp:attachment":[{"href":"https:\/\/radiobitacora.com.ar\/web\/wp-json\/wp\/v2\/media?parent=24623"}],"wp:term":[{"taxonomy":"category","embeddable":true,"href":"https:\/\/radiobitacora.com.ar\/web\/wp-json\/wp\/v2\/categories?post=24623"},{"taxonomy":"post_tag","embeddable":true,"href":"https:\/\/radiobitacora.com.ar\/web\/wp-json\/wp\/v2\/tags?post=24623"}],"curies":[{"name":"wp","href":"https:\/\/api.w.org\/{rel}","templated":true}]}}