{"id":24667,"date":"2025-07-04T09:55:25","date_gmt":"2025-07-04T12:55:25","guid":{"rendered":"https:\/\/radiobitacora.com.ar\/web\/?p=24667"},"modified":"2025-07-04T09:55:25","modified_gmt":"2025-07-04T12:55:25","slug":"como-seria-hoy-el-11-ideal-de-boca-en-el-que-piensa-miguel-angel-russo","status":"publish","type":"post","link":"https:\/\/radiobitacora.com.ar\/web\/2025\/07\/04\/como-seria-hoy-el-11-ideal-de-boca-en-el-que-piensa-miguel-angel-russo\/","title":{"rendered":"C\u00d3MO SER\u00cdA HOY EL 11 IDEAL DE BOCA EN EL QUE PIENSA MIGUEL ANGEL RUSSO"},"content":{"rendered":"<p>El Xeneize se prepara para el debut ante Argentinos en el torneo Clausura y Russo empieza a definir el equipo a la espera de refuerzos. Paredes y \u00bfqui\u00e9n m\u00e1s? El sistema que utilizar\u00eda, los puestos a incorporar y las dudas.<\/p>\n<p>Pas\u00f3 el Mundial de Clubes y a poco m\u00e1s de una semana para el inicio del torneo Clausura de la Liga Profesional, Miguel Angel Russo, entrenador de Boca, tiene la tarea de<b>\u00a0definir el 11 que se presentar\u00e1 frente a Argentinos<\/b>\u00a0Juniors, en La Paternal.<\/p>\n<div id=\"ad-slot-inline1\" class=\"ad-slot-inline1 ad-slot\" data-adtype=\"inline1\" data-google-query-id=\"CIytxcCfo44DFT5NuAQdAYkmPw\">\n<div id=\"google_ads_iframe_\/125006397\/tyc\/nota\/inline1_0__container__\"><\/div>\n<\/div>\n<p>Si bien Boca no logr\u00f3 pasar de ronda y<a href=\"https:\/\/www.tycsports.com\/boca-juniors\/auckland-city-vs-boca-juniors-en-vivo-hora-donde-ver-y-formaciones-id669227.html\" target=\"_blank\" rel=\"noopener\">\u00a0se despidi\u00f3 r\u00e1pido de la competencia desarrollada en Estados Unidos<\/a>, Russo mostr\u00f3 algunos indicios de lo que pretende para el Xeneize y se puede empezar a especular con un\u00a0<b>&#8220;11 ideal&#8221;<\/b>.<\/p>\n<div class=\"alsoReadContainer\">\n<p class=\"alsoReadLabel\">Mir\u00e1 tambi\u00e9n<\/p>\n<h2 class=\"alsoReadText\">La contundente respuesta de Edinson Cavani al inter\u00e9s de Danubio<\/h2>\n<\/div>\n<p>En este equipo ideal al que tambi\u00e9n le faltan algunas piezas, como nada menos\u00a0<a href=\"https:\/\/www.tycsports.com\/boca-juniors\/que-falta-para-que-leandro-paredes-sea-jugador-de-boca-id670863.html\" target=\"_blank\" rel=\"noopener\">la llegada de Leandro Paredes<\/a>, Russo\u00a0<b>utilizar\u00eda el 4-4-2 como sistema<\/b>\u00a0y el primer nombre confirmado es el arquero: Agust\u00edn Marches\u00edn.<\/p>\n<p>La l\u00ednea de cuatro tiene como protagonista a\u00a0<b>Luis Adv\u00edncula<\/b>, tal como sucedi\u00f3 durante el Mundial de Clubes, aunque es uno de los puesto que da lugar al interrogante por la pelea f\u00e9rrea con\u00a0 Lucas Blondel.<\/p>\n<div id=\"ad-slot-inline2\" class=\"ad-slot-inline_grande ad-slot\" data-adtype=\"inline_grande\" data-google-query-id=\"CKuvx8Cfo44DFT5NuAQdAYkmPw\">\n<div id=\"google_ads_iframe_\/125006397\/tyc\/nota\/inline2_0__container__\"><\/div>\n<\/div>\n<p><b>Boca apunta a contratar a un marcador central<\/b>, pero a la espera de que suceda Nicol\u00e1s Figal ser\u00e1 el compa\u00f1ero en la zaga de Ayrton Costa, quien se gan\u00f3 el puesto a base de buenas actuaciones y\u00a0<a href=\"https:\/\/www.tycsports.com\/boca-juniors\/fin-de-ciclo-para-rojo-en-boca-que-paso-en-las-ultimas-horas-que-molesto-y-como-planeansusalida-id669199.html\" target=\"_blank\" rel=\"noopener\">la conflictiva situaci\u00f3n de Marcos Rojo<\/a>. En tanto, por la izquierda Lautaro Blanco es fija.<\/p>\n<figure class=\"kskddisable\" data-modal-description=\"Blondel tendr\u00eda la chance de ser titular en el inicio del torneo Clausura.\" data-modal-image=\"https:\/\/media.tycsports.com\/files\/2025\/06\/12\/851809\/blondel_w862.webp\"><img decoding=\"async\" class=\"mainImg r3x4 alignleft\" title=\"Blondel\" src=\"https:\/\/media.tycsports.com\/files\/2025\/06\/12\/851809\/blondel_416x555.webp\" alt=\"Blondel\" data-src=\"https:\/\/media.tycsports.com\/files\/2025\/06\/12\/851809\/blondel_416x555.webp\" \/><figcaption class=\"kskddisable\" data-kiosked-context-name=\"kskdUIContext_01jzaqy0p92pxedkx1qdcnms7y\">Blondel tendr\u00eda la chance de ser titular en el inicio del torneo Clausura.<\/figcaption><div id=\"kskd01jzaqy0qzczvepeepk9c2mzgp\" class=\"kskdDiv kskdCls\" data-kiosked-role=\"anchor\" data-kiosked-type=\"in-line\" data-kioskid=\"01jzaqy0qzczvepeepk9c2mzgp\" data-kiosked-cntrid=\"12549_509ea872717c96445ce67d599959986f\">\n<div class=\"kskdDiv\" data-kiosked-role=\"boundary\">\n<div class=\"kskdDiv\" data-kioskid=\"01jzaqy0qzczvepeepk9c2mzgp\" data-kiosked-role=\"ad-container\">\n<div class=\"kskdDiv\" data-kskd-type=\"banner\" data-width=\"728\" data-height=\"90\"><\/div>\n<\/div>\n<\/div>\n<\/div>\n<\/figure>\n<div class=\"alsoReadContainer\">\n<p class=\"alsoReadLabel\">Mir\u00e1 tambi\u00e9n<\/p>\n<h2 class=\"alsoReadText\">Marcos Rojo, otra vez baja en el entrenamiento de Boca<\/h2>\n<\/div>\n<p>As\u00ed como el lateral derecho no tiene un due\u00f1o,\u00a0<b>el futbolista que se parar\u00e1 unos metros adelante tambi\u00e9n se busca<\/b>.\u00a0<a href=\"https:\/\/www.tycsports.com\/boca-juniors\/como-juega-marino-hinestroza-extremo-colombiano-interesa-boca-id664115.html\" target=\"_blank\" rel=\"noopener\">Boca pens\u00f3 en el colombiano Marino Hinestroza<\/a>, pero parece haberse enfriado la chance; todav\u00eda no hay nombres como alternativas y quien entonces<b>\u00a0comenzar\u00eda por ese sector es Kevin Zen\u00f3n.<\/b><\/p>\n<div id=\"ad-slot-inline3\" class=\"ad-slot-inline ad-slot\" data-adtype=\"inline\" data-google-query-id=\"CI6txcCfo44DFT5NuAQdAYkmPw\">\n<div id=\"google_ads_iframe_\/125006397\/tyc\/nota\/inline3_0__container__\"><\/div>\n<\/div>\n<p>El Mundial de Clubes dej\u00f3 la certeza de que\u00a0<b>Rodrigo Battaglia deja la defensa para jugar en su posici\u00f3n natural,<\/b>\u00a0<a href=\"https:\/\/www.tycsports.com\/boca-juniors\/como-sigue-ander-herrera-y-cuando-volveria-a-jugar-en-boca-id670557.html\" target=\"_blank\" rel=\"noopener\">si est\u00e1 bien en lo f\u00edsico ser\u00e1 acompa\u00f1ado por Ander Herrera\u00a0<\/a>y por la banda izquierda lo har\u00e1 Alan Velasco.<\/p>\n<p>\u00bfAlternativas en la mitad de la cancha? A la espera de Paredes, Tom\u00e1s Belmonte jugar\u00eda por Herrera como pas\u00f3 en el Mundial de Clubes cuando<a href=\"https:\/\/www.tycsports.com\/boca-juniors\/ander-herrera-lesion-boca-benfica-mundial-de-clubes-id668129.html\" target=\"_blank\" rel=\"noopener\">\u00a0el vasco se lesion\u00f3 ante Benfica<\/a>; Williams Alarc\u00f3n pelear\u00e1 por un lugar en ese doble cinco\u00a0mientras que Carlos Palacios tambi\u00e9n buscar\u00e1 su chance junto a Malcom Braida, ya sea por Velasco o Zen\u00f3n. En tanto,\u00a0<b>Milton Delgado parece haber perdido algo terreno.<\/b><\/p>\n<div id=\"ad-slot-inline4\" class=\"ad-slot-inline ad-slot\" data-adtype=\"inline\" data-google-query-id=\"CI-txcCfo44DFT5NuAQdAYkmPw\">\n<div id=\"google_ads_iframe_\/125006397\/tyc\/nota\/inline4_0__container__\"><\/div>\n<\/div>\n<figure class=\"kskddisable\" data-modal-description=\"Battaglia, autor de un gol contra Benfica, jugar\u00e1 con Russo en la mitad de la cancha.\" data-modal-image=\"https:\/\/media.tycsports.com\/files\/2025\/06\/17\/853659\/rodrigo-battaglia_w862.webp\"><img loading=\"lazy\" decoding=\"async\" class=\"mainImg r16x9 alignright\" title=\"Rodrigo Battaglia\" src=\"https:\/\/media.tycsports.com\/files\/2025\/06\/17\/853659\/rodrigo-battaglia_416x234.webp\" srcset=\"https:\/\/media.tycsports.com\/files\/2025\/06\/17\/853659\/rodrigo-battaglia_416x234.webp 960w,https:\/\/media.tycsports.com\/files\/2025\/06\/17\/853659\/rodrigo-battaglia_862x485.webp 1024w\" alt=\"Rodrigo Battaglia\" width=\"416\" height=\"234\" data-src=\"https:\/\/media.tycsports.com\/files\/2025\/06\/17\/853659\/rodrigo-battaglia_416x234.webp\" data-srcset=\"https:\/\/media.tycsports.com\/files\/2025\/06\/17\/853659\/rodrigo-battaglia_416x234.webp 960w,https:\/\/media.tycsports.com\/files\/2025\/06\/17\/853659\/rodrigo-battaglia_862x485.webp 1024w\" \/><figcaption class=\"kskddisable\" data-kiosked-context-name=\"kskdUIContext_01jzaqy0p92pxedkx1qdcnms7y\">Battaglia, autor de un gol contra Benfica, jugar\u00e1 con Russo en la mitad de la cancha.<\/figcaption><div id=\"kskd01jzaqy0r0m8hbg799qkytqw0w\" class=\"kskdDiv kskdCls\" data-kiosked-role=\"anchor\" data-kiosked-type=\"in-line\" data-kioskid=\"01jzaqy0r0m8hbg799qkytqw0w\" data-kiosked-cntrid=\"12549_ccb82850aa97707a0584cab197413196\">\n<div class=\"kskdDiv\" data-kiosked-role=\"boundary\">\n<div class=\"kskdDiv\" data-kioskid=\"01jzaqy0r0m8hbg799qkytqw0w\" data-kiosked-role=\"ad-container\"><\/div>\n<\/div>\n<\/div>\n<\/figure>\n<div class=\"alsoReadContainer\">\n<p class=\"alsoReadLabel\">Mir\u00e1 tambi\u00e9n<\/p>\n<h2 class=\"alsoReadText\">Las duras multas que River y Boca deber\u00e1n pagarle a la FIFA<\/h2>\n<\/div>\n<p>En la ofensiva, otra de las confirmaciones del Mundial de Clubes es que\u00a0<b>Miguel Merentiel es hoy el \u00fanico que tiene el puesto asegurado<\/b>\u00a0y Russo tendr\u00e1, quiz\u00e1s, la tarea m\u00e1s complicada: definir qui\u00e9n lo acompa\u00f1ar\u00e1.<\/p>\n<p>Pese a que el estado f\u00edsico y su rendimiento hoy lo ponen en duda,<b>\u00a0si est\u00e1 bien, para el DT Edinson Cavani es titular y el ladero ideal de la Bestia para\u00a0el debut frente a Argentinos Juniors,\u00a0<\/b><\/p>\n<p>\u00bfOtras alternativas? Hoy tampoco Russo tiene mucho para elegir: Milton Gim\u00e9nez si quiere jugar con un doble 9 o Palacios si lo ubica suelto por delante de los otros mediocampista. Exequiel Zeballos no aprovech\u00f3 su momento y m\u00e1s atr\u00e1s en la consideraci\u00f3n est\u00e1 Brian Aguirre.<\/p>\n<h2>El once ideal de Boca, hoy<\/h2>\n<p>En definitiva, a falta de poco m\u00e1s de una semana, el equipo ideal de Boca ser\u00eda con Agust\u00edn Marches\u00edn; Luis Adv\u00edncula, Nicol\u00e1s Figal, Ayrton Costa, Lautaro Blanco; Kevin Zen\u00f3n, Rodrigo Battaglia, Ander Herrera; Alan Velasco: Miguel Merentiel y Edinson Cavani.<\/p>\n<div id=\"video-genoa-854855\" class=\"videoPlayer genoa-async\" data-contentid=\"1773288\" data-share=\"https:\/\/www.tycsports.com\/boca-juniors\/como-seria-hoy-el-11-ideal-de-boca-en-el-que-piensa-miguel-angel-russo-id671894.html\" data-playlist-related=\"true\" data-playlist=\"1777220,1777046,1773269,1777011,1776832\" data-kiosked-context-name=\"kskdUIContext_01jzaqy0p807d02vk690f46jws\">\n<h3 class=\"videoTextTitle\">Merentiel, la figura de Boca en el Mundial de Clubes, hizo un golazo ante Bayern Munich<\/h3>\n<p><img loading=\"lazy\" decoding=\"async\" class=\"videoPlayerImg r16x9 alignright\" title=\"Merentiel, la figura de Boca en el Mundial de Clubes, hizo un golazo ante Bayern Munich\" src=\"https:\/\/media.tycsports.com\/files\/2025\/06\/20\/854855\/el-gol-de-miguel-merentiel-para-boca-ante-bayern-munich-1-3_416x234.webp?v=1\" srcset=\"https:\/\/media.tycsports.com\/files\/2025\/06\/20\/854855\/el-gol-de-miguel-merentiel-para-boca-ante-bayern-munich-1-3_416x234.webp?v=1 960w,https:\/\/media.tycsports.com\/files\/2025\/06\/20\/854855\/el-gol-de-miguel-merentiel-para-boca-ante-bayern-munich-1-3_862x485.webp?v=1 1024w\" alt=\"Merentiel, la figura de Boca en el Mundial de Clubes, hizo un golazo ante Bayern Munich\" width=\"416\" height=\"234\" data-src=\"https:\/\/media.tycsports.com\/files\/2025\/06\/20\/854855\/el-gol-de-miguel-merentiel-para-boca-ante-bayern-munich-1-3_416x234.webp?v=1\" data-srcset=\"https:\/\/media.tycsports.com\/files\/2025\/06\/20\/854855\/el-gol-de-miguel-merentiel-para-boca-ante-bayern-munich-1-3_416x234.webp?v=1 960w,https:\/\/media.tycsports.com\/files\/2025\/06\/20\/854855\/el-gol-de-miguel-merentiel-para-boca-ante-bayern-munich-1-3_862x485.webp?v=1 1024w\" \/><\/div>\n<div id=\"kskd01jzaqy0qx86mj2cvk22vs6nrz\" class=\"kskdDiv kskdCls\" data-kiosked-role=\"anchor\" data-kiosked-type=\"in-line\" data-kioskid=\"01jzaqy0qx86mj2cvk22vs6nrz\" data-kiosked-cntrid=\"12549_0db38f9175c039b9f6e46767c1455e63\">\n<div class=\"kskdDiv\" data-kiosked-role=\"boundary\">\n<div class=\"kskdDiv\" data-kioskid=\"01jzaqy0qx86mj2cvk22vs6nrz\" data-kiosked-role=\"ad-container\"><\/div>\n<\/div>\n<\/div>\n<div class=\"alsoReadContainer\">\n<p class=\"alsoReadLabel\">Mir\u00e1 tambi\u00e9n<\/p>\n<h2 class=\"alsoReadText\">Rey Domenech, el otro juvenil de Boca que buscan en el f\u00fatbol argentino<\/h2>\n<\/div>\n<h2>Paredes vuelve a Boca: d\u00f3nde lo piensa Russo y qu\u00e9 rol tendr\u00e1 en el plantel<\/h2>\n<p>Una vez que finalice sus vacaciones y se desvincule de Roma, el mediocampista firmar\u00e1 contrato por los pr\u00f3ximos, al menos, tres a\u00f1os. Miguel \u00c1ngel Russo ya tiene en mente qu\u00e9 lugar en la cancha ocupar\u00e1 y hasta podr\u00eda darle la cinta de capit\u00e1n.\u00a0<b>Paredes llega para convertirse en el l\u00edder del equipo y la bandera de los hinchas.\u00a0<\/b><\/p>\n<p>Si\u00a0 bien est\u00e1 acostumbrado a moverse solo en el centro de la mitad de cancha, en caso de que Russo opte por el 4-4-2 deber\u00e1 buscarle a Paredes un compa\u00f1ero y\u00a0<b>Herrera parece ser es el complemento perfecto<\/b>, pero su estado f\u00edsico tras sufrir cuatro desgarros en solo seis meses es una inc\u00f3gnita.<\/p>\n<p>Si logra continuidad, el vasco es una fija; de hecho, con Paredes jugaron 37 partidos juntos en Paris Saint-Germain. A priori, el que pierde lugar con su llegada es Battaglia, quien viene de hacer un buen Mundial de Clubes como volante central pero no es tan com\u00fan que juegue de doble 5. Habr\u00e1 que ver c\u00f3mo resulta esa combinaci\u00f3n.<\/p>\n<p>Alarc\u00f3n y Belmonte son otros dos futbolistas que podr\u00edan formar parte de una mitad de cancha con Paredes y Herrera, en caso de que Russo elijar jugar con un cinco y dos internos. Por lo pronto, el todav\u00eda jugador de Roma\u00a0<b>reci\u00e9n podr\u00eda debutar por la cuarta fecha cuando Boca reciba a Racing.<\/b><\/p>\n<figure class=\"kskddisable\" data-modal-description=\"Boca abrir\u00e1 La Bombonera para recibir a un hijo de la casa: Leandro Paredes.\" data-modal-image=\"https:\/\/media.tycsports.com\/files\/2025\/06\/26\/856709\/leandro-paredes_w862.webp\"><img loading=\"lazy\" decoding=\"async\" class=\"mainImg r16x9 alignleft\" title=\"Leandro Paredes\" src=\"https:\/\/media.tycsports.com\/files\/2025\/06\/26\/856709\/leandro-paredes_416x234.webp?v=1\" srcset=\"https:\/\/media.tycsports.com\/files\/2025\/06\/26\/856709\/leandro-paredes_416x234.webp?v=1 960w,https:\/\/media.tycsports.com\/files\/2025\/06\/26\/856709\/leandro-paredes_862x485.webp?v=1 1024w\" alt=\"Leandro Paredes\" width=\"416\" height=\"234\" data-src=\"https:\/\/media.tycsports.com\/files\/2025\/06\/26\/856709\/leandro-paredes_416x234.webp?v=1\" data-srcset=\"https:\/\/media.tycsports.com\/files\/2025\/06\/26\/856709\/leandro-paredes_416x234.webp?v=1 960w,https:\/\/media.tycsports.com\/files\/2025\/06\/26\/856709\/leandro-paredes_862x485.webp?v=1 1024w\" \/><figcaption class=\"kskddisable\" data-kiosked-context-name=\"kskdUIContext_01jzaqy0p92pxedkx1qdcnms7y\">Boca abrir\u00e1 La Bombonera para recibir a un hijo de la casa: Leandro Paredes.<\/figcaption><div id=\"kskd01jzaqy0r0yghpej9ygf86czpc\" class=\"kskdDiv kskdCls\" data-kiosked-role=\"anchor\" data-kiosked-type=\"in-line\" data-kioskid=\"01jzaqy0r0yghpej9ygf86czpc\" data-kiosked-cntrid=\"12549_d5bbc45f15dbef9c0e67cf727c85a849\">\n<div class=\"kskdDiv\" data-kiosked-role=\"boundary\">\n<div class=\"kskdDiv\" data-kioskid=\"01jzaqy0r0yghpej9ygf86czpc\" data-kiosked-role=\"ad-container\">\n<div class=\"kskdDiv\" data-kskd-type=\"banner\" data-width=\"728\" data-height=\"90\"><\/div>\n<\/div>\n<\/div>\n<\/div>\n<\/figure>\n<p><b>\u00bfFan\u00e1tico del Xeneize?\u00a0<\/b>Enterate\u00a0<b>todas las\u00a0<a href=\"https:\/\/www.tycsports.com\/boca-juniors.html\" target=\"_blank\" rel=\"noopener\">noticias de Boca Juniors<\/a><\/b>\u00a0a trav\u00e9s de\u00a0<b><a href=\"https:\/\/www.tycsports.com\/\" target=\"_blank\" rel=\"noopener\">TyC Sports<\/a><\/b>. Segu\u00ed nuestra p\u00e1gina en\u00a0<a href=\"https:\/\/www.facebook.com\/Boca-Juniors-en-TyC-Sports-115000173231312\/?utm_source=pienotaseo&amp;utm_medium=boca&amp;utm_campaign=facebook\" target=\"_blank\" rel=\"noopener\"><b>Facebook<\/b><\/a>\u00a0o\u00a0<b><a href=\"https:\/\/news.google.com\/publications\/CAAqBwgKMMi7kgswh_6nAw?oc=3&amp;ceid=AR:es-419?utm_source=pienotaseo&amp;utm_medium=boca&amp;utm_campaign=googlenews\" target=\"_blank\" rel=\"noopener\">Google News<\/a><\/b>. Tambi\u00e9n pod\u00e9s registrarte gratis e indicar tus\u00a0<a href=\"https:\/\/www.tycsports.com\/cognito_blank.html\"><b>preferencias para recibir notificaciones<\/b><\/a>\u00a0en tu browser o bajate nuestra APP (disponible en\u00a0<b><a href=\"https:\/\/play.google.com\/store\/apps\/details?id=com.mustmobile.tycmundial\" target=\"_blank\" rel=\"noopener\">Android<\/a>\u00a0<\/b>&amp;\u00a0<a href=\"https:\/\/itunes.apple.com\/ar\/app\/tyc-sports\/id887613794?mt=8?utm_source=pienotaseo&amp;utm_medium=boca&amp;utm_campaign=ios\" target=\"_blank\" rel=\"noopener\"><b>iOS<\/b><\/a>). Acced\u00e9 a todas las\u00a0<a href=\"https:\/\/tycsports.com\/estadisticas\/liga-profesional-de-futbol.html\" target=\"_blank\" rel=\"noopener\"><b>estad\u00edsticas de La liga profesional<\/b><\/a>\u00a0del f\u00fatbol Argentino.<\/p>\n","protected":false},"excerpt":{"rendered":"<p>El Xeneize se prepara para el debut ante Argentinos en el torneo Clausura y Russo empieza a definir el equipo a la espera de refuerzos. Paredes y \u00bfqui\u00e9n m\u00e1s? El sistema que utilizar\u00eda, los puestos a incorporar y las dudas. Pas\u00f3 el Mundial de Clubes y a poco m\u00e1s de una semana para el inicio [&hellip;]<\/p>\n","protected":false},"author":2,"featured_media":24668,"comment_status":"closed","ping_status":"closed","sticky":false,"template":"","format":"standard","meta":{"footnotes":""},"categories":[78],"tags":[],"class_list":{"0":"post-24667","1":"post","2":"type-post","3":"status-publish","4":"format-standard","5":"has-post-thumbnail","7":"category-deportes"},"_links":{"self":[{"href":"https:\/\/radiobitacora.com.ar\/web\/wp-json\/wp\/v2\/posts\/24667","targetHints":{"allow":["GET"]}}],"collection":[{"href":"https:\/\/radiobitacora.com.ar\/web\/wp-json\/wp\/v2\/posts"}],"about":[{"href":"https:\/\/radiobitacora.com.ar\/web\/wp-json\/wp\/v2\/types\/post"}],"author":[{"embeddable":true,"href":"https:\/\/radiobitacora.com.ar\/web\/wp-json\/wp\/v2\/users\/2"}],"replies":[{"embeddable":true,"href":"https:\/\/radiobitacora.com.ar\/web\/wp-json\/wp\/v2\/comments?post=24667"}],"version-history":[{"count":0,"href":"https:\/\/radiobitacora.com.ar\/web\/wp-json\/wp\/v2\/posts\/24667\/revisions"}],"wp:featuredmedia":[{"embeddable":true,"href":"https:\/\/radiobitacora.com.ar\/web\/wp-json\/wp\/v2\/media\/24668"}],"wp:attachment":[{"href":"https:\/\/radiobitacora.com.ar\/web\/wp-json\/wp\/v2\/media?parent=24667"}],"wp:term":[{"taxonomy":"category","embeddable":true,"href":"https:\/\/radiobitacora.com.ar\/web\/wp-json\/wp\/v2\/categories?post=24667"},{"taxonomy":"post_tag","embeddable":true,"href":"https:\/\/radiobitacora.com.ar\/web\/wp-json\/wp\/v2\/tags?post=24667"}],"curies":[{"name":"wp","href":"https:\/\/api.w.org\/{rel}","templated":true}]}}