{"id":24673,"date":"2025-07-05T18:23:16","date_gmt":"2025-07-05T21:23:16","guid":{"rendered":"https:\/\/radiobitacora.com.ar\/web\/?p=24673"},"modified":"2025-07-05T18:23:16","modified_gmt":"2025-07-05T21:23:16","slug":"torneo-de-voley-nacional-sub-16","status":"publish","type":"post","link":"https:\/\/radiobitacora.com.ar\/web\/2025\/07\/05\/torneo-de-voley-nacional-sub-16\/","title":{"rendered":"TORNEO DE VOLEY NACIONAL SUB 16"},"content":{"rendered":"<p style=\"font-weight: 400;\">Los jugadores del equipo A D. J. Norte\u00f1a, que obtuvieron el campeonato organizado por la Federaci\u00f3n Correntina de la categor\u00eda, han sido convocados para integrar la selecci\u00f3n correntina que disputar\u00e1 el certamen nacional en el mes de agosto, en la provincia de Tucum\u00e1n.<\/p>\n<p style=\"font-weight: 400;\">Ellos son Alejandro S\u00e1nchez, levantador; Nicol\u00e1s Gonz\u00e1lez, punta; Santino Esquivel, central y Dar\u00edo Enrique, punta.<\/p>\n<p style=\"font-weight: 400;\">Vale mencionar que el equipo goyano de A.D.J Norte\u00f1a al obtener el campeonato provincial, accedi\u00f3 al derecho de participar de la Copa Argentina de Clubes, que se realiza en Chapadmalal (Bs As) en noviembre.<\/p>\n<p><img loading=\"lazy\" decoding=\"async\" class=\"wp-image-24674 alignleft\" src=\"https:\/\/radiobitacora.com.ar\/web\/wp-content\/uploads\/2025\/07\/DARIO-ENRIQUE-4-CONVOCADO.jpg\" alt=\"\" width=\"184\" height=\"246\" srcset=\"https:\/\/radiobitacora.com.ar\/web\/wp-content\/uploads\/2025\/07\/DARIO-ENRIQUE-4-CONVOCADO.jpg 1200w, https:\/\/radiobitacora.com.ar\/web\/wp-content\/uploads\/2025\/07\/DARIO-ENRIQUE-4-CONVOCADO-696x928.jpg 696w, https:\/\/radiobitacora.com.ar\/web\/wp-content\/uploads\/2025\/07\/DARIO-ENRIQUE-4-CONVOCADO-1068x1424.jpg 1068w, https:\/\/radiobitacora.com.ar\/web\/wp-content\/uploads\/2025\/07\/DARIO-ENRIQUE-4-CONVOCADO-315x420.jpg 315w\" sizes=\"auto, (max-width: 184px) 100vw, 184px\" \/> <img loading=\"lazy\" decoding=\"async\" class=\"wp-image-24675 alignright\" src=\"https:\/\/radiobitacora.com.ar\/web\/wp-content\/uploads\/2025\/07\/NICOLAS-GONZALEZ-2-CONVOCADO.jpg\" alt=\"\" width=\"204\" height=\"272\" srcset=\"https:\/\/radiobitacora.com.ar\/web\/wp-content\/uploads\/2025\/07\/NICOLAS-GONZALEZ-2-CONVOCADO.jpg 3060w, https:\/\/radiobitacora.com.ar\/web\/wp-content\/uploads\/2025\/07\/NICOLAS-GONZALEZ-2-CONVOCADO-696x928.jpg 696w, https:\/\/radiobitacora.com.ar\/web\/wp-content\/uploads\/2025\/07\/NICOLAS-GONZALEZ-2-CONVOCADO-1068x1424.jpg 1068w, https:\/\/radiobitacora.com.ar\/web\/wp-content\/uploads\/2025\/07\/NICOLAS-GONZALEZ-2-CONVOCADO-315x420.jpg 315w\" sizes=\"auto, (max-width: 204px) 100vw, 204px\" \/><\/p>\n<p style=\"font-weight: 400;\">Desde la instituci\u00f3n deportiva har\u00e1n las gestiones para obtener\u00a0 el apoyo necesario para participar del referido campeonato argentino en la Categor\u00eda Sub 16.<\/p>\n<p style=\"font-weight: 400;\">Direcci\u00f3n de Prensa-Municipalidad de Goya<\/p>\n","protected":false},"excerpt":{"rendered":"<p>Los jugadores del equipo A D. J. Norte\u00f1a, que obtuvieron el campeonato organizado por la Federaci\u00f3n Correntina de la categor\u00eda, han sido convocados para integrar la selecci\u00f3n correntina que disputar\u00e1 el certamen nacional en el mes de agosto, en la provincia de Tucum\u00e1n. Ellos son Alejandro S\u00e1nchez, levantador; Nicol\u00e1s Gonz\u00e1lez, punta; Santino Esquivel, central y [&hellip;]<\/p>\n","protected":false},"author":2,"featured_media":24677,"comment_status":"closed","ping_status":"closed","sticky":false,"template":"","format":"standard","meta":{"footnotes":""},"categories":[78],"tags":[],"class_list":{"0":"post-24673","1":"post","2":"type-post","3":"status-publish","4":"format-standard","5":"has-post-thumbnail","7":"category-deportes"},"_links":{"self":[{"href":"https:\/\/radiobitacora.com.ar\/web\/wp-json\/wp\/v2\/posts\/24673","targetHints":{"allow":["GET"]}}],"collection":[{"href":"https:\/\/radiobitacora.com.ar\/web\/wp-json\/wp\/v2\/posts"}],"about":[{"href":"https:\/\/radiobitacora.com.ar\/web\/wp-json\/wp\/v2\/types\/post"}],"author":[{"embeddable":true,"href":"https:\/\/radiobitacora.com.ar\/web\/wp-json\/wp\/v2\/users\/2"}],"replies":[{"embeddable":true,"href":"https:\/\/radiobitacora.com.ar\/web\/wp-json\/wp\/v2\/comments?post=24673"}],"version-history":[{"count":0,"href":"https:\/\/radiobitacora.com.ar\/web\/wp-json\/wp\/v2\/posts\/24673\/revisions"}],"wp:featuredmedia":[{"embeddable":true,"href":"https:\/\/radiobitacora.com.ar\/web\/wp-json\/wp\/v2\/media\/24677"}],"wp:attachment":[{"href":"https:\/\/radiobitacora.com.ar\/web\/wp-json\/wp\/v2\/media?parent=24673"}],"wp:term":[{"taxonomy":"category","embeddable":true,"href":"https:\/\/radiobitacora.com.ar\/web\/wp-json\/wp\/v2\/categories?post=24673"},{"taxonomy":"post_tag","embeddable":true,"href":"https:\/\/radiobitacora.com.ar\/web\/wp-json\/wp\/v2\/tags?post=24673"}],"curies":[{"name":"wp","href":"https:\/\/api.w.org\/{rel}","templated":true}]}}