{"id":24701,"date":"2025-07-07T09:16:31","date_gmt":"2025-07-07T12:16:31","guid":{"rendered":"https:\/\/radiobitacora.com.ar\/web\/?p=24701"},"modified":"2025-07-07T09:16:31","modified_gmt":"2025-07-07T12:16:31","slug":"feria-del-libro","status":"publish","type":"post","link":"https:\/\/radiobitacora.com.ar\/web\/2025\/07\/07\/feria-del-libro\/","title":{"rendered":"FERIA DEL LIBRO"},"content":{"rendered":"<p style=\"font-weight: 400;\">Una jornada experimentada desde las emociones<\/p>\n<p style=\"font-weight: 400;\">Cerr\u00f3 una nueva fecha la 7\u00aa Edici\u00f3n del Feria del Libro con propuestas pensadas para toda la familia, con espect\u00e1culos y disertaciones centradas en el valor de las emociones, un domingo de conquista al coraz\u00f3n.<\/p>\n<p style=\"font-weight: 400;\">\u00a0La tercera jornada dio inicio con el espacio de la Destreza a cargo del Gimnasio Wander de Carolina bajo la direcci\u00f3n de los profesores Diego y Romina Espina<\/p>\n<p style=\"font-weight: 400;\">En la continuidad el elenco de Clap Producciones de Rosario mantuvo la atenci\u00f3n y el inter\u00e9s de los presentes, con una propuesta pensada para el p\u00fablico infantil, sin excluir a los \u201cmayores\u201d que se prendieron a la historia contada y cantada por los personajes m\u00e1s queridos de Disney, pudiendo observar la aparici\u00f3n recreado en un campamento de Mickey, Minnie, Pluto, Goofy; el Pato Donald, Daysi; invitando a los espectadores a viajar a trav\u00e9s de los cl\u00e1sicos cuentos de Caperucita Roja; Blancanieves, Hanzel y Gretel; los personajes de Toy Story; los Superh\u00e9roes, realizando un viaje por cada una de esas historias (historietas) con adaptaci\u00f3n del grupo teatral, logrando la participaci\u00f3n de los peque\u00f1os, convirti\u00e9ndose en protagonistas de la obra.<\/p>\n<p style=\"font-weight: 400;\">Vale mencionar que la funci\u00f3n se volver\u00e1 a dar el lunes desde las 9 horas.<\/p>\n<p style=\"font-weight: 400;\">LAS MEMORIAS DE TOM\u00c1S MAZZANTI<\/p>\n<p><img loading=\"lazy\" decoding=\"async\" class=\"wp-image-24703 alignleft\" src=\"https:\/\/radiobitacora.com.ar\/web\/wp-content\/uploads\/2025\/07\/Feria-del-Libro-Domingo-1.jpg\" alt=\"\" width=\"347\" height=\"231\" srcset=\"https:\/\/radiobitacora.com.ar\/web\/wp-content\/uploads\/2025\/07\/Feria-del-Libro-Domingo-1.jpg 1600w, https:\/\/radiobitacora.com.ar\/web\/wp-content\/uploads\/2025\/07\/Feria-del-Libro-Domingo-1-696x464.jpg 696w, https:\/\/radiobitacora.com.ar\/web\/wp-content\/uploads\/2025\/07\/Feria-del-Libro-Domingo-1-1068x712.jpg 1068w, https:\/\/radiobitacora.com.ar\/web\/wp-content\/uploads\/2025\/07\/Feria-del-Libro-Domingo-1-630x420.jpg 630w\" sizes=\"auto, (max-width: 347px) 100vw, 347px\" \/><\/p>\n<p style=\"font-weight: 400;\">En el tiempo destinado a disertaciones, presentaci\u00f3n de libro, el p\u00fablico pudo apreciar la presentaci\u00f3n de la Obra Las Memorias de Tomas Mazzanti a cargo del Senador Provincial Lic. Ignacio Osella y el Vicegobernador de la provincia Dr. Pedro Braillard Poccard.<\/p>\n<p style=\"font-weight: 400;\">Durante la presentaci\u00f3n de la mencionada obra, de un gran valor hist\u00f3rico y cultural, el Lic. Ignacio Osella destac\u00f3 el aporte del Senado de la Provincia, para poder imprimir y contar con ese material, como documento hist\u00f3rico y registrado sobre Tomas Mazzanti<\/p>\n<p style=\"font-weight: 400;\">El otro aspecto valioso, es la entrega de ejemplares a entidades, instituciones educativas, asociaciones culturales, entidades literarias, bibliotecas populares, personas referentes de la cultura, y a familiares de Mazzanti.<\/p>\n<p style=\"font-weight: 400;\">Concluida la presentaci\u00f3n de la obra referida, los disertantes hicieron entrega de un ejemplar del libro al Intendente Mariano Hormaechea.<\/p>\n<p><img loading=\"lazy\" decoding=\"async\" class=\"wp-image-24704 alignleft\" src=\"https:\/\/radiobitacora.com.ar\/web\/wp-content\/uploads\/2025\/07\/Feria-del-Libro-Domingo-3.jpg\" alt=\"\" width=\"373\" height=\"199\" srcset=\"https:\/\/radiobitacora.com.ar\/web\/wp-content\/uploads\/2025\/07\/Feria-del-Libro-Domingo-3.jpg 1599w, https:\/\/radiobitacora.com.ar\/web\/wp-content\/uploads\/2025\/07\/Feria-del-Libro-Domingo-3-696x371.jpg 696w, https:\/\/radiobitacora.com.ar\/web\/wp-content\/uploads\/2025\/07\/Feria-del-Libro-Domingo-3-1068x570.jpg 1068w, https:\/\/radiobitacora.com.ar\/web\/wp-content\/uploads\/2025\/07\/Feria-del-Libro-Domingo-3-787x420.jpg 787w\" sizes=\"auto, (max-width: 373px) 100vw, 373px\" \/><\/p>\n<p style=\"font-weight: 400;\">Del mismo modo, se entregaron libros a Direcci\u00f3n de Cultura Carolina SADE Goya; Bibliotecas Populares: \u201cDomingo F Sarmiento\u201d; \u201cBarrios del Sur\u201d; \u201cMarta Elgul de Paris\u201d; \u201cAutores Correntinos (de Ram\u00f3n Orlando Mendoza); Jos\u00e9 Manuel Estrada (Instituto Alberti); Escuela T\u00e9cnica Arq. Francisco Pinaroli; General Jos\u00e9 de San Mart\u00edn (Casa de la Cultura); Asociaciones Belgraniana; Sanmartiniana; Italiana; Museo Gauchesco Curuz\u00fa; Teatro Municipal; Instituto Hispanoamericano; Instituto Santa Teresa de Jes\u00fas; Instituto San Martin; Colegio Secundario Georgia Morales; Colegio Juan Eusebio Torrent; Escuela Normal Dr. Mariano I Loza; Escuela N\u00famero 65 Jos\u00e9 \u00a0Eusebio Gomez; Escuela Numero 66 General Jos\u00e9 de San Martin; Escuela N\u00famero 67 Isabel King; EFA Coembot\u00e1; Centro Los Meridiano; Stella Marys Vicentin; los familiares de Mazzanti: Familia Aldecoa; Ernesto Conti; Juan Carlos Escudero; Mar\u00eda \u00c1ngeles Mazzanti y,\u00a0 a los familiares de Ricardo Hugo Conti.<\/p>\n<p><img loading=\"lazy\" decoding=\"async\" class=\"wp-image-24705 alignleft\" src=\"https:\/\/radiobitacora.com.ar\/web\/wp-content\/uploads\/2025\/07\/Feria-del-Libro-Domingo-6-libro-tomas-mazzanti.jpg\" alt=\"\" width=\"287\" height=\"191\" srcset=\"https:\/\/radiobitacora.com.ar\/web\/wp-content\/uploads\/2025\/07\/Feria-del-Libro-Domingo-6-libro-tomas-mazzanti.jpg 1600w, https:\/\/radiobitacora.com.ar\/web\/wp-content\/uploads\/2025\/07\/Feria-del-Libro-Domingo-6-libro-tomas-mazzanti-696x464.jpg 696w, https:\/\/radiobitacora.com.ar\/web\/wp-content\/uploads\/2025\/07\/Feria-del-Libro-Domingo-6-libro-tomas-mazzanti-1068x712.jpg 1068w, https:\/\/radiobitacora.com.ar\/web\/wp-content\/uploads\/2025\/07\/Feria-del-Libro-Domingo-6-libro-tomas-mazzanti-630x420.jpg 630w\" sizes=\"auto, (max-width: 287px) 100vw, 287px\" \/><\/p>\n<p style=\"font-weight: 400;\">De la misma manera la Municipalidad de Goya, a trav\u00e9s del Intendente Mariano Hormaechea entreg\u00f3 reconocimientos y presentes a los disertantes.<\/p>\n<p style=\"font-weight: 400;\">La velada prosigui\u00f3 con la presentaci\u00f3n de Florencia Canale, en una entrevista en el escenario 360\u00ba a cargo de Carolinas Salas Araujo, para luego desde el escenario Carlos Gomez Mu\u00f1oz a modo de conversaci\u00f3n dio a conocer su novela Las Cruzadas.<\/p>\n<p style=\"font-weight: 400;\">Una vez recibido los obsequios y reconocimientos en nombre de la Feria del Libro, por parte del Director de Juventud Gast\u00f3n Espinosa y la Concejal Gabriela Refojos, la autora Florencia Canale firm\u00f3 al p\u00fablico ejemplares de su obra.<\/p>\n<p style=\"font-weight: 400;\">El final de la jornada del domingo, se dio con la presencia del ex entrenador de la Selecci\u00f3n de Hockey Las Leones y Los Leones, el entrenador y coach ontol\u00f3gico Sergio \u201cCachito\u201d Vigil, primero en el escenario 360\u00ba entrevistado por Ra\u00fal Alejandro Medina, para trasladarse y desde el escenario principal del Multiespacio Antonio R Villarreal ofrecer: Un desaf\u00edo Ol\u00edmpico, una charla motivacional usando los valores y el sentimiento para entablar una activa interactuaci\u00f3n con el p\u00fablico, basados en valores fundamentales como la actitud, la perseverancia, los sue\u00f1os, las metas, acci\u00f3n que mantuvo en una fluida relaci\u00f3n de comunicaci\u00f3n con los espectadores.<\/p>\n<p>&nbsp;<\/p>\n<p style=\"font-weight: 400;\">Para finalizar el Intendente Mariano Hormaechea hizo entrega del reconocimiento y presentes, sumando una emoci\u00f3n m\u00e1s a la noche, la invitaci\u00f3n de subir al escenario de Marcela (Esposa de Vigil), a fin de recordar junto al p\u00fablico de Goya la celebraci\u00f3n de sus 25 a\u00f1os de vida matrimonial, una emotiva jornada la del domingo en la 7\u00aa Feria del Libro Goya.<\/p>\n<p style=\"font-weight: 400;\">Direcci\u00f3n de Prensa-Municipalidad de Goya<\/p>\n","protected":false},"excerpt":{"rendered":"<p>Una jornada experimentada desde las emociones Cerr\u00f3 una nueva fecha la 7\u00aa Edici\u00f3n del Feria del Libro con propuestas pensadas para toda la familia, con espect\u00e1culos y disertaciones centradas en el valor de las emociones, un domingo de conquista al coraz\u00f3n. \u00a0La tercera jornada dio inicio con el espacio de la Destreza a cargo del [&hellip;]<\/p>\n","protected":false},"author":2,"featured_media":24706,"comment_status":"closed","ping_status":"closed","sticky":false,"template":"","format":"standard","meta":{"footnotes":""},"categories":[56],"tags":[],"class_list":{"0":"post-24701","1":"post","2":"type-post","3":"status-publish","4":"format-standard","5":"has-post-thumbnail","7":"category-locales"},"_links":{"self":[{"href":"https:\/\/radiobitacora.com.ar\/web\/wp-json\/wp\/v2\/posts\/24701","targetHints":{"allow":["GET"]}}],"collection":[{"href":"https:\/\/radiobitacora.com.ar\/web\/wp-json\/wp\/v2\/posts"}],"about":[{"href":"https:\/\/radiobitacora.com.ar\/web\/wp-json\/wp\/v2\/types\/post"}],"author":[{"embeddable":true,"href":"https:\/\/radiobitacora.com.ar\/web\/wp-json\/wp\/v2\/users\/2"}],"replies":[{"embeddable":true,"href":"https:\/\/radiobitacora.com.ar\/web\/wp-json\/wp\/v2\/comments?post=24701"}],"version-history":[{"count":0,"href":"https:\/\/radiobitacora.com.ar\/web\/wp-json\/wp\/v2\/posts\/24701\/revisions"}],"wp:featuredmedia":[{"embeddable":true,"href":"https:\/\/radiobitacora.com.ar\/web\/wp-json\/wp\/v2\/media\/24706"}],"wp:attachment":[{"href":"https:\/\/radiobitacora.com.ar\/web\/wp-json\/wp\/v2\/media?parent=24701"}],"wp:term":[{"taxonomy":"category","embeddable":true,"href":"https:\/\/radiobitacora.com.ar\/web\/wp-json\/wp\/v2\/categories?post=24701"},{"taxonomy":"post_tag","embeddable":true,"href":"https:\/\/radiobitacora.com.ar\/web\/wp-json\/wp\/v2\/tags?post=24701"}],"curies":[{"name":"wp","href":"https:\/\/api.w.org\/{rel}","templated":true}]}}