{"id":24708,"date":"2025-07-07T09:30:35","date_gmt":"2025-07-07T12:30:35","guid":{"rendered":"https:\/\/radiobitacora.com.ar\/web\/?p=24708"},"modified":"2025-07-07T09:38:22","modified_gmt":"2025-07-07T12:38:22","slug":"la-fiesta-del-encuentro-de-la-cultura-el-arte-la-musica-la-historia-y-el-turismo","status":"publish","type":"post","link":"https:\/\/radiobitacora.com.ar\/web\/2025\/07\/07\/la-fiesta-del-encuentro-de-la-cultura-el-arte-la-musica-la-historia-y-el-turismo\/","title":{"rendered":"LA FIESTA DEL ENCUENTRO DE LA CULTURA, EL ARTE, LA M\u00daSICA, LA HISTORIA Y EL TURISMO"},"content":{"rendered":"<p style=\"font-weight: 400;\">Como un resumen del recorrido de estos primeros 3 d\u00edas de feria, se confirma el objetivo trazado desde esta administraci\u00f3n es buscar que sea un lugar que abarque junto a las editoriales presentes, que en esta Edici\u00f3n se han sumado m\u00e1s a la propuesta, todas las posibilidades que reflejen el acontecer local, la m\u00fasica, la gastronom\u00eda, la historia, la literatura con la invitaci\u00f3n de personalidades art\u00edsticas, pol\u00edticas, para completar este cuadro ferial, con la meta de superar cada a\u00f1o las expectativas generadas.<\/p>\n<p><img loading=\"lazy\" decoding=\"async\" class=\"wp-image-24709 alignleft\" src=\"https:\/\/radiobitacora.com.ar\/web\/wp-content\/uploads\/2025\/07\/FERIA-DEL-ENCUENTRO-3-SABADO-PAYASO.jpg\" alt=\"\" width=\"282\" height=\"188\" srcset=\"https:\/\/radiobitacora.com.ar\/web\/wp-content\/uploads\/2025\/07\/FERIA-DEL-ENCUENTRO-3-SABADO-PAYASO.jpg 1600w, https:\/\/radiobitacora.com.ar\/web\/wp-content\/uploads\/2025\/07\/FERIA-DEL-ENCUENTRO-3-SABADO-PAYASO-696x464.jpg 696w, https:\/\/radiobitacora.com.ar\/web\/wp-content\/uploads\/2025\/07\/FERIA-DEL-ENCUENTRO-3-SABADO-PAYASO-1068x712.jpg 1068w, https:\/\/radiobitacora.com.ar\/web\/wp-content\/uploads\/2025\/07\/FERIA-DEL-ENCUENTRO-3-SABADO-PAYASO-630x420.jpg 630w\" sizes=\"auto, (max-width: 282px) 100vw, 282px\" \/><\/p>\n<p style=\"font-weight: 400;\">Como un repaso podemos destacar en la noche inaugural la formidable presentaci\u00f3n, de Sandra Mihanovich, que con sus cl\u00e1sicas canciones cautivo a los espectadores, brindando un show de alto nivel interactuando con los presentes, que hasta se animaron a corear sus canciones.<\/p>\n<p style=\"font-weight: 400;\">De la misma manera el s\u00e1bado con capacitaci\u00f3n para los periodistas, desde la tarde con la presentaci\u00f3n del Coro Infanto juvenil bajo la direcci\u00f3n de la Profesora Selva Vera corrobora el crecimiento de estos coreutas, con una impronta aportada por cada uno de los integrantes del coro.<\/p>\n<p style=\"font-weight: 400;\">Para alegr\u00eda de ni\u00f1os, de las familias el escenario permiti\u00f3 el lugar a las \u201cdisparatadas ocurrencias\u201d del Payaso Filo Fugazzetta, valorado por todos, la manera de comunicar el arte, las habilidades del clown con la t\u00e9cnica del mimo, un lenguaje captado por todos que posibilit\u00f3 que los \u201cmayores\u201d sacaran el ni\u00f1o interior y se prendieron a las travesuras del payaso.<\/p>\n<p style=\"font-weight: 400;\">Los T\u00edteres cobraron vida de la mano de Karen de Micheli con la obra Pedrito y sus amigos del barrio<\/p>\n<p style=\"font-weight: 400;\">La m\u00fasica tuvo su espacio con las Bandas de J\u00f3venes dedicados al Rock, primero los integrantes de la Escuela Municipal de M\u00fasica consolidados en su expresi\u00f3n esc\u00e9nica C\u00f3digo QR ofrecieron un mini concierto con los cover del Rock nacional.<\/p>\n<p style=\"font-weight: 400;\">Del mismo g\u00e9nero otro grupo de j\u00f3venes acompa\u00f1ados por Guillermo Gonz\u00e1lez, tributaron igualmente al Rock Nacional, en este caso la Banda Per C\u00e1pita.<\/p>\n<p><img loading=\"lazy\" decoding=\"async\" class=\"wp-image-24710 alignleft\" src=\"https:\/\/radiobitacora.com.ar\/web\/wp-content\/uploads\/2025\/07\/FERIA-DEL-ENCUENTRO-7-SABADO-QR.jpg\" alt=\"\" width=\"288\" height=\"192\" srcset=\"https:\/\/radiobitacora.com.ar\/web\/wp-content\/uploads\/2025\/07\/FERIA-DEL-ENCUENTRO-7-SABADO-QR.jpg 1600w, https:\/\/radiobitacora.com.ar\/web\/wp-content\/uploads\/2025\/07\/FERIA-DEL-ENCUENTRO-7-SABADO-QR-696x464.jpg 696w, https:\/\/radiobitacora.com.ar\/web\/wp-content\/uploads\/2025\/07\/FERIA-DEL-ENCUENTRO-7-SABADO-QR-1068x712.jpg 1068w, https:\/\/radiobitacora.com.ar\/web\/wp-content\/uploads\/2025\/07\/FERIA-DEL-ENCUENTRO-7-SABADO-QR-630x420.jpg 630w\" sizes=\"auto, (max-width: 288px) 100vw, 288px\" \/><\/p>\n<p style=\"font-weight: 400;\">Una menci\u00f3n la presentaci\u00f3n del Instituto Danzarte con textos rescatados de la memoria y el archivo de Juli\u00e1n Zini, seg\u00fan las explicaciones de su Directora Selva Vera, coreograf\u00eda del ballet ofreciendo en escena un cuadro danzante con un mensaje del cuidado de la naturaleza, nuestros recursos, con la obra Aqua.<\/p>\n<p style=\"font-weight: 400;\">Simult\u00e1neamente en el Sal\u00f3n \u201cCoqui\u201d Correa la SADE Goya realiz\u00f3 sus tradicionales Caf\u00e9 Literario.<\/p>\n<p style=\"font-weight: 400;\">Las disertaciones de la tarde estuvieron dadas por Paulino Rodr\u00edguez en su charla sobre perspectivas electorales 2025, en la continuidad Eduardo Ledesma junto a Carlos Sim\u00f3n present\u00f3 su libro El Iber\u00e1 no tiene misterio.<\/p>\n<p><img loading=\"lazy\" decoding=\"async\" class=\"wp-image-24711 alignleft\" src=\"https:\/\/radiobitacora.com.ar\/web\/wp-content\/uploads\/2025\/07\/FERIA-DEL-ENCUENTRO-4-SABADO.jpg\" alt=\"\" width=\"303\" height=\"202\" srcset=\"https:\/\/radiobitacora.com.ar\/web\/wp-content\/uploads\/2025\/07\/FERIA-DEL-ENCUENTRO-4-SABADO.jpg 1600w, https:\/\/radiobitacora.com.ar\/web\/wp-content\/uploads\/2025\/07\/FERIA-DEL-ENCUENTRO-4-SABADO-696x464.jpg 696w, https:\/\/radiobitacora.com.ar\/web\/wp-content\/uploads\/2025\/07\/FERIA-DEL-ENCUENTRO-4-SABADO-1068x712.jpg 1068w, https:\/\/radiobitacora.com.ar\/web\/wp-content\/uploads\/2025\/07\/FERIA-DEL-ENCUENTRO-4-SABADO-630x420.jpg 630w\" sizes=\"auto, (max-width: 303px) 100vw, 303px\" \/><\/p>\n<p style=\"font-weight: 400;\">Para cerrar las presentaciones el reconocido autor y guionista de cine, adem\u00e1s de profesor de historia Eduardo Sacheri hizo lo propio con su obra \u201cDemasiado Lejos\u201d<\/p>\n<p style=\"font-weight: 400;\">La jornada del s\u00e1bado finaliz\u00f3 musicalmente con las actuaciones del Grupo Ca\u00f1amero Oficial, La Ra\u00edz y Chamamecera y el cierre a cargo de la banda de Rock \u201cPuede Sergio\u201d.<\/p>\n<p style=\"font-weight: 400;\">La Feria recordemos se extiende hasta el 13 de julio con esta modalidad de combinar la literatura, la m\u00fasica, la historia, la pol\u00edtica, en un encuentro destinado a promover la identidad y el turismo de Goya<\/p>\n<p style=\"font-weight: 400;\">Direcci\u00f3n de Prensa-Municipalidad de Goya<\/p>\n","protected":false},"excerpt":{"rendered":"<p>Como un resumen del recorrido de estos primeros 3 d\u00edas de feria, se confirma el objetivo trazado desde esta administraci\u00f3n es buscar que sea un lugar que abarque junto a las editoriales presentes, que en esta Edici\u00f3n se han sumado m\u00e1s a la propuesta, todas las posibilidades que reflejen el acontecer local, la m\u00fasica, la [&hellip;]<\/p>\n","protected":false},"author":2,"featured_media":24712,"comment_status":"closed","ping_status":"closed","sticky":false,"template":"","format":"standard","meta":{"footnotes":""},"categories":[56],"tags":[],"class_list":{"0":"post-24708","1":"post","2":"type-post","3":"status-publish","4":"format-standard","5":"has-post-thumbnail","7":"category-locales"},"_links":{"self":[{"href":"https:\/\/radiobitacora.com.ar\/web\/wp-json\/wp\/v2\/posts\/24708","targetHints":{"allow":["GET"]}}],"collection":[{"href":"https:\/\/radiobitacora.com.ar\/web\/wp-json\/wp\/v2\/posts"}],"about":[{"href":"https:\/\/radiobitacora.com.ar\/web\/wp-json\/wp\/v2\/types\/post"}],"author":[{"embeddable":true,"href":"https:\/\/radiobitacora.com.ar\/web\/wp-json\/wp\/v2\/users\/2"}],"replies":[{"embeddable":true,"href":"https:\/\/radiobitacora.com.ar\/web\/wp-json\/wp\/v2\/comments?post=24708"}],"version-history":[{"count":0,"href":"https:\/\/radiobitacora.com.ar\/web\/wp-json\/wp\/v2\/posts\/24708\/revisions"}],"wp:featuredmedia":[{"embeddable":true,"href":"https:\/\/radiobitacora.com.ar\/web\/wp-json\/wp\/v2\/media\/24712"}],"wp:attachment":[{"href":"https:\/\/radiobitacora.com.ar\/web\/wp-json\/wp\/v2\/media?parent=24708"}],"wp:term":[{"taxonomy":"category","embeddable":true,"href":"https:\/\/radiobitacora.com.ar\/web\/wp-json\/wp\/v2\/categories?post=24708"},{"taxonomy":"post_tag","embeddable":true,"href":"https:\/\/radiobitacora.com.ar\/web\/wp-json\/wp\/v2\/tags?post=24708"}],"curies":[{"name":"wp","href":"https:\/\/api.w.org\/{rel}","templated":true}]}}