{"id":24721,"date":"2025-07-07T10:50:59","date_gmt":"2025-07-07T13:50:59","guid":{"rendered":"https:\/\/radiobitacora.com.ar\/web\/?p=24721"},"modified":"2025-07-07T10:51:22","modified_gmt":"2025-07-07T13:51:22","slug":"exclusivo-las-imagenes-que-confirman-que-10-valijas-de-un-vuelo-privado-de-miami-entraron-al-pais-sin-control","status":"publish","type":"post","link":"https:\/\/radiobitacora.com.ar\/web\/2025\/07\/07\/exclusivo-las-imagenes-que-confirman-que-10-valijas-de-un-vuelo-privado-de-miami-entraron-al-pais-sin-control\/","title":{"rendered":"EXCLUSIVO: LAS IM\u00c1GENES QUE CONFIRMAN QUE 10 VALIJAS DE UN VUELO PRIVADO DE MIAMI ENTRARON AL PA\u00cdS SIN CONTROL"},"content":{"rendered":"<div class=\"article__header article__story article__article\">\n<div class=\"article__head\">\n<div class=\"article__headline-byline-container\">\n<div id=\"StaticHeadlines\">\n<div data-testid=\"headlines\">\n<h2 class=\"article__dropline font__body\">Un avi\u00f3n del empresario Leonardo Scatturice, nuevo due\u00f1o de Flybondi y cercano al Gobierno, present\u00f3 varias irregularidades para la Justicia cuando ingres\u00f3 en febrero de este a\u00f1o. El Ejecutivo hab\u00eda negado fallas en la supervisi\u00f3n.<\/h2>\n<\/div>\n<\/div>\n<div class=\"article__byline\" data-testid=\"byline\">\n<div class=\"author-info\">\n<div class=\"author-image\"><a href=\"https:\/\/tn.com.ar\/autor\/lgeuna\/\" rel=\"author\"><img loading=\"lazy\" decoding=\"async\" class=\"rounded article__author_image\" src=\"https:\/\/tn.com.ar\/resizer\/v2\/https%3A%2F%2Fauthor-service-images-prod-us-east-1.publishing.aws.arc.pub%2Fartear%2Fe87dde27-6b8f-4859-99c3-3f0c66cba969.png?auth=e940a700c268008ec743e402f17c051ab30ea49ab72064aec5ec0ec972aa8b01&amp;width=150\" alt=\"Luciana Geuna\" width=\"1\" height=\"1\" \/><\/a><\/div>\n<\/div>\n<div class=\"author-date\"><\/div>\n<\/div>\n<\/div>\n<div class=\"genoa_description font__body-regular\">Exclusivo: las im\u00e1genes que confirman que 10 valijas de un vuelo de Miami entraron al pa\u00eds sin ning\u00fan control. (Foto: TN).<\/div>\n<div class=\"article__audionote-share\">\n<div class=\"trinity__audio-wrapper\">\n<div class=\"trinity-container\">\n<div class=\"trinity-tts-icon-player-button-wrapper\">\n<div class=\"trinity-player-iframe-wrapper\" data-player-id=\"45d4f37cbcd5dd77eae55c5685004efc\" data-state=\"not_initialized\" data-player-type=\"icon-expandable\"><\/div>\n<\/div>\n<\/div>\n<\/div>\n<\/div>\n<div class=\"trinity-tts-placeholder-icon-player\"><\/div>\n<\/div>\n<\/div>\n<div class=\"default-article-color article__body article__article\">\n<p class=\"paragraph font__body-regular\">El 26 de febrero de este a\u00f1o,\u00a0<b>un<\/b><a title=\"https:\/\/tn.com.ar\/politica\/2025\/03\/12\/el-gobierno-nego-que-la-aduana-haya-evitado-controlar-a-una-pasajera-que-llego-en-un-vuelo-privado-de-miami\/\" href=\"https:\/\/tn.com.ar\/politica\/2025\/03\/12\/el-gobierno-nego-que-la-aduana-haya-evitado-controlar-a-una-pasajera-que-llego-en-un-vuelo-privado-de-miami\/\" target=\"_blank\" rel=\"noopener noreferrer\"><b>\u00a0jet privad<\/b><\/a><b>o de la empresa Royal Class<\/b>, de Leonardo Scatturice -nuevo due\u00f1o de Flybondi y enlace de Javier Milei con Trump y CPAC- habr\u00eda ingresado a<b>\u00a0la Argentina con<\/b><a title=\"https:\/\/tn.com.ar\/politica\/2025\/03\/12\/el-gobierno-nego-que-la-aduana-haya-evitado-controlar-a-una-pasajera-que-llego-en-un-vuelo-privado-de-miami\/\" href=\"https:\/\/tn.com.ar\/politica\/2025\/03\/12\/el-gobierno-nego-que-la-aduana-haya-evitado-controlar-a-una-pasajera-que-llego-en-un-vuelo-privado-de-miami\/\" target=\"_blank\" rel=\"noopener noreferrer\"><b>\u00a010 valijas que no pasaron los controles de equipaje correspondientes.<\/b><\/a>\u00a0La causa que se abri\u00f3 investiga las\u00a0<b>irregularidades<\/b>\u00a0que se presentaron en la llegada<b>\u00a0y salida del avi\u00f3n, que indican un posible\u00a0<\/b><a title=\"https:\/\/tn.com.ar\/politica\/2025\/03\/12\/el-gobierno-nego-que-la-aduana-haya-evitado-controlar-a-una-pasajera-que-llego-en-un-vuelo-privado-de-miami\/\" href=\"https:\/\/tn.com.ar\/politica\/2025\/03\/12\/el-gobierno-nego-que-la-aduana-haya-evitado-controlar-a-una-pasajera-que-llego-en-un-vuelo-privado-de-miami\/\" target=\"_blank\" rel=\"noopener noreferrer\"><b>contrabando<\/b><\/a><b>.<\/b><\/p>\n<p class=\"paragraph font__body-regular\">El vuelo privado arrib\u00f3 en el Aeroparque Jorge Newbery a la ma\u00f1ana del 26. En \u00e9l viajaba\u00a0<b>Laura Bel\u00e9n Arrieta<\/b>, gerente de operaciones corporativas de OCP TECH y dos tripulantes: Jos\u00e9 Luis Donato Bresciano y Juan Pablo Pinto.<\/p>\n<p class=\"paragraph font__body-regular\"><i><b>Le\u00e9 tambi\u00e9n:\u00a0<\/b><\/i><a title=\"https:\/\/tn.com.ar\/politica\/2025\/03\/12\/el-gobierno-nego-que-la-aduana-haya-evitado-controlar-a-una-pasajera-que-llego-en-un-vuelo-privado-de-miami\/\" href=\"https:\/\/tn.com.ar\/politica\/2025\/03\/12\/el-gobierno-nego-que-la-aduana-haya-evitado-controlar-a-una-pasajera-que-llego-en-un-vuelo-privado-de-miami\/\" target=\"_self\" rel=\"\"><i><b>El Gobierno neg\u00f3 que no se haya controlado un vuelo privado en el que lleg\u00f3 al pa\u00eds una dirigente conservadora<\/b><\/i><\/a><\/p>\n<p class=\"paragraph font__body-regular\">El avi\u00f3n estuvo en la Argentina\u00a0<b>hasta el 5 de marzo, y se fue a Par\u00eds con la misma pasajera y tripulaci\u00f3n.<\/b>\u00a0A ellos se sum\u00f3 V\u00edctor Germ\u00e1n Du Plooy, gerente de negocios corporativos de OCP que hab\u00eda arribado previamente en el aeropuerto de Ezeiza el d\u00eda 3 de marzo, en un vuelo comercial.<\/p>\n<p class=\"paragraph font__body-regular\">Frente a las sospechas que surgieron a partir de este vuelo, la Procuradur\u00eda de Investigaciones Administrativas abri\u00f3 una investigaci\u00f3n preliminar y pidi\u00f3 todos los informes de PSA, Royal Class y Aduana.<b>\u00a0Adem\u00e1s, la Justicia pidi\u00f3 los videos de aeroparque y declaraciones de funcionarios jer\u00e1rquicos que intervinieron.<\/b><\/p>\n<p class=\"paragraph font__body-regular\">Las irregularidades que se encontraron se detallaron en un dictamen de 60 p\u00e1ginas, que tambi\u00e9n\u00a0<b>adjunt\u00f3 las capturas de pantalla que demuestran que el avi\u00f3n llevaba 10 valijas, pero solo se declararon cinco.<\/b>\u00a0El contenido de ese informe fue revelado por\u00a0<b>TN<\/b>\u00a0en el programa\u00a0<i><b>\u00bfY ma\u00f1ana qu\u00e9?<\/b><\/i><\/p>\n<p class=\"paragraph font__body-regular\">Ni bien se conoci\u00f3 el ingreso del vuelo de la empresa Royal Class, el Ejecutivo fue consultado sobre las valijas que ingresaron sin control a la Argentina.<\/p>\n<p class=\"paragraph font__body-regular\">&#8220;<b>Esta persona se someti\u00f3 a todos los controles de Aduana sin detectarse nada extra\u00f1o, siguiendo los protocolos, cumpliendo con la normativa<\/b>\u201d, asegur\u00f3 entonces Manuel Adorni, vocero presidencial, durante una conferencia de prensa en Casa Rosada.<\/p>\n<h2 class=\"font--primary font__display\">La lista de irregularidades que encontr\u00f3 la Justicia<\/h2>\n<p class=\"paragraph font__body-regular\">Para los fiscales de la causa, los pasajeros del jet privado no pasaron por los controles de equipaje, y solo declararon la mitad de los bultos.<b>\u00a0Tampoco hubo registros de control continuo del avi\u00f3n mientras estuvo en el hangar de Aeroparque.<\/b><\/p>\n<p class=\"paragraph font__body-regular\">Asimismo, se encontraron<b>\u00a0inconsistencias en los registros migratorios de tripulantes y pasajeros en el vuelo de entrada y salida.<\/b>\u00a0Se dec\u00eda que ven\u00eda de Fort Lauderdale (KFLL),<b>\u00a0pero en realidad parti\u00f3 de Opa-locka (KOPF).<\/b>\u00a0Lo mismo ocurre el 5 de marzo: mientras que\u00a0<b>el registro oficial de Migraciones indica que se dirigi\u00f3 con destino a Fort Lauderdale, Estados Unidos, en realidad el vuelo fue a Par\u00eds,\u00a0<\/b>con escala previa en el Aeropuerto de Tenerife Sur, en las\u00a0<b>Islas Canarias<\/b>, Espa\u00f1a.<\/p>\n<p class=\"paragraph font__body-regular\">Otra de las inconsistencias encontradas se basa en que en\u00a0<b>ANAC no registr\u00f3 al avi\u00f3n.<\/b><\/p>\n<figure class=\"\" data-testid=\"figure-testid\"><figcaption class=\"caption_image\" data-testid=\"figcaption-testid\">\n<div class=\"image_caption \"><\/div>\n<\/figcaption><\/figure>\n<h2 class=\"font--primary font__display\">Las im\u00e1genes del descontrol<\/h2>\n<p class=\"paragraph font__body-regular\">\u201cMientras el \u00e1rea se encontraba libre de aglomeraciones, los tripulantes y la pasajera del vuelo N18RU fueron reconducidos por personal aduanero (&#8230;)\u00a0<b>sin atravesar los esc\u00e1neres ni ser sometidos a la revisi\u00f3n del equipaje<\/b>\u201c, expres\u00f3 el dictamen de los fiscales.<\/p>\n<p class=\"paragraph font__body-regular\">Sin embargo, la Justicia evalu\u00f3 que otros pasajeros que ingresaron al sector\u00a0<b>\u201csin excepci\u00f3n fueron cometidos al control de equipajes\u201d.<\/b><\/p>\n<p class=\"paragraph font__body-regular\">\u201cEsta diferencia en el tratamiento resulta particularmente significativa, ya que no obedeci\u00f3 a una situaci\u00f3n de congesti\u00f3n ni a una saturaci\u00f3n operativa que justificara una alteraci\u00f3n en la din\u00e1mica de control (&#8230;).<b>\u00a0El desv\u00edo fue una decisi\u00f3n expresa y directa del personal aduanero,<\/b>\u00a0adoptada a pesar de la disponibilidad de medios tecnol\u00f3gicos para llevar a cabo la inspecci\u00f3n<i>\u201c,\u00a0<\/i>agreg\u00f3 el documento.<\/p>\n<figure class=\"\" data-testid=\"figure-testid\">\n<div class=\"aspect_ratio__container\"><picture class=\"responsive-image\"><source srcset=\"https:\/\/tn.com.ar\/resizer\/v2\/el-ingreso-de-los-pasajeros-del-avion-y-de-las-valijas-foto-tn-T4VP3Z3UVRCQ3DLO6N7P2GF7RY.png?auth=8487a36768a7b7702b89319269f4a2e36de842dc37f097c1154b7802873fbaf0&amp;width=767\" type=\"image\/jpg\" media=\"(max-width: 728px)\" \/><source srcset=\"https:\/\/tn.com.ar\/resizer\/v2\/el-ingreso-de-los-pasajeros-del-avion-y-de-las-valijas-foto-tn-T4VP3Z3UVRCQ3DLO6N7P2GF7RY.png?auth=8487a36768a7b7702b89319269f4a2e36de842dc37f097c1154b7802873fbaf0&amp;width=1023\" type=\"image\/jpg\" media=\"(max-width: 1023px)\" \/><source srcset=\"https:\/\/tn.com.ar\/resizer\/v2\/el-ingreso-de-los-pasajeros-del-avion-y-de-las-valijas-foto-tn-T4VP3Z3UVRCQ3DLO6N7P2GF7RY.png?auth=8487a36768a7b7702b89319269f4a2e36de842dc37f097c1154b7802873fbaf0&amp;width=1440\" type=\"image\/jpg\" \/><img loading=\"lazy\" decoding=\"async\" class=\"image content-image image_placeholder\" src=\"https:\/\/tn.com.ar\/resizer\/v2\/el-ingreso-de-los-pasajeros-del-avion-y-de-las-valijas-foto-tn-T4VP3Z3UVRCQ3DLO6N7P2GF7RY.png?auth=8487a36768a7b7702b89319269f4a2e36de842dc37f097c1154b7802873fbaf0&amp;width=767\" alt=\"El ingreso de los pasajeros del avi\u00f3n y de las valijas. (Foto: TN).\" width=\"767\" height=\"763\" data-testid=\"loading-testid\" \/><\/picture><\/div><figcaption class=\"caption_image\" data-testid=\"figcaption-testid\">\n<div class=\"image_caption \">El ingreso de los pasajeros del avi\u00f3n y de las valijas. (Foto: TN).<\/div>\n<\/figcaption><\/figure>\n<p class=\"paragraph font__body-regular\">Para la Justicia tambi\u00e9n se necesita identificar qu\u00e9 personas estuvieron durante esa escena:<b>\u00a0\u201cEste hecho se produjo ante la mirada de funcionarios encargados del control<\/b>, que no solo presenciaron la situaci\u00f3n, sino que\u00a0<b>tambi\u00e9n facilitaron activamente el acceso exclusivo<\/b>\u00a0del grupo\u201d.<\/p>\n<figure class=\"\" data-testid=\"figure-testid\">\n<div class=\"aspect_ratio__container\"><picture class=\"responsive-image\"><source srcset=\"https:\/\/tn.com.ar\/resizer\/v2\/uno-de-los-tripulantes-del-avion-es-dirigido-por-un-agente-aduanero-para-evitar-el-control-de-valijas-foto-tn-T7F4VIG6QJD33IQ5X3CM2G74GI.png?auth=85d9f446be819c65a6dcd9a84a11031696f1877fd829128e0c840e5047fb77d2&amp;width=767\" type=\"image\/jpg\" media=\"(max-width: 728px)\" \/><source srcset=\"https:\/\/tn.com.ar\/resizer\/v2\/uno-de-los-tripulantes-del-avion-es-dirigido-por-un-agente-aduanero-para-evitar-el-control-de-valijas-foto-tn-T7F4VIG6QJD33IQ5X3CM2G74GI.png?auth=85d9f446be819c65a6dcd9a84a11031696f1877fd829128e0c840e5047fb77d2&amp;width=1023\" type=\"image\/jpg\" media=\"(max-width: 1023px)\" \/><source srcset=\"https:\/\/tn.com.ar\/resizer\/v2\/uno-de-los-tripulantes-del-avion-es-dirigido-por-un-agente-aduanero-para-evitar-el-control-de-valijas-foto-tn-T7F4VIG6QJD33IQ5X3CM2G74GI.png?auth=85d9f446be819c65a6dcd9a84a11031696f1877fd829128e0c840e5047fb77d2&amp;width=1440\" type=\"image\/jpg\" \/><img loading=\"lazy\" decoding=\"async\" class=\"image content-image image_placeholder\" src=\"https:\/\/tn.com.ar\/resizer\/v2\/uno-de-los-tripulantes-del-avion-es-dirigido-por-un-agente-aduanero-para-evitar-el-control-de-valijas-foto-tn-T7F4VIG6QJD33IQ5X3CM2G74GI.png?auth=85d9f446be819c65a6dcd9a84a11031696f1877fd829128e0c840e5047fb77d2&amp;width=767\" alt=\"Uno de los tripulantes del avi\u00f3n es dirigido por un agente aduanero para evitar el control de valijas. (Foto: TN).\" width=\"767\" height=\"367\" data-testid=\"loading-testid\" \/><\/picture><\/div><figcaption class=\"caption_image\" data-testid=\"figcaption-testid\">\n<div class=\"image_caption \">Uno de los tripulantes del avi\u00f3n es dirigido por un agente aduanero para evitar el control de valijas. (Foto: TN).<\/div>\n<\/figcaption><\/figure>\n<p class=\"paragraph font__body-regular\">A diferencia de lo manifestado por Royal Class, que dijo que no se observ\u00f3 a nadie ingresando al avi\u00f3n durante su estad\u00eda completa en la Argentina, el Ministerio P\u00fablico Fiscal analiz\u00f3 las grabaciones del hangar que tom\u00f3 la Polic\u00eda Federal y no tuvo la misma conclusi\u00f3n:\u00a0<b>\u201cSe revelan filmaciones parciales con huecos temporales donde no es posible observar ni monitorear de manera continua el estado ni la posici\u00f3n de la aeronave<\/b>\u00a0durante el lapso comprendido entre su \u2018sellado\u2019\u201d. El procedimiento del cierre \u201cno tuvo ning\u00fan aval oficial\u201d, sum\u00f3 el dictamen.<\/p>\n<p class=\"paragraph font__body-regular\"><i><b>Le\u00e9 tambi\u00e9n:\u00a0<\/b><\/i><a title=\"https:\/\/tn.com.ar\/policiales\/2024\/12\/10\/la-aduana-le-secuestro-a-una-empresa-celulares-valuados-en-170-millones-la-millonaria-multa-que-debera-pagar\/\" href=\"https:\/\/tn.com.ar\/policiales\/2024\/12\/10\/la-aduana-le-secuestro-a-una-empresa-celulares-valuados-en-170-millones-la-millonaria-multa-que-debera-pagar\/\" target=\"_self\" rel=\"\"><i><b>La Aduana le secuestr\u00f3 a una empresa celulares valuados en $170 millones: la millonaria multa que deber\u00e1 pagar<\/b><\/i><\/a><\/p>\n<figure class=\"\" data-testid=\"figure-testid\">\n<div class=\"aspect_ratio__container\"><picture class=\"responsive-image\"><source srcset=\"https:\/\/tn.com.ar\/resizer\/v2\/la-salida-de-las-personas-del-avion-sin-pasar-por-los-controles-de-aduana-foto-tn-6YLGJESANZFQXGT5ZWKVO4UMAI.png?auth=bcd5e56b1888b06440abb5d382e7be83e54fb958f26b5e01b61ea1a4cbc90e3d&amp;width=767\" type=\"image\/jpg\" media=\"(max-width: 728px)\" \/><source srcset=\"https:\/\/tn.com.ar\/resizer\/v2\/la-salida-de-las-personas-del-avion-sin-pasar-por-los-controles-de-aduana-foto-tn-6YLGJESANZFQXGT5ZWKVO4UMAI.png?auth=bcd5e56b1888b06440abb5d382e7be83e54fb958f26b5e01b61ea1a4cbc90e3d&amp;width=1023\" type=\"image\/jpg\" media=\"(max-width: 1023px)\" \/><source srcset=\"https:\/\/tn.com.ar\/resizer\/v2\/la-salida-de-las-personas-del-avion-sin-pasar-por-los-controles-de-aduana-foto-tn-6YLGJESANZFQXGT5ZWKVO4UMAI.png?auth=bcd5e56b1888b06440abb5d382e7be83e54fb958f26b5e01b61ea1a4cbc90e3d&amp;width=1440\" type=\"image\/jpg\" \/><img loading=\"lazy\" decoding=\"async\" class=\"image content-image image_placeholder\" src=\"https:\/\/tn.com.ar\/resizer\/v2\/la-salida-de-las-personas-del-avion-sin-pasar-por-los-controles-de-aduana-foto-tn-6YLGJESANZFQXGT5ZWKVO4UMAI.png?auth=bcd5e56b1888b06440abb5d382e7be83e54fb958f26b5e01b61ea1a4cbc90e3d&amp;width=767\" alt=\"La salida de las personas del avi\u00f3n sin pasar por los controles de Aduana. (Foto: TN).\" width=\"767\" height=\"379\" data-testid=\"loading-testid\" \/><\/picture><\/div><figcaption class=\"caption_image\" data-testid=\"figcaption-testid\">\n<div class=\"image_caption \">La salida de las personas del avi\u00f3n sin pasar por los controles de Aduana. (Foto: TN).<\/div>\n<\/figcaption><\/figure>\n<h2 class=\"font--primary font__display\">El misterio del celular de la pasajera del jet privado<\/h2>\n<p class=\"paragraph font__body-regular\">El Ministerio P\u00fablico Fiscal tambi\u00e9n detall\u00f3 que -en las im\u00e1genes que se recolectaron-\u00a0<b>se puede observar a la pasajera Arrieta con un \u201ccomportamiento inusual\u201d<\/b>. Seg\u00fan la opini\u00f3n de la Justicia, la mujer\u00a0<b>baj\u00f3 del avi\u00f3n con \u201cun tel\u00e9fono celular que habr\u00eda sido entregado a una agente de la Aduana, que respondi\u00f3 con un gesto de \u2018okey\u2019\u201d.<\/b><\/p>\n<p class=\"paragraph font__body-regular\">Frente a este contexto, los fiscales pidieron medidas pertinentes para\u00a0<b>identificar<\/b>\u00a0de manera fehaciente a la agente aduanera.<b>\u00a0Tambi\u00e9n pidieron identificar a otros actores<\/b>\u00a0que estuvieron durante el aterrizaje del jet privado y que los pasajeros del vuelo\u00a0<b>ampl\u00eden su declaraci\u00f3n<\/b>\u00a0sobre los hechos.<\/p>\n<\/div>\n","protected":false},"excerpt":{"rendered":"<p>Un avi\u00f3n del empresario Leonardo Scatturice, nuevo due\u00f1o de Flybondi y cercano al Gobierno, present\u00f3 varias irregularidades para la Justicia cuando ingres\u00f3 en febrero de este a\u00f1o. El Ejecutivo hab\u00eda negado fallas en la supervisi\u00f3n. Exclusivo: las im\u00e1genes que confirman que 10 valijas de un vuelo de Miami entraron al pa\u00eds sin ning\u00fan control. (Foto: [&hellip;]<\/p>\n","protected":false},"author":2,"featured_media":24722,"comment_status":"closed","ping_status":"closed","sticky":false,"template":"","format":"standard","meta":{"footnotes":""},"categories":[84],"tags":[],"class_list":{"0":"post-24721","1":"post","2":"type-post","3":"status-publish","4":"format-standard","5":"has-post-thumbnail","7":"category-policiales"},"_links":{"self":[{"href":"https:\/\/radiobitacora.com.ar\/web\/wp-json\/wp\/v2\/posts\/24721","targetHints":{"allow":["GET"]}}],"collection":[{"href":"https:\/\/radiobitacora.com.ar\/web\/wp-json\/wp\/v2\/posts"}],"about":[{"href":"https:\/\/radiobitacora.com.ar\/web\/wp-json\/wp\/v2\/types\/post"}],"author":[{"embeddable":true,"href":"https:\/\/radiobitacora.com.ar\/web\/wp-json\/wp\/v2\/users\/2"}],"replies":[{"embeddable":true,"href":"https:\/\/radiobitacora.com.ar\/web\/wp-json\/wp\/v2\/comments?post=24721"}],"version-history":[{"count":0,"href":"https:\/\/radiobitacora.com.ar\/web\/wp-json\/wp\/v2\/posts\/24721\/revisions"}],"wp:featuredmedia":[{"embeddable":true,"href":"https:\/\/radiobitacora.com.ar\/web\/wp-json\/wp\/v2\/media\/24722"}],"wp:attachment":[{"href":"https:\/\/radiobitacora.com.ar\/web\/wp-json\/wp\/v2\/media?parent=24721"}],"wp:term":[{"taxonomy":"category","embeddable":true,"href":"https:\/\/radiobitacora.com.ar\/web\/wp-json\/wp\/v2\/categories?post=24721"},{"taxonomy":"post_tag","embeddable":true,"href":"https:\/\/radiobitacora.com.ar\/web\/wp-json\/wp\/v2\/tags?post=24721"}],"curies":[{"name":"wp","href":"https:\/\/api.w.org\/{rel}","templated":true}]}}