{"id":24733,"date":"2025-07-07T21:54:22","date_gmt":"2025-07-08T00:54:22","guid":{"rendered":"https:\/\/radiobitacora.com.ar\/web\/?p=24733"},"modified":"2025-07-07T21:54:22","modified_gmt":"2025-07-08T00:54:22","slug":"pedro-braillard-poccard-en-la-feria-del-libro-goya-2025-no-son-solo-las-memorias-de-mazzanti-es-la-memoria-de-goya","status":"publish","type":"post","link":"https:\/\/radiobitacora.com.ar\/web\/2025\/07\/07\/pedro-braillard-poccard-en-la-feria-del-libro-goya-2025-no-son-solo-las-memorias-de-mazzanti-es-la-memoria-de-goya\/","title":{"rendered":"PEDRO BRAILLARD POCCARD EN LA FERIA DEL LIBRO GOYA 2025: \u201cNO SON SOLO LAS MEMORIAS DE MAZZANTI, ES LA MEMORIA DE GOYA\u201d"},"content":{"rendered":"<p style=\"font-weight: 400;\">En la tercera jornada de la 7\u00aa Edici\u00f3n de la Feria del Libro Goya 2025, el domingo por la tarde, se vivi\u00f3 un momento cargado de historia con la presentaci\u00f3n del libro \u201cLas Memorias de Mazzanti<em>\u201d<\/em>, a cargo del senador provincial Lic. Ignacio Osella. El evento cont\u00f3 con la destacada presencia del Vicegobernador de la Provincia de Corrientes, Dr. Pedro Braillard Poccard, quien acompa\u00f1\u00f3 la disertaci\u00f3n y brind\u00f3 una entrevista en la que comparti\u00f3 sus impresiones sobre la feria, el libro y el valor de recuperar la historia desde la voz de sus protagonistas.<\/p>\n<p style=\"font-weight: 400;\">Al iniciar el di\u00e1logo con la prensa, el vicegobernador manifest\u00f3 su reconocimiento hacia el evento cultural m\u00e1s importante del a\u00f1o en la ciudad: \u201cEn primer lugar quiero felicitar a los organizadores de la Feria del Libro y a la gente, porque es una asistencia m\u00e1s que importante la que vemos hoy ac\u00e1. Estos eventos, como digo siempre, no tendr\u00edan \u00e9xito si no contaran con el acompa\u00f1amiento del p\u00fablico, y ac\u00e1 gran parte de la ciudad de Goya est\u00e1 presente\u201d, expres\u00f3.<\/p>\n<p style=\"font-weight: 400;\">Adem\u00e1s de acompa\u00f1ar a Osella, Braillard Poccard explic\u00f3 que desde el Senado provincial se viene desarrollando un fuerte trabajo cultural que incluye a distintas expresiones art\u00edsticas y editoriales: \u201cTenemos una actividad cultural muy intensa en el Senado, que se expresa a trav\u00e9s de nuestros elencos estables: el Coro Coral Corrientes, que fue fundado en mi anterior mandato, y que ya tiene un prestigio; la Orquesta Filarm\u00f3nica Juvenil; el Ballet Folkl\u00f3rico Juvenil; el ballet de ni\u00f1os y la orquesta infantil que se llama \u2018Los Bomberitos Cantores\u2019. Y ahora hemos incorporado el cap\u00edtulo de l\u00edrica. Por segunda vez hemos impreso un libro: primero fue con la memoria de Pedro Ferr\u00e9, y ahora con la memoria de Don Tom\u00e1s Mazzanti\u201d, detall\u00f3.<\/p>\n<p style=\"font-weight: 400;\">Sobre el libro, subray\u00f3 su particular valor testimonial: \u201cLa memoria de Mazzanti tiene una caracter\u00edstica muy especial. Yo lo trataba de se\u00f1alar, m\u00e1s all\u00e1 de la brillante exposici\u00f3n que hizo el senador Osella\u201d, dijo.<\/p>\n<p style=\"font-weight: 400;\">\u201cLo que a m\u00ed me impresion\u00f3 \u2014y me gusta leer historia\u2014 es que una cosa es la historia escrita por un historiador, con rigor cient\u00edfico, y otra cosa es la historia escrita por el protagonista. Yo me olvid\u00e9, por ejemplo, de un cap\u00edtulo que refiere a la guerra del Paraguay, que ac\u00e1 es vista desde otro punto de vista. Uno ha le\u00eddo sobre la guerra del Paraguay con autores como Mantilla, G\u00f3mez, Castelo, y ahora con el subdirector del archivo de la provincia, Ramiro Bracci. Pero ac\u00e1 habla el protagonista, con sus pasiones. Nos re\u00edamos con Ignacio porque dec\u00edamos que era un tano chinchudo, pero ten\u00eda una pluma realmente cautivante. Uno se sienta a leer y no puede dejar el libro\u201d, remarc\u00f3.<\/p>\n<p style=\"font-weight: 400;\">El vicegobernador tambi\u00e9n valor\u00f3 la importancia de este tipo de obras que permiten conectar con la vida cotidiana del siglo XIX: \u201cDescribe la realidad de esa \u00e9poca, que es totalmente inimaginable para muchos. Ignacio citaba un episodio que a m\u00ed me llam\u00f3 la atenci\u00f3n: cuando Mazzanti llega por ac\u00e1, alguien le dice \u2018Vamos a ir hasta la ciudad de Goya\u2019, y mientras caminan, \u00e9l pregunta \u2018\u00bfCu\u00e1nto falta para llegar a Goya?\u2019 y le responden: \u2018No, mire, esto es la ciudad de Goya\u2019. Ese era el origen de nuestras ciudades\u201d, relat\u00f3 con asombro.<\/p>\n<p style=\"font-weight: 400;\">\u201cYo citaba que unos a\u00f1os antes, cuando anduvo el franc\u00e9s d\u2019Orbigny por la ciudad capital, Corrientes ten\u00eda 6.000 o 7.000 habitantes\u201d, record\u00f3.<\/p>\n<p style=\"font-weight: 400;\">\u201cEn esa \u00e9poca, muy pocas casas ten\u00edan vidrio. Era una muestra de la precariedad que viv\u00edamos. Sin embargo, ya ten\u00edamos un impulso cultural, porque f\u00edjese que una de las primeras cosas que quer\u00edan hacer era un teatro y una sociedad italiana. Eso hay que valorarlo y agradecerlo a los inmigrantes que dejaron sus tierras por diferentes motivos. Vinieron ac\u00e1 a hacer patria, porque no vinieron a enriquecerse ni a volverse, vinieron a quedarse, a dejar lo que ten\u00edan ac\u00e1\u201d, sostuvo.<\/p>\n<p style=\"font-weight: 400;\">En cuanto al futuro del libro, el vicegobernador adelant\u00f3 que la edici\u00f3n, por ahora limitada, apunta a llegar a las instituciones p\u00fablicas: \u201cEntiendo que se imprimieron 200 ejemplares. Vamos a tratar de hacer una buena cantidad m\u00e1s. Vamos a ver si le buscamos la vuelta para que se puedan vender, porque por ahora va a bibliotecas y escuelas. El Senado no hace negocio con esto. Pero se me ocurri\u00f3 ac\u00e1 la idea de crear un fondo, voy a hablar con el Tribunal de Cuentas, para que ese fondo permita recaudar dinero que se destine a nuevas ediciones e impresiones de autores correntinos\u201d, propuso.<\/p>\n<p style=\"font-weight: 400;\">El libro ha despertado gran inter\u00e9s entre el p\u00fablico que asiste a la feria, tanto por la figura de Mazzanti como por los hechos hist\u00f3ricos que narra. Para Braillard Poccard, es una oportunidad para reencontrarse con el alma de la ciudad: \u201cEste libro permite conocer un poco m\u00e1s la historia de Goya. Partiendo de la base de que, al ser el protagonista quien escribe, hay pasajes que por ah\u00ed nos hacen re\u00edr. Comentarios sobre familias, situaciones personales\u2026 Nos re\u00edamos con Ignacio porque por ah\u00ed este habla de alguien y hay que tomarlo con humor. Yo tambi\u00e9n hoy puedo discutir con un amigo y decir de todo, y al d\u00eda siguiente no es as\u00ed. Son las pasiones del momento. Pero tambi\u00e9n hay que pensar contra lo que tuvieron que luchar. Don Tom\u00e1s Mazzanti perdi\u00f3 dos hijos por enfermedad, uno por fiebre amarilla. Eran las tragedias de aquel tiempo, con un desarrollo muy incipiente de las ciencias m\u00e9dicas. Contra todo eso luchaban. Y segu\u00edan adelante. Y amaban esta tierra\u201d, indic\u00f3.<\/p>\n<p style=\"font-weight: 400;\">Consultado sobre su presencia en la Feria, Braillard Poccard confes\u00f3 que fue su primera visita al evento local: \u201cEs la primera vez que vengo a esta Feria del Libro. Siempre voy a la de Corrientes, y tambi\u00e9n he ido a las de Alvear y Paso de los Libres, pero a la de Goya no. La verdad es que estoy gratamente sorprendido y los felicito\u201d, dijo.<\/p>\n<p style=\"font-weight: 400;\">Respecto a la visi\u00f3n cultural de Mazzanti, resalt\u00f3 el car\u00e1cter pionero de su legado: \u201cYo creo que, en esa \u00e9poca, la actividad cultural m\u00e1s importante era el teatro. Y eso lo se\u00f1alaba muy bien Ignacio: muchos de estos proyectos culturales, como los teatros, fueron impulsados por hombres y mujeres de origen italiano\u201d, explic\u00f3.<\/p>\n<p style=\"font-weight: 400;\">Tambi\u00e9n ponder\u00f3 el patrimonio que fue construy\u00e9ndose con el tiempo: \u201cF\u00edjese que el Teatro Vera, que ya tiene m\u00e1s de 100 a\u00f1os, es uno de los mejores teatros l\u00edricos de la Argentina. No s\u00e9 si, aparte del Teatro Col\u00f3n y uno o dos m\u00e1s, hay otros con la ac\u00fastica que tiene ese teatro. Eso demuestra que hubo una pl\u00e9yade de hombres y mujeres que le dieron a la cultura una importancia especial, y eso nos hizo crecer\u201d, analiz\u00f3.<\/p>\n<p style=\"font-weight: 400;\">\u201cPensemos que, en apenas 100 a\u00f1os, Goya pas\u00f3 de ser un conjunto de no m\u00e1s de 40 viviendas a una ciudad de m\u00e1s de 100.000 habitantes, que es referente en muchas cosas. Es porque algo se hizo bien. Por eso felicito a la gente de Goya que trabaje sobre sus memorias, porque no se trata solo de las memorias de Don Tom\u00e1s Mazzanti: es la memoria de Goya\u201d, afirm\u00f3 con convicci\u00f3n.<\/p>\n<p style=\"font-weight: 400;\">Para cerrar, el vicegobernador valor\u00f3 el trabajo de recuperaci\u00f3n identitaria que impulsa el gobierno local: \u201cHay que rescatar que no se pierda todo eso. Seguramente hay otros aportes que tambi\u00e9n valen la pena ser rescatados\u201d, se\u00f1al\u00f3.<\/p>\n<p style=\"font-weight: 400;\">\u201cCelebro la apuesta del intendente Hormaechea de que Goya tenga su \u201clibro de identidad\u201d, su carta de presentaci\u00f3n. Se est\u00e1 trabajando en eso y es muy valioso\u201d, consider\u00f3.<\/p>\n<p style=\"font-weight: 400;\">Y concluy\u00f3 con una an\u00e9cdota que ilustra el esp\u00edritu de pertenencia goyano: \u201cAbsolutamente. Adem\u00e1s, los goyanos est\u00e1n muy orgullosos de s\u00ed mismos, y los felicito por eso. Siempre nos re\u00edamos en la facultad, cuando alg\u00fan compa\u00f1ero dec\u00eda: \u2018No soy correntino, soy goyano\u2019. Est\u00e1 bien. El orgullo es parte de la personalidad y de la identidad. As\u00ed que adelante\u201d, finaliz\u00f3 el Dr. Pedro Braillard Poccard.<\/p>\n<p style=\"font-weight: 400;\">\n<p style=\"font-weight: 400;\">\n<p style=\"font-weight: 400;\">Direcci\u00f3n de Prensa \u2013 Municipalidad de Goya.<\/p>\n","protected":false},"excerpt":{"rendered":"<p>En la tercera jornada de la 7\u00aa Edici\u00f3n de la Feria del Libro Goya 2025, el domingo por la tarde, se vivi\u00f3 un momento cargado de historia con la presentaci\u00f3n del libro \u201cLas Memorias de Mazzanti\u201d, a cargo del senador provincial Lic. Ignacio Osella. El evento cont\u00f3 con la destacada presencia del Vicegobernador de la [&hellip;]<\/p>\n","protected":false},"author":2,"featured_media":24734,"comment_status":"closed","ping_status":"closed","sticky":false,"template":"","format":"standard","meta":{"footnotes":""},"categories":[1],"tags":[],"class_list":{"0":"post-24733","1":"post","2":"type-post","3":"status-publish","4":"format-standard","5":"has-post-thumbnail","7":"category-sin-categoria"},"_links":{"self":[{"href":"https:\/\/radiobitacora.com.ar\/web\/wp-json\/wp\/v2\/posts\/24733","targetHints":{"allow":["GET"]}}],"collection":[{"href":"https:\/\/radiobitacora.com.ar\/web\/wp-json\/wp\/v2\/posts"}],"about":[{"href":"https:\/\/radiobitacora.com.ar\/web\/wp-json\/wp\/v2\/types\/post"}],"author":[{"embeddable":true,"href":"https:\/\/radiobitacora.com.ar\/web\/wp-json\/wp\/v2\/users\/2"}],"replies":[{"embeddable":true,"href":"https:\/\/radiobitacora.com.ar\/web\/wp-json\/wp\/v2\/comments?post=24733"}],"version-history":[{"count":0,"href":"https:\/\/radiobitacora.com.ar\/web\/wp-json\/wp\/v2\/posts\/24733\/revisions"}],"wp:featuredmedia":[{"embeddable":true,"href":"https:\/\/radiobitacora.com.ar\/web\/wp-json\/wp\/v2\/media\/24734"}],"wp:attachment":[{"href":"https:\/\/radiobitacora.com.ar\/web\/wp-json\/wp\/v2\/media?parent=24733"}],"wp:term":[{"taxonomy":"category","embeddable":true,"href":"https:\/\/radiobitacora.com.ar\/web\/wp-json\/wp\/v2\/categories?post=24733"},{"taxonomy":"post_tag","embeddable":true,"href":"https:\/\/radiobitacora.com.ar\/web\/wp-json\/wp\/v2\/tags?post=24733"}],"curies":[{"name":"wp","href":"https:\/\/api.w.org\/{rel}","templated":true}]}}