{"id":24739,"date":"2025-07-07T21:56:04","date_gmt":"2025-07-08T00:56:04","guid":{"rendered":"https:\/\/radiobitacora.com.ar\/web\/?p=24739"},"modified":"2025-07-07T21:56:04","modified_gmt":"2025-07-08T00:56:04","slug":"taekwondo-goya-brillo-en-el-argentina-taekwondo-tour-en-resistencia","status":"publish","type":"post","link":"https:\/\/radiobitacora.com.ar\/web\/2025\/07\/07\/taekwondo-goya-brillo-en-el-argentina-taekwondo-tour-en-resistencia\/","title":{"rendered":"TAEKWONDO GOYA BRILL\u00d3 EN EL ARGENTINA TAEKWONDO TOUR EN RESISTENCIA"},"content":{"rendered":"<p>El pasado domingo, el equipo de Taekwondo Goya tuvo una sobresaliente participaci\u00f3n en una nueva fecha del Argentina Taekwondo Tour, desarrollada en el Club Don Bosco de la ciudad de Resistencia, Chaco. La delegaci\u00f3n goyana, integrada por 18 competidores, logr\u00f3 una destacada cosecha de medallas: 12 de oro, 5 de plata y 10 de bronce, consolidando su nivel y compromiso en la competencia regional.<\/p>\n<p>Los representantes locales pertenecen a la escuela del Maestro Oscar Ferrero, actualmente a cargo de los instructores Sabonim Marianela Alfaro, M\u00e1ximo Bustos Aguirre, y Jose Maria Paz quienes acompa\u00f1aron y guiaron a los atletas durante toda la jornada.<\/p>\n<p>Los resultados individuales fueron los siguientes:<\/p>\n<p>\u2022 Diego Solano: 1\u00ba en lucha<br \/>\n\u2022 Santino Balestra: 2\u00ba en lucha y 3\u00ba en forma<br \/>\n\u2022 Alexis Ponce: 1\u00ba en lucha y 3\u00ba en lucha<br \/>\n\u2022 Donato Nicoletti: 1\u00ba en lucha y 3\u00ba en forma<br \/>\n\u2022 Mar\u00eda In\u00e9s Nitsche: 2\u00ba en lucha y en forma<br \/>\n\u2022 Lucas Falabella: 1\u00ba en lucha y forma<br \/>\n\u2022 Pedro Nitsche: 3\u00ba en forma<br \/>\n\u2022 Xiomara Romero: 1\u00ba en lucha<br \/>\n\u2022 Delfina Ferrero: 1\u00ba en forma y 2\u00ba en lucha<br \/>\n\u2022 Luciano Zoilo: 3\u00ba en lucha<br \/>\n\u2022 Evaristo Nicoletti: 1\u00ba en lucha<br \/>\n\u2022 Renzo Falabella: 2\u00ba en lucha y 3\u00ba en forma<br \/>\n\u2022 Valentino Ferrero: 3\u00ba en lucha y forma<br \/>\n\u2022 Alma Escobar: 2\u00ba en lucha<br \/>\n\u2022 Ian \u00c1ngel Alegre: 1\u00ba en lucha<br \/>\n\u2022 Francisco Torres: 1\u00ba en lucha y 3\u00ba en forma<br \/>\n\u2022 Facundo Fern\u00e1ndez: 3\u00ba en lucha<br \/>\n\u2022 Ayala Francisco: 1\u00ba en lucha<\/p>\n<p>La participaci\u00f3n del equipo no solo demostr\u00f3 el excelente nivel t\u00e9cnico de sus competidores, sino tambi\u00e9n el trabajo constante que se viene realizando en la formaci\u00f3n de taekwondistas en la ciudad. Cada medalla representa el esfuerzo de los alumnos, el acompa\u00f1amiento de las familias y el compromiso de los instructores.<\/p>\n<p>Por otra parte, el Maestro Oscar Ferrero, VII DAN en la disciplina tuvo una destacada participaci\u00f3n como Juez del evento dejando en alto no solo el nombre del Taekwondo local, sino tambi\u00e9n a la ciudad de Goya en la regi\u00f3n.<\/p>\n<p>Desde la escuela y la comunidad deportiva, se destac\u00f3 el orgullo por los logros obtenidos y se anticip\u00f3 que continuar\u00e1n trabajando con miras a las pr\u00f3ximas fechas del circuito nacional.<\/p>\n","protected":false},"excerpt":{"rendered":"<p>El pasado domingo, el equipo de Taekwondo Goya tuvo una sobresaliente participaci\u00f3n en una nueva fecha del Argentina Taekwondo Tour, desarrollada en el Club Don Bosco de la ciudad de Resistencia, Chaco. La delegaci\u00f3n goyana, integrada por 18 competidores, logr\u00f3 una destacada cosecha de medallas: 12 de oro, 5 de plata y 10 de bronce, [&hellip;]<\/p>\n","protected":false},"author":2,"featured_media":24740,"comment_status":"closed","ping_status":"closed","sticky":false,"template":"","format":"standard","meta":{"footnotes":""},"categories":[56],"tags":[],"class_list":{"0":"post-24739","1":"post","2":"type-post","3":"status-publish","4":"format-standard","5":"has-post-thumbnail","7":"category-locales"},"_links":{"self":[{"href":"https:\/\/radiobitacora.com.ar\/web\/wp-json\/wp\/v2\/posts\/24739","targetHints":{"allow":["GET"]}}],"collection":[{"href":"https:\/\/radiobitacora.com.ar\/web\/wp-json\/wp\/v2\/posts"}],"about":[{"href":"https:\/\/radiobitacora.com.ar\/web\/wp-json\/wp\/v2\/types\/post"}],"author":[{"embeddable":true,"href":"https:\/\/radiobitacora.com.ar\/web\/wp-json\/wp\/v2\/users\/2"}],"replies":[{"embeddable":true,"href":"https:\/\/radiobitacora.com.ar\/web\/wp-json\/wp\/v2\/comments?post=24739"}],"version-history":[{"count":0,"href":"https:\/\/radiobitacora.com.ar\/web\/wp-json\/wp\/v2\/posts\/24739\/revisions"}],"wp:featuredmedia":[{"embeddable":true,"href":"https:\/\/radiobitacora.com.ar\/web\/wp-json\/wp\/v2\/media\/24740"}],"wp:attachment":[{"href":"https:\/\/radiobitacora.com.ar\/web\/wp-json\/wp\/v2\/media?parent=24739"}],"wp:term":[{"taxonomy":"category","embeddable":true,"href":"https:\/\/radiobitacora.com.ar\/web\/wp-json\/wp\/v2\/categories?post=24739"},{"taxonomy":"post_tag","embeddable":true,"href":"https:\/\/radiobitacora.com.ar\/web\/wp-json\/wp\/v2\/tags?post=24739"}],"curies":[{"name":"wp","href":"https:\/\/api.w.org\/{rel}","templated":true}]}}