{"id":24750,"date":"2025-07-08T08:08:05","date_gmt":"2025-07-08T11:08:05","guid":{"rendered":"https:\/\/radiobitacora.com.ar\/web\/?p=24750"},"modified":"2025-07-08T08:08:05","modified_gmt":"2025-07-08T11:08:05","slug":"el-filoso-gesto-de-pampita-luego-de-las-terribles-acusaciones-de-la-china-suarez-contra-benjamin-vicuna","status":"publish","type":"post","link":"https:\/\/radiobitacora.com.ar\/web\/2025\/07\/08\/el-filoso-gesto-de-pampita-luego-de-las-terribles-acusaciones-de-la-china-suarez-contra-benjamin-vicuna\/","title":{"rendered":"EL FILOSO GESTO DE PAMPITA LUEGO DE LAS TERRIBLES ACUSACIONES DE LA CHINA SU\u00c1REZ CONTRA BENJAM\u00cdN VICU\u00d1A"},"content":{"rendered":"<div class=\"article__header article__story article__article\">\n<div class=\"article__head\">\n<div class=\"article__headline-byline-container\">\n<div id=\"StaticHeadlines\">\n<div data-testid=\"headlines\">\n<h2 class=\"article__dropline font__body\">La modelo llam\u00f3 la atenci\u00f3n en medio del inesperado conflicto entre su expareja y la actriz.<\/h2>\n<\/div>\n<\/div>\n<\/div>\n<div class=\"trinity-tts-placeholder-icon-player\"><\/div>\n<\/div>\n<\/div>\n<div class=\"default-article-color article__body article__article\">\n<p class=\"paragraph font__body-regular\">La<a title=\"https:\/\/tn.com.ar\/show\/famosos\/2025\/07\/07\/la-china-suarez-aseguro-que-vicuna-siente-envidia-de-icardi-ahora-estoy-con-un-hombre-que-mis-hijos-admiran\/\" href=\"https:\/\/tn.com.ar\/show\/famosos\/2025\/07\/07\/la-china-suarez-aseguro-que-vicuna-siente-envidia-de-icardi-ahora-estoy-con-un-hombre-que-mis-hijos-admiran\/\" target=\"_blank\" rel=\"noopener noreferrer\">\u00a0<b>China Su\u00e1rez<\/b>\u00a0<\/a>se hart\u00f3 de las cr\u00edticas en su contra y expuso las terribles situaciones que vivi\u00f3 con\u00a0<a title=\"https:\/\/tn.com.ar\/show\/famosos\/2025\/07\/07\/icardi-mostro-su-apoyo-a-la-china-suarez-y-le-lanzo-una-indirecta-a-vicuna-creerte-empoderado-es-enganoso\/\" href=\"https:\/\/tn.com.ar\/show\/famosos\/2025\/07\/07\/icardi-mostro-su-apoyo-a-la-china-suarez-y-le-lanzo-una-indirecta-a-vicuna-creerte-empoderado-es-enganoso\/\" target=\"_blank\" rel=\"noopener noreferrer\"><b>Benjam\u00edn Vicu\u00f1a<\/b><\/a>\u00a0luego de que se conociera que \u00e9l\u00a0<b>no la dej\u00f3 viajar a Turqu\u00eda<\/b>\u00a0con sus hijos.<\/p>\n<div id=\"ad-slot-infeed\" class=\"infeed-container\"><\/div>\n<p class=\"paragraph font__body-regular\">En ese contexto, varios usuarios de las redes sociales se preguntaron qu\u00e9 pensar\u00eda\u00a0<a title=\"https:\/\/tn.com.ar\/show\/famosos\/2025\/07\/07\/pampita-salio-en-defensa-de-benjamin-vicuna-tras-las-fuertes-acusaciones-de-la-china-suarez\/\" href=\"https:\/\/tn.com.ar\/show\/famosos\/2025\/07\/07\/pampita-salio-en-defensa-de-benjamin-vicuna-tras-las-fuertes-acusaciones-de-la-china-suarez\/\" target=\"_blank\" rel=\"noopener noreferrer\"><b>Pampita<\/b><\/a>\u00a0al respecto. Por eso, fueron a dejarle todo tipo de mensajes en su perfil de Instagram.<\/p>\n<p class=\"paragraph font__body-regular\"><i><b>Le\u00e9 tambi\u00e9n:\u00a0<\/b><\/i><a title=\"Benjam\u00edn Vicu\u00f1a sali\u00f3 al cruce de las duras acusaciones de la China Su\u00e1rez: \u201cMis hijos saben el padre que soy\u201d\" href=\"https:\/\/tn.com.ar\/show\/famosos\/2025\/07\/07\/benjamin-vicuna-salio-al-cruce-de-las-duras-acusaciones-de-la-china-suarez-mis-hijos-saben-el-padre-que-soy\/\"><i><b>Benjam\u00edn Vicu\u00f1a sali\u00f3 al cruce de las duras acusaciones de la China Su\u00e1rez: \u201cMis hijos saben el padre que soy\u201d<\/b><\/i><\/a><\/p>\n<p class=\"paragraph font__body-regular\">En una de sus \u00faltimas publicaciones, la modelo se hab\u00eda mostrado con un\u00a0<b>incre\u00edble vestido rojo\u00a0<\/b>en la playa. Adem\u00e1s de recibir elogios por su\u00a0<i>look<\/i>, la mayor\u00eda de sus seguidores hicieron referencia al esc\u00e1ndalo entre su ex Benjam\u00edn y la China.<\/p>\n<figure class=\"\" data-testid=\"figure-testid\">\n<div class=\"aspect_ratio__container\"><picture class=\"responsive-image\"><source srcset=\"https:\/\/tn.com.ar\/resizer\/v2\/pampita-le-dio-me-gusta-al-comentario-en-el-que-hacian-referencia-a-su-tranquilidad-en-medio-del-escandalo-foto-captura-instagrampampitaoficial-EBENAW7ZIBHHDAVBJBVABDF6XQ.jpg?auth=7eeb3cfc043d7aab78f523b60caf14d2c6ad8b81132af513d70f352df89e8954&amp;width=767\" type=\"image\/jpg\" media=\"(max-width: 728px)\" \/><source srcset=\"https:\/\/tn.com.ar\/resizer\/v2\/pampita-le-dio-me-gusta-al-comentario-en-el-que-hacian-referencia-a-su-tranquilidad-en-medio-del-escandalo-foto-captura-instagrampampitaoficial-EBENAW7ZIBHHDAVBJBVABDF6XQ.jpg?auth=7eeb3cfc043d7aab78f523b60caf14d2c6ad8b81132af513d70f352df89e8954&amp;width=1023\" type=\"image\/jpg\" media=\"(max-width: 1023px)\" \/><source srcset=\"https:\/\/tn.com.ar\/resizer\/v2\/pampita-le-dio-me-gusta-al-comentario-en-el-que-hacian-referencia-a-su-tranquilidad-en-medio-del-escandalo-foto-captura-instagrampampitaoficial-EBENAW7ZIBHHDAVBJBVABDF6XQ.jpg?auth=7eeb3cfc043d7aab78f523b60caf14d2c6ad8b81132af513d70f352df89e8954&amp;width=1440\" type=\"image\/jpg\" \/><img loading=\"lazy\" decoding=\"async\" class=\"image content-image image_placeholder\" src=\"https:\/\/tn.com.ar\/resizer\/v2\/pampita-le-dio-me-gusta-al-comentario-en-el-que-hacian-referencia-a-su-tranquilidad-en-medio-del-escandalo-foto-captura-instagrampampitaoficial-EBENAW7ZIBHHDAVBJBVABDF6XQ.jpg?auth=7eeb3cfc043d7aab78f523b60caf14d2c6ad8b81132af513d70f352df89e8954&amp;width=767\" alt=\"Pampita le dio &quot;me gusta&quot; al comentario en el que hac\u00edan referencia a su tranquilidad en medio del esc\u00e1ndalo. (Foto: captura Instagram\/pampitaoficial)\" width=\"767\" height=\"430\" data-testid=\"loading-testid\" \/><\/picture><\/div><figcaption class=\"caption_image\" data-testid=\"figcaption-testid\">\n<div class=\"image_caption \">Pampita le dio &#8220;me gusta&#8221; al comentario en el que hac\u00edan referencia a su tranquilidad en medio del esc\u00e1ndalo. (Foto: captura Instagram\/pampitaoficial)<\/div>\n<\/figcaption><\/figure>\n<p class=\"paragraph font__body-regular\">Si bien prefiri\u00f3 no responder a esos mensajes, tuvo un llamativo gesto que dio que hablar.<b>\u00a0\u201cMientras tanto, en alg\u00fan lugar del mundo, Pampita sin joder a nadie\u201d<\/b>, dice el comentario al que la figura decidi\u00f3 darle \u201cme gusta\u201d.<\/p>\n<p class=\"paragraph font__body-regular\">Entre otros de los mensajes a los que les puso\u00a0<i>like<\/i>, hab\u00eda uno que expresaba: \u201cLa n\u00famero 1 como modelo, pero m\u00e1s como mujer y mam\u00e1.\u00a0<b>Nadie puede igualarte<\/b>\u201d.<\/p>\n<h2 class=\"font--primary font__display\">Qu\u00e9 dijo Pampita sobre el esc\u00e1ndalo entre la China Su\u00e1rez y Benjam\u00edn Vicu\u00f1a<\/h2>\n<p class=\"paragraph font__body-regular\">Pampita rompi\u00f3 el silencio tras el ataque de furia de la China Su\u00e1rez contra Benjam\u00edn Vicu\u00f1a. La modelo opin\u00f3 del esc\u00e1ndalo que se desat\u00f3 despu\u00e9s de que la actriz acusara al actor de\u00a0<b>padre ausente<\/b>.<\/p>\n<p class=\"paragraph font__body-regular\">Despu\u00e9s de la pol\u00e9mica que se inici\u00f3 en las redes, Yanina Latorre intercambi\u00f3 una serie de mensajes con Carolina Ardohain, quien tuvo cuatro hijos con Vicu\u00f1a.<\/p>\n<p class=\"paragraph font__body-regular\">\u201cHola, \u00bfc\u00f3mo est\u00e1s? Decime que le\u00edste todo lo que puso la China.\u00a0<b>\u00bfVos qu\u00e9 ten\u00e9s que decir al respecto?<\/b>\u00a0\u00bfC\u00f3mo es Benjam\u00edn?\u201c, le pregunt\u00f3 la conductora de\u00a0<i>SQP (Am\u00e9rica)<\/i>.<\/p>\n<figure class=\"\" data-testid=\"figure-testid\">\n<div class=\"aspect_ratio__container\"><picture class=\"responsive-image\"><source srcset=\"https:\/\/tn.com.ar\/resizer\/v2\/benjamin-vicuna-junto-a-sus-hijos-bautista-benicio-y-beltran-fruto-de-su-relacion-con-pampita-y-magnolia-y-amancio-de-su-vinculo-con-la-china-suarez-foto-instagram-benjaminvicunaok-P5GUOD6IC5FURGEANA725Y6QSE.jpg?auth=66e95617e65af025b4d482b48300023e2e6b5921bb214a5186f89a3ad152d76f&amp;width=767\" type=\"image\/jpg\" media=\"(max-width: 728px)\" \/><source srcset=\"https:\/\/tn.com.ar\/resizer\/v2\/benjamin-vicuna-junto-a-sus-hijos-bautista-benicio-y-beltran-fruto-de-su-relacion-con-pampita-y-magnolia-y-amancio-de-su-vinculo-con-la-china-suarez-foto-instagram-benjaminvicunaok-P5GUOD6IC5FURGEANA725Y6QSE.jpg?auth=66e95617e65af025b4d482b48300023e2e6b5921bb214a5186f89a3ad152d76f&amp;width=1023\" type=\"image\/jpg\" media=\"(max-width: 1023px)\" \/><source srcset=\"https:\/\/tn.com.ar\/resizer\/v2\/benjamin-vicuna-junto-a-sus-hijos-bautista-benicio-y-beltran-fruto-de-su-relacion-con-pampita-y-magnolia-y-amancio-de-su-vinculo-con-la-china-suarez-foto-instagram-benjaminvicunaok-P5GUOD6IC5FURGEANA725Y6QSE.jpg?auth=66e95617e65af025b4d482b48300023e2e6b5921bb214a5186f89a3ad152d76f&amp;width=1440\" type=\"image\/jpg\" \/><img loading=\"lazy\" decoding=\"async\" class=\"image content-image image_placeholder\" src=\"https:\/\/tn.com.ar\/resizer\/v2\/benjamin-vicuna-junto-a-sus-hijos-bautista-benicio-y-beltran-fruto-de-su-relacion-con-pampita-y-magnolia-y-amancio-de-su-vinculo-con-la-china-suarez-foto-instagram-benjaminvicunaok-P5GUOD6IC5FURGEANA725Y6QSE.jpg?auth=66e95617e65af025b4d482b48300023e2e6b5921bb214a5186f89a3ad152d76f&amp;width=767\" alt=\"Benjam\u00edn Vicu\u00f1a junto a sus hijos Bautista, Benicio y Beltr\u00e1n, fruto de su relaci\u00f3n con Pampita, y Magnolia y Amancio de su v\u00ednculo con la China Su\u00e1rez. (Foto: Instagram \/benjaminvicuna.ok)\" width=\"767\" height=\"568\" data-testid=\"loading-testid\" \/><\/picture><\/div><figcaption class=\"caption_image\" data-testid=\"figcaption-testid\">\n<div class=\"image_caption \">Benjam\u00edn Vicu\u00f1a junto a sus hijos Bautista, Benicio y Beltr\u00e1n, fruto de su relaci\u00f3n con Pampita, y Magnolia y Amancio de su v\u00ednculo con la China Su\u00e1rez. (Foto: Instagram \/benjaminvicuna.ok)<\/div>\n<\/figcaption><\/figure>\n<p class=\"paragraph font__body-regular\"><i><b>Le\u00e9 tambi\u00e9n:\u00a0<\/b><\/i><a title=\"La China Su\u00e1rez cont\u00f3 que Benjam\u00edn Vicu\u00f1a le fue infiel mientras ella estaba embarazada \" href=\"https:\/\/tn.com.ar\/show\/famosos\/2025\/07\/07\/la-china-suarez-conto-que-benjamin-vicuna-le-fue-infiel-mientras-ella-estaba-embarazada\/\"><i><b>La China Su\u00e1rez cont\u00f3 que Benjam\u00edn Vicu\u00f1a le fue infiel mientras ella estaba embarazada<\/b><\/i><\/a><\/p>\n<p class=\"paragraph font__body-regular\">Acto seguido, ley\u00f3 la tajante respuesta de la modelo: \u201cHola, Yanina.\u00a0<b>Benjam\u00edn es un padre amoroso<\/b>, cari\u00f1oso, preocupado por sus hijos, presente, generoso. Siempre fue as\u00ed. Su vida entera son sus hijos, son la luz de sus ojos. Yo lo he dicho siempre\u201d.<\/p>\n<p class=\"paragraph font__body-regular\">Respecto a su v\u00ednculo con la actriz, sostuvo: \u201cMir\u00e1, yo ya no s\u00e9 qu\u00e9 decir. Con Eugenia tengo excelente relaci\u00f3n hace muchos a\u00f1os. Espero que como familia que somos, entre todos,\u00a0<b>siempre reine el respeto<\/b>\u00a0por sobre todas las cosas. Todos tendremos que poner de nuestra parte para que as\u00ed sea\u201d.<\/p>\n<\/div>\n","protected":false},"excerpt":{"rendered":"<p>La modelo llam\u00f3 la atenci\u00f3n en medio del inesperado conflicto entre su expareja y la actriz. La\u00a0China Su\u00e1rez\u00a0se hart\u00f3 de las cr\u00edticas en su contra y expuso las terribles situaciones que vivi\u00f3 con\u00a0Benjam\u00edn Vicu\u00f1a\u00a0luego de que se conociera que \u00e9l\u00a0no la dej\u00f3 viajar a Turqu\u00eda\u00a0con sus hijos. En ese contexto, varios usuarios de las redes [&hellip;]<\/p>\n","protected":false},"author":2,"featured_media":24751,"comment_status":"closed","ping_status":"closed","sticky":false,"template":"","format":"standard","meta":{"footnotes":""},"categories":[67],"tags":[],"class_list":{"0":"post-24750","1":"post","2":"type-post","3":"status-publish","4":"format-standard","5":"has-post-thumbnail","7":"category-espectaculo"},"_links":{"self":[{"href":"https:\/\/radiobitacora.com.ar\/web\/wp-json\/wp\/v2\/posts\/24750","targetHints":{"allow":["GET"]}}],"collection":[{"href":"https:\/\/radiobitacora.com.ar\/web\/wp-json\/wp\/v2\/posts"}],"about":[{"href":"https:\/\/radiobitacora.com.ar\/web\/wp-json\/wp\/v2\/types\/post"}],"author":[{"embeddable":true,"href":"https:\/\/radiobitacora.com.ar\/web\/wp-json\/wp\/v2\/users\/2"}],"replies":[{"embeddable":true,"href":"https:\/\/radiobitacora.com.ar\/web\/wp-json\/wp\/v2\/comments?post=24750"}],"version-history":[{"count":0,"href":"https:\/\/radiobitacora.com.ar\/web\/wp-json\/wp\/v2\/posts\/24750\/revisions"}],"wp:featuredmedia":[{"embeddable":true,"href":"https:\/\/radiobitacora.com.ar\/web\/wp-json\/wp\/v2\/media\/24751"}],"wp:attachment":[{"href":"https:\/\/radiobitacora.com.ar\/web\/wp-json\/wp\/v2\/media?parent=24750"}],"wp:term":[{"taxonomy":"category","embeddable":true,"href":"https:\/\/radiobitacora.com.ar\/web\/wp-json\/wp\/v2\/categories?post=24750"},{"taxonomy":"post_tag","embeddable":true,"href":"https:\/\/radiobitacora.com.ar\/web\/wp-json\/wp\/v2\/tags?post=24750"}],"curies":[{"name":"wp","href":"https:\/\/api.w.org\/{rel}","templated":true}]}}