{"id":24783,"date":"2025-07-10T10:23:06","date_gmt":"2025-07-10T13:23:06","guid":{"rendered":"https:\/\/radiobitacora.com.ar\/web\/?p=24783"},"modified":"2025-07-10T10:23:06","modified_gmt":"2025-07-10T13:23:06","slug":"aliendro-desperto-un-nuevo-conflicto-entre-river-y-racing","status":"publish","type":"post","link":"https:\/\/radiobitacora.com.ar\/web\/2025\/07\/10\/aliendro-desperto-un-nuevo-conflicto-entre-river-y-racing\/","title":{"rendered":"ALIENDRO DESPERT\u00d3 UN NUEVO CONFLICTO ENTRE RIVER Y RACING"},"content":{"rendered":"<p>La Academia tiene en carpeta al mediocampista del Millonario. Sin embargo, las dirigencias no quieren negociar, a ra\u00edz del esc\u00e1ndalo del pase de Maxi Salas al conjunto de N\u00fa\u00f1ez.<\/p>\n<p><b>Rodrigo Aliendro<\/b>\u00a0despert\u00f3 un nuevo conflicto entre<b>\u00a0Racing y River<\/b>, luego de la escandalosa transferencia de Maxi Salas al club de N\u00fa\u00f1ez<a href=\"https:\/\/www.tycsports.com\/river-plate\/salas-llegaria-a-river-esta-semana-y-podria-debutar-ante-platense-id672658.html\" target=\"_blank\" rel=\"noopener\">\u00a0tras la ejecuci\u00f3n de la cl\u00e1usula de rescisi\u00f3n.<\/a><\/p>\n<div class=\"alsoReadContainer\">\n<p class=\"alsoReadLabel\">Mir\u00e1 tambi\u00e9n<\/p>\n<h2 class=\"alsoReadText\">Salas fue al River Camp y firmar\u00e1 su contrato con el club<\/h2>\n<\/div>\n<p>Racing est\u00e1 interesado en el mediocampista de 34 a\u00f1os, quien finaliza su contrato con el Millonario en diciembre de 2026 y no ser\u00e1 tenido en cuenta por Marcelo Gallardo.<\/p>\n<div id=\"ad-slot-inline1\" class=\"ad-slot-inline1 ad-slot\" data-adtype=\"inline1\" data-google-query-id=\"CLmPicWwso4DFalc3QIdMqoRdw\">\n<div id=\"google_ads_iframe_\/125006397\/tyc\/nota\/inline1_0__container__\"><\/div>\n<\/div>\n<p>De todas formas,<b>\u00a0las dirigencias tanto de la Academia como de River no est\u00e1n dispuestos a sentarse a negociar<\/b>, luego del esc\u00e1ndalo por la salida de Maxi Salas al club de N\u00fa\u00f1ez, luego de\u00a0<a href=\"https:\/\/www.tycsports.com\/racing-club\/las-bombas-de-milito-contra-salas-gallardo-y-river-id671620.html\" target=\"_blank\" rel=\"noopener\">fuertes declaraciones cruzadas entre Diego Milito<\/a>\u00a0-presidente del club de Avellaneda- y<a href=\"https:\/\/www.tycsports.com\/river-plate\/river-stefano-di-carlo-maximiliano-salas-diego-milito-racing-clausula-pacto-id671771.html\" target=\"_blank\" rel=\"noopener\">\u00a0Stefano Di Carlo (secretario general del Millo y futuro candidato a presi).<\/a><\/p>\n<p>&nbsp;<\/p>\n<figure data-modal-description=\"\" data-modal-image=\"https:\/\/media.tycsports.com\/files\/2025\/07\/08\/860144\/rodrigo-aliendro_w862.webp\" data-kiosked-context-name=\"kskdUIContext_01jzt7t8dptjehdrye6ym4cezt\"><img loading=\"lazy\" decoding=\"async\" class=\"mainImg r16x9 alignleft\" title=\"Rodrigo Aliendro\" src=\"https:\/\/media.tycsports.com\/files\/2025\/07\/08\/860144\/rodrigo-aliendro_416x234.webp?v=1\" srcset=\"https:\/\/media.tycsports.com\/files\/2025\/07\/08\/860144\/rodrigo-aliendro_416x234.webp?v=1 960w,https:\/\/media.tycsports.com\/files\/2025\/07\/08\/860144\/rodrigo-aliendro_862x485.webp?v=1 1024w\" alt=\"Rodrigo Aliendro\" width=\"416\" height=\"234\" data-src=\"https:\/\/media.tycsports.com\/files\/2025\/07\/08\/860144\/rodrigo-aliendro_416x234.webp?v=1\" data-srcset=\"https:\/\/media.tycsports.com\/files\/2025\/07\/08\/860144\/rodrigo-aliendro_416x234.webp?v=1 960w,https:\/\/media.tycsports.com\/files\/2025\/07\/08\/860144\/rodrigo-aliendro_862x485.webp?v=1 1024w\" \/><\/figure>\n<div id=\"kskd01jzt7t8e7mct9mt1x8rfzhrfs\" class=\"kskdDiv kskdCls\" data-kiosked-role=\"anchor\" data-kiosked-type=\"in-line\" data-kioskid=\"01jzt7t8e7mct9mt1x8rfzhrfs\" data-kiosked-cntrid=\"12549_acfcb6f27dc86ccf7981b47c14c5b87f\">\n<div class=\"kskdDiv\" data-kiosked-role=\"boundary\">\n<div class=\"kskdDiv\" data-kioskid=\"01jzt7t8e7mct9mt1x8rfzhrfs\" data-kiosked-role=\"ad-container\">\n<div class=\"kskdDiv\" data-kskd-type=\"banner\" data-width=\"728\" data-height=\"90\"><\/div>\n<div class=\"kskdDiv\" data-kskd-type=\"banner\" data-width=\"728\" data-height=\"90\" data-kskd-filled=\"true\"><\/div>\n<div class=\"kskdDiv\" data-kskd-type=\"banner\" data-width=\"728\" data-height=\"90\" data-kskd-filled=\"true\"><\/div>\n<div class=\"kskdDiv\" data-kskd-type=\"banner\" data-width=\"728\" data-height=\"90\" data-kskd-filled=\"true\"><\/div>\n<\/div>\n<\/div>\n<\/div>\n<p>En este contexto, el futuro de Rodrigo Aliendro, por ahora, es una inc\u00f3gnita.<a href=\"https:\/\/www.tycsports.com\/river-plate\/aliendro-rescinde-con-river-es-buscado-por-otro-club-del-futbol-argentino-id672597.html\" target=\"_blank\" rel=\"noopener\">\u00a0Racing se suma a otros cuatro clubes interesados<\/a>: tambi\u00e9n est\u00e1 en el radar de\u00a0<b>V\u00e9lez, Hurac\u00e1n, San Lorenzo, Rosario Central.<\/b><\/p>\n<h2>V\u00e9lez quiere acelerar por Aliendro<\/h2>\n<p>El mediocampista debe elegir el nuevo destino y tiene varias propuestas en la mesa para seguir en el f\u00fatbol local. La m\u00e1s fuerte es la de V\u00e9lez y todo parece estar encaminado para que se sume al \u00fanico equipo de los cuatro que juega la Copa Libertadores 2025. Ventaja para el Fort\u00edn.<\/p>\n<div id=\"ad-slot-inline2\" class=\"ad-slot-inline_grande ad-slot\" data-adtype=\"inline_grande\" data-google-query-id=\"CLqPicWwso4DFalc3QIdMqoRdw\"><\/div>\n<p><b>\u00bfFan\u00e1tico de La Academia?<\/b>\u00a0Enterate\u00a0<b><a href=\"https:\/\/www.tycsports.com\/racing-club.html\" target=\"_blank\" rel=\"noopener\">todas las noticias de Racing Club<\/a><\/b>\u00a0a trav\u00e9s de\u00a0<b><a href=\"https:\/\/www.tycsports.com\/\" target=\"_blank\" rel=\"noopener\">TyC Sports<\/a><\/b>. Segu\u00ed nuestra p\u00e1gina en\u00a0<b><a href=\"https:\/\/www.facebook.com\/Racing-Club-en-TyC-Sports-119847196075743\/?utm_source=pienotaseo&amp;utm_medium=racing&amp;utm_campaign=facebook\" target=\"_blank\" rel=\"noopener\">Facebook<\/a><\/b>\u00a0o\u00a0<b><a href=\"https:\/\/news.google.com\/publications\/CAAqBwgKMMKQkwswtsOoAw?oc=3&amp;ceid=AR:es-419?utm_source=pienotaseo&amp;utm_medium=racing&amp;utm_campaign=googlenews\" target=\"_blank\" rel=\"noopener\">Google News<\/a><\/b>. Tambi\u00e9n pod\u00e9s registrarte gratis e indicar tus\u00a0<a href=\"https:\/\/www.tycsports.com\/cognito_blank.html\"><b>preferencias para recibir notificaciones<\/b><\/a>\u00a0en tu browser o bajate nuestra APP (disponible en\u00a0<b><a href=\"https:\/\/play.google.com\/store\/apps\/details?id=com.mustmobile.tycmundial\" target=\"_blank\" rel=\"noopener\">Android<\/a><\/b>\u00a0&amp;\u00a0<b><a href=\"https:\/\/itunes.apple.com\/ar\/app\/tyc-sports\/id887613794?mt=8?utm_source=pienotaseo&amp;utm_medium=racing&amp;utm_campaign=ios\" target=\"_blank\" rel=\"noopener\">iOS<\/a><\/b>). Acced\u00e9 a todas las\u00a0<a href=\"https:\/\/tycsports.com\/estadisticas\/liga-profesional-de-futbol.html\" target=\"_blank\" rel=\"noopener\">estad\u00edsticas de La liga profesional\u00a0<\/a>del f\u00fatbol Argentino.<\/p>\n","protected":false},"excerpt":{"rendered":"<p>La Academia tiene en carpeta al mediocampista del Millonario. Sin embargo, las dirigencias no quieren negociar, a ra\u00edz del esc\u00e1ndalo del pase de Maxi Salas al conjunto de N\u00fa\u00f1ez. Rodrigo Aliendro\u00a0despert\u00f3 un nuevo conflicto entre\u00a0Racing y River, luego de la escandalosa transferencia de Maxi Salas al club de N\u00fa\u00f1ez\u00a0tras la ejecuci\u00f3n de la cl\u00e1usula de [&hellip;]<\/p>\n","protected":false},"author":2,"featured_media":24784,"comment_status":"closed","ping_status":"closed","sticky":false,"template":"","format":"standard","meta":{"footnotes":""},"categories":[78],"tags":[],"class_list":{"0":"post-24783","1":"post","2":"type-post","3":"status-publish","4":"format-standard","5":"has-post-thumbnail","7":"category-deportes"},"_links":{"self":[{"href":"https:\/\/radiobitacora.com.ar\/web\/wp-json\/wp\/v2\/posts\/24783","targetHints":{"allow":["GET"]}}],"collection":[{"href":"https:\/\/radiobitacora.com.ar\/web\/wp-json\/wp\/v2\/posts"}],"about":[{"href":"https:\/\/radiobitacora.com.ar\/web\/wp-json\/wp\/v2\/types\/post"}],"author":[{"embeddable":true,"href":"https:\/\/radiobitacora.com.ar\/web\/wp-json\/wp\/v2\/users\/2"}],"replies":[{"embeddable":true,"href":"https:\/\/radiobitacora.com.ar\/web\/wp-json\/wp\/v2\/comments?post=24783"}],"version-history":[{"count":0,"href":"https:\/\/radiobitacora.com.ar\/web\/wp-json\/wp\/v2\/posts\/24783\/revisions"}],"wp:featuredmedia":[{"embeddable":true,"href":"https:\/\/radiobitacora.com.ar\/web\/wp-json\/wp\/v2\/media\/24784"}],"wp:attachment":[{"href":"https:\/\/radiobitacora.com.ar\/web\/wp-json\/wp\/v2\/media?parent=24783"}],"wp:term":[{"taxonomy":"category","embeddable":true,"href":"https:\/\/radiobitacora.com.ar\/web\/wp-json\/wp\/v2\/categories?post=24783"},{"taxonomy":"post_tag","embeddable":true,"href":"https:\/\/radiobitacora.com.ar\/web\/wp-json\/wp\/v2\/tags?post=24783"}],"curies":[{"name":"wp","href":"https:\/\/api.w.org\/{rel}","templated":true}]}}