{"id":24903,"date":"2025-07-18T10:41:15","date_gmt":"2025-07-18T13:41:15","guid":{"rendered":"https:\/\/radiobitacora.com.ar\/web\/?p=24903"},"modified":"2025-07-18T10:41:15","modified_gmt":"2025-07-18T13:41:15","slug":"curso-de-lengua-de-senas-argentina","status":"publish","type":"post","link":"https:\/\/radiobitacora.com.ar\/web\/2025\/07\/18\/curso-de-lengua-de-senas-argentina\/","title":{"rendered":"CURSO DE LENGUA DE SE\u00d1AS ARGENTINA"},"content":{"rendered":"<p data-start=\"38\" data-end=\"152\">\u00a0Finaliz\u00f3 la capacitaci\u00f3n en Lengua de Se\u00f1as, con la entrega de las certificaciones en Casa del Bicentenario<\/p>\n<p data-start=\"154\" data-end=\"383\">\u00a0De las 6 clases programadas, dictadas durante dos horas y media de manera presencial, formaron parte 100 participantes de diferentes organismos municipales, provinciales, fuerzas de seguridad, del \u00e1mbito educativo y de salud<\/p>\n<p data-start=\"385\" data-end=\"575\">\u00a0Esta capacitaci\u00f3n fue organizada de manera articulada entre la Municipalidad y la Provincia a trav\u00e9s de la Coordinaci\u00f3n de Discapacidad y CO.PRO.DIS (Consejo Provincial de Discapacidad)<\/p>\n<p data-start=\"577\" data-end=\"739\">Con el total apoyo del Intendente Mariano Hormaechea, fue dictada por Yamila Sclippa, acompa\u00f1ada por otros int\u00e9rpretes y personas sordas como Fernando y Lili<\/p>\n<p data-start=\"741\" data-end=\"902\">\u00a0La propuesta cont\u00f3 con la participaci\u00f3n activa de la comunidad sorda de la ciudad y solicit\u00f3 a los asistentes trabajos pr\u00e1cticos como parte de la evaluaci\u00f3n<\/p>\n<p data-start=\"904\" data-end=\"1158\">M\u00e1s de 100 personas recibieron su certificado de participaci\u00f3n, entre ellas integrantes de la Escuela Especial, profesionales de centros terap\u00e9uticos, personal de INVICO, Polic\u00eda, Junta M\u00e9dica del Hospital y distintas \u00e1reas municipales como Tr\u00e1nsito<\/p>\n<p data-start=\"904\" data-end=\"1158\"><img loading=\"lazy\" decoding=\"async\" class=\"wp-image-24904 alignleft\" src=\"https:\/\/radiobitacora.com.ar\/web\/wp-content\/uploads\/2025\/07\/certificados-Lengua-de-Sena-6.jpg\" alt=\"\" width=\"380\" height=\"214\" srcset=\"https:\/\/radiobitacora.com.ar\/web\/wp-content\/uploads\/2025\/07\/certificados-Lengua-de-Sena-6.jpg 1280w, https:\/\/radiobitacora.com.ar\/web\/wp-content\/uploads\/2025\/07\/certificados-Lengua-de-Sena-6-696x392.jpg 696w, https:\/\/radiobitacora.com.ar\/web\/wp-content\/uploads\/2025\/07\/certificados-Lengua-de-Sena-6-1068x601.jpg 1068w, https:\/\/radiobitacora.com.ar\/web\/wp-content\/uploads\/2025\/07\/certificados-Lengua-de-Sena-6-747x420.jpg 747w\" sizes=\"auto, (max-width: 380px) 100vw, 380px\" \/><\/p>\n<p data-start=\"1160\" data-end=\"1360\">Desde la Coordinaci\u00f3n de Discapacidad destacan el alto grado de participaci\u00f3n y agradecen al Intendente Mariano Hormaechea, funcionarios y concejales por apoyar esta valiosa experiencia inclusiva<\/p>\n<p data-start=\"1362\" data-end=\"1524\">\u00a0De la ceremonia de entrega participaron Liza Kamerichs, Vivian Merlo, Susana Quiroz, Silvina Ram\u00edrez, Julio Canteros, Dr. Emilio Mart\u00ednez y Alejandro Stortti<\/p>\n<p data-start=\"1526\" data-end=\"1572\" data-is-last-node=\"\" data-is-only-node=\"\">\u00a0Direcci\u00f3n de Prensa \u2013 Municipalidad de Goya<\/p>\n","protected":false},"excerpt":{"rendered":"<p>\u00a0Finaliz\u00f3 la capacitaci\u00f3n en Lengua de Se\u00f1as, con la entrega de las certificaciones en Casa del Bicentenario \u00a0De las 6 clases programadas, dictadas durante dos horas y media de manera presencial, formaron parte 100 participantes de diferentes organismos municipales, provinciales, fuerzas de seguridad, del \u00e1mbito educativo y de salud \u00a0Esta capacitaci\u00f3n fue organizada de manera [&hellip;]<\/p>\n","protected":false},"author":2,"featured_media":24906,"comment_status":"closed","ping_status":"closed","sticky":false,"template":"","format":"standard","meta":{"footnotes":""},"categories":[88],"tags":[],"class_list":{"0":"post-24903","1":"post","2":"type-post","3":"status-publish","4":"format-standard","5":"has-post-thumbnail","7":"category-educacion"},"_links":{"self":[{"href":"https:\/\/radiobitacora.com.ar\/web\/wp-json\/wp\/v2\/posts\/24903","targetHints":{"allow":["GET"]}}],"collection":[{"href":"https:\/\/radiobitacora.com.ar\/web\/wp-json\/wp\/v2\/posts"}],"about":[{"href":"https:\/\/radiobitacora.com.ar\/web\/wp-json\/wp\/v2\/types\/post"}],"author":[{"embeddable":true,"href":"https:\/\/radiobitacora.com.ar\/web\/wp-json\/wp\/v2\/users\/2"}],"replies":[{"embeddable":true,"href":"https:\/\/radiobitacora.com.ar\/web\/wp-json\/wp\/v2\/comments?post=24903"}],"version-history":[{"count":0,"href":"https:\/\/radiobitacora.com.ar\/web\/wp-json\/wp\/v2\/posts\/24903\/revisions"}],"wp:featuredmedia":[{"embeddable":true,"href":"https:\/\/radiobitacora.com.ar\/web\/wp-json\/wp\/v2\/media\/24906"}],"wp:attachment":[{"href":"https:\/\/radiobitacora.com.ar\/web\/wp-json\/wp\/v2\/media?parent=24903"}],"wp:term":[{"taxonomy":"category","embeddable":true,"href":"https:\/\/radiobitacora.com.ar\/web\/wp-json\/wp\/v2\/categories?post=24903"},{"taxonomy":"post_tag","embeddable":true,"href":"https:\/\/radiobitacora.com.ar\/web\/wp-json\/wp\/v2\/tags?post=24903"}],"curies":[{"name":"wp","href":"https:\/\/api.w.org\/{rel}","templated":true}]}}