{"id":24908,"date":"2025-07-18T10:46:21","date_gmt":"2025-07-18T13:46:21","guid":{"rendered":"https:\/\/radiobitacora.com.ar\/web\/?p=24908"},"modified":"2025-07-18T10:46:21","modified_gmt":"2025-07-18T13:46:21","slug":"sociedad-rural-goya-nueva-comision-directiva","status":"publish","type":"post","link":"https:\/\/radiobitacora.com.ar\/web\/2025\/07\/18\/sociedad-rural-goya-nueva-comision-directiva\/","title":{"rendered":"Sociedad Rural Goya  NUEVA COMISI\u00d3N DIRECTIVA"},"content":{"rendered":"<p style=\"font-weight: 400;\">NUEVA COMISI\u00d3N DIRECTIVA<\/p>\n<p style=\"font-weight: 400;\">En cumplimiento de la convocatoria a Asamblea General Ordinaria, seg\u00fan lo establecido por el respectivo Estatuto, la Sociedad Rural de Goya se reuni\u00f3 el pasado 5 de julio, en su sede de calle Tucum\u00e1n 842.<\/p>\n<p style=\"font-weight: 400;\">En el mencionado encuentro se procedi\u00f3 a dar lugar a unos de los puntos determinados,\u00a0 la renovaci\u00f3n de su comisi\u00f3n directiva.<\/p>\n<p style=\"font-weight: 400;\">\n<p style=\"font-weight: 400;\">Tras la renovaci\u00f3n de la mesa directiva, la Sociedad Rural Goya qued\u00f3 constituida de la siguiente manera:<\/p>\n<p style=\"font-weight: 400;\">\n<p style=\"font-weight: 400;\">Presidente:\u00a0 \u00a0\u00a0\u00a0\u00a0\u00a0\u00a0\u00a0\u00a0\u00a0\u00a0\u00a0\u00a0\u00a0\u00a0\u00a0\u00a0Santiago Decotto<\/p>\n<p style=\"font-weight: 400;\">Vicepresidente: \u00a0\u00a0\u00a0\u00a0\u00a0\u00a0\u00a0\u00a0\u00a0Manuel Pando<\/p>\n<p style=\"font-weight: 400;\">Secretario:\u00a0\u00a0\u00a0\u00a0\u00a0\u00a0\u00a0\u00a0\u00a0\u00a0\u00a0\u00a0\u00a0\u00a0 \u00a0\u00a0\u00a0\u00a0Hern\u00e1n Andr\u00e9s Karlen<\/p>\n<p style=\"font-weight: 400;\">Pro Secretario:\u00a0\u00a0\u00a0\u00a0\u00a0\u00a0\u00a0 \u00a0\u00a0\u00a0\u00a0Juan Pablo S\u00e1nchez<\/p>\n<p style=\"font-weight: 400;\">Tesorero:\u00a0\u00a0\u00a0\u00a0\u00a0\u00a0\u00a0\u00a0\u00a0\u00a0\u00a0\u00a0\u00a0\u00a0\u00a0\u00a0 \u00a0\u00a0\u00a0\u00a0Gustavo Vernengo<\/p>\n<p style=\"font-weight: 400;\">Pro Tesorero: \u00a0\u00a0\u00a0\u00a0\u00a0\u00a0\u00a0\u00a0\u00a0\u00a0\u00a0\u00a0\u00a0Jorge Rafael Chapur<\/p>\n<p style=\"font-weight: 400;\">\n<p style=\"font-weight: 400;\">1er. Vocal:\u00a0\u00a0\u00a0\u00a0\u00a0\u00a0\u00a0\u00a0\u00a0\u00a0\u00a0\u00a0\u00a0\u00a0 \u00a0\u00a0\u00a0\u00a0Gast\u00f3n Giqueaux<\/p>\n<p style=\"font-weight: 400;\">2do. Vocal:\u00a0\u00a0\u00a0\u00a0\u00a0\u00a0\u00a0\u00a0\u00a0\u00a0\u00a0\u00a0 \u00a0\u00a0\u00a0\u00a0\u00a0Daniel Fern\u00e1ndez<\/p>\n<p style=\"font-weight: 400;\">3er.\u00a0 Vocal:\u00a0\u00a0\u00a0\u00a0\u00a0\u00a0\u00a0\u00a0\u00a0\u00a0\u00a0\u00a0 \u00a0\u00a0\u00a0\u00a0\u00a0Guillermo Santajuliana<\/p>\n<p style=\"font-weight: 400;\">4to. Vocal:\u00a0\u00a0\u00a0\u00a0\u00a0\u00a0\u00a0 \u00a0\u00a0\u00a0\u00a0\u00a0\u00a0\u00a0\u00a0\u00a0\u00a0\u00a0Carlos Manuel S\u00e1nchez<\/p>\n<p style=\"font-weight: 400;\">5to. Vocal:\u00a0\u00a0\u00a0\u00a0\u00a0\u00a0\u00a0\u00a0\u00a0\u00a0 \u00a0\u00a0\u00a0\u00a0\u00a0\u00a0\u00a0\u00a0Juan Bautista Morando<\/p>\n<p style=\"font-weight: 400;\">\n<p style=\"font-weight: 400;\">1er. Vocal Suplente: \u00a0Elba Fern\u00e1ndez<\/p>\n<p style=\"font-weight: 400;\">2do.Vocal Suplente:\u00a0\u00a0 Eduardo Venialgo<\/p>\n<p style=\"font-weight: 400;\">3er. Vocal Suplente:\u00a0\u00a0 Giuliano Piergallini<\/p>\n<p style=\"font-weight: 400;\">4to. Vocal Suplente:\u00a0\u00a0 Ignacio Aspiroz Balestra<\/p>\n<p style=\"font-weight: 400;\">\n<p style=\"font-weight: 400;\">Comisi\u00f3n Revisora de Cuentas<\/p>\n<p style=\"font-weight: 400;\">Presidente:\u00a0\u00a0\u00a0\u00a0\u00a0\u00a0\u00a0\u00a0\u00a0\u00a0\u00a0\u00a0\u00a0\u00a0\u00a0\u00a0\u00a0\u00a0 Justiniano Minoli<\/p>\n<p style=\"font-weight: 400;\">Secretario:\u00a0\u00a0\u00a0\u00a0\u00a0\u00a0\u00a0\u00a0\u00a0\u00a0\u00a0\u00a0\u00a0\u00a0\u00a0\u00a0\u00a0\u00a0\u00a0 Abel Alejandro Zen\u00f3n<\/p>\n<p style=\"font-weight: 400;\">Vocal:\u00a0\u00a0\u00a0\u00a0\u00a0\u00a0\u00a0\u00a0\u00a0\u00a0\u00a0\u00a0\u00a0\u00a0\u00a0\u00a0\u00a0\u00a0\u00a0\u00a0\u00a0\u00a0\u00a0\u00a0\u00a0\u00a0\u00a0 Marcelo Parodi<\/p>\n<p style=\"font-weight: 400;\">\n<p style=\"font-weight: 400;\">Direcci\u00f3n de Prensa-Municipalidad de Goya<\/p>\n<p style=\"font-weight: 400;\">\n","protected":false},"excerpt":{"rendered":"<p>NUEVA COMISI\u00d3N DIRECTIVA En cumplimiento de la convocatoria a Asamblea General Ordinaria, seg\u00fan lo establecido por el respectivo Estatuto, la Sociedad Rural de Goya se reuni\u00f3 el pasado 5 de julio, en su sede de calle Tucum\u00e1n 842. En el mencionado encuentro se procedi\u00f3 a dar lugar a unos de los puntos determinados,\u00a0 la renovaci\u00f3n [&hellip;]<\/p>\n","protected":false},"author":2,"featured_media":24909,"comment_status":"closed","ping_status":"closed","sticky":false,"template":"","format":"standard","meta":{"footnotes":""},"categories":[56],"tags":[],"class_list":{"0":"post-24908","1":"post","2":"type-post","3":"status-publish","4":"format-standard","5":"has-post-thumbnail","7":"category-locales"},"_links":{"self":[{"href":"https:\/\/radiobitacora.com.ar\/web\/wp-json\/wp\/v2\/posts\/24908","targetHints":{"allow":["GET"]}}],"collection":[{"href":"https:\/\/radiobitacora.com.ar\/web\/wp-json\/wp\/v2\/posts"}],"about":[{"href":"https:\/\/radiobitacora.com.ar\/web\/wp-json\/wp\/v2\/types\/post"}],"author":[{"embeddable":true,"href":"https:\/\/radiobitacora.com.ar\/web\/wp-json\/wp\/v2\/users\/2"}],"replies":[{"embeddable":true,"href":"https:\/\/radiobitacora.com.ar\/web\/wp-json\/wp\/v2\/comments?post=24908"}],"version-history":[{"count":0,"href":"https:\/\/radiobitacora.com.ar\/web\/wp-json\/wp\/v2\/posts\/24908\/revisions"}],"wp:featuredmedia":[{"embeddable":true,"href":"https:\/\/radiobitacora.com.ar\/web\/wp-json\/wp\/v2\/media\/24909"}],"wp:attachment":[{"href":"https:\/\/radiobitacora.com.ar\/web\/wp-json\/wp\/v2\/media?parent=24908"}],"wp:term":[{"taxonomy":"category","embeddable":true,"href":"https:\/\/radiobitacora.com.ar\/web\/wp-json\/wp\/v2\/categories?post=24908"},{"taxonomy":"post_tag","embeddable":true,"href":"https:\/\/radiobitacora.com.ar\/web\/wp-json\/wp\/v2\/tags?post=24908"}],"curies":[{"name":"wp","href":"https:\/\/api.w.org\/{rel}","templated":true}]}}