{"id":24942,"date":"2025-07-19T22:35:35","date_gmt":"2025-07-20T01:35:35","guid":{"rendered":"https:\/\/radiobitacora.com.ar\/web\/?p=24942"},"modified":"2025-07-19T22:35:35","modified_gmt":"2025-07-20T01:35:35","slug":"recorriendo-goya","status":"publish","type":"post","link":"https:\/\/radiobitacora.com.ar\/web\/2025\/07\/19\/recorriendo-goya\/","title":{"rendered":"RECORRIENDO GOYA"},"content":{"rendered":"<p style=\"font-weight: 400;\">\n<p style=\"font-weight: 400;\">Adhesi\u00f3n al 215\u00ba Aniversario de la Prefectura Naval Argentina<\/p>\n<p style=\"font-weight: 400;\">\n<p style=\"font-weight: 400;\">EL INTENDENTE MARIANO HORMAECHEA ACOMPA\u00d1\u00d3 LA PROPUESTA RECREATIVA Y DEPORTIVA<\/p>\n<p style=\"font-weight: 400;\">\n<p style=\"font-weight: 400;\">El programa municipal Recorriendo Goya, desarroll\u00f3 su tercera fecha, este s\u00e1bado en el Barrio Prefectura, en adhesi\u00f3n a la conmemoraci\u00f3n de los 215 a\u00f1os de la creaci\u00f3n de la Instituci\u00f3n Custodia de nuestros r\u00edos y mares.<\/p>\n<p style=\"font-weight: 400;\">\n<p style=\"font-weight: 400;\">El Intendente Municipal Mariano Hormaechea acompa\u00f1\u00f3 las actividades programadas en el espacio p\u00fablico del mencionado barrio de nuestra ciudad, participaron del programa integrantes de la entidad prefecturiana, el Director de Deportes Alejandro Lago, el Concejal Sebasti\u00e1n Mazzaro y funcionarios municipales.<\/p>\n<p style=\"font-weight: 400;\"><img loading=\"lazy\" decoding=\"async\" class=\"aligncenter size-full wp-image-24943\" src=\"https:\/\/radiobitacora.com.ar\/web\/wp-content\/uploads\/2025\/07\/recorriendo-goya-en-Barrio-Prefectura-1.jpg\" alt=\"\" width=\"1600\" height=\"720\" srcset=\"https:\/\/radiobitacora.com.ar\/web\/wp-content\/uploads\/2025\/07\/recorriendo-goya-en-Barrio-Prefectura-1.jpg 1600w, https:\/\/radiobitacora.com.ar\/web\/wp-content\/uploads\/2025\/07\/recorriendo-goya-en-Barrio-Prefectura-1-696x313.jpg 696w, https:\/\/radiobitacora.com.ar\/web\/wp-content\/uploads\/2025\/07\/recorriendo-goya-en-Barrio-Prefectura-1-1068x481.jpg 1068w, https:\/\/radiobitacora.com.ar\/web\/wp-content\/uploads\/2025\/07\/recorriendo-goya-en-Barrio-Prefectura-1-933x420.jpg 933w\" sizes=\"auto, (max-width: 1600px) 100vw, 1600px\" \/><\/p>\n<p style=\"font-weight: 400;\">La actividad l\u00fadica cont\u00f3 con el aporte junto a la Direcci\u00f3n de Deportes, de otras \u00e1reas del municipio.<\/p>\n<p style=\"font-weight: 400;\">\n<p style=\"font-weight: 400;\">Durante la tarde los ni\u00f1os disfrutaron de los juegos elaborados para este programa municipal, en las disciplinas deportivas de ciclismo, f\u00fatbol y running infantil, compartiendo junto al deporte valores como la amistad, juego limpio, compa\u00f1erismo.<\/p>\n<p style=\"font-weight: 400;\"><img loading=\"lazy\" decoding=\"async\" class=\"aligncenter size-full wp-image-24944\" src=\"https:\/\/radiobitacora.com.ar\/web\/wp-content\/uploads\/2025\/07\/recorriendo-goya-en-Barrio-Prefectura-5.jpg\" alt=\"\" width=\"4160\" height=\"3120\" srcset=\"https:\/\/radiobitacora.com.ar\/web\/wp-content\/uploads\/2025\/07\/recorriendo-goya-en-Barrio-Prefectura-5.jpg 4160w, https:\/\/radiobitacora.com.ar\/web\/wp-content\/uploads\/2025\/07\/recorriendo-goya-en-Barrio-Prefectura-5-80x60.jpg 80w, https:\/\/radiobitacora.com.ar\/web\/wp-content\/uploads\/2025\/07\/recorriendo-goya-en-Barrio-Prefectura-5-265x198.jpg 265w, https:\/\/radiobitacora.com.ar\/web\/wp-content\/uploads\/2025\/07\/recorriendo-goya-en-Barrio-Prefectura-5-696x522.jpg 696w, https:\/\/radiobitacora.com.ar\/web\/wp-content\/uploads\/2025\/07\/recorriendo-goya-en-Barrio-Prefectura-5-1068x801.jpg 1068w, https:\/\/radiobitacora.com.ar\/web\/wp-content\/uploads\/2025\/07\/recorriendo-goya-en-Barrio-Prefectura-5-560x420.jpg 560w\" sizes=\"auto, (max-width: 4160px) 100vw, 4160px\" \/><\/p>\n<p style=\"font-weight: 400;\">Reafirmando el principio para la creaci\u00f3n de estos espacios de deportes y recreaci\u00f3n en los barrios, en los espacios p\u00fablicos de la ciudad, como una herramienta fundamental para el crecimiento de los chicos, promoviendo h\u00e1bitos saludables, favoreciendo la creaci\u00f3n de v\u00ednculos sociales, marcando el respeto, hacia los otros, los elementos de cada lugar, la convivencia, entendiendo que es clave para la apertura de caminos de igualdad y oportunidades.<\/p>\n<p style=\"font-weight: 400;\">El Intendente Mariano Hormaechea, agradeci\u00f3 a \u201ctodas las familias que acompa\u00f1aron y a quienes hacen posible este programa que sigue llegando a cada rinc\u00f3n de la ciudad, a los profesores, capacitadores, gracias por el compromiso.\u201d<\/p>\n<p style=\"font-weight: 400;\">\n<p style=\"font-weight: 400;\">\u201cSigamos trabajando juntos por una Goya m\u00e1s activa, inclusiva y comprometida con su comunidad.\u201d Concluy\u00f3 el Jefe Comunal.<\/p>\n<p style=\"font-weight: 400;\">\n<p style=\"font-weight: 400;\">Direcci\u00f3n de Prensa-Municipalidad de Goya<\/p>\n<p style=\"font-weight: 400;\">\n","protected":false},"excerpt":{"rendered":"<p>Adhesi\u00f3n al 215\u00ba Aniversario de la Prefectura Naval Argentina EL INTENDENTE MARIANO HORMAECHEA ACOMPA\u00d1\u00d3 LA PROPUESTA RECREATIVA Y DEPORTIVA El programa municipal Recorriendo Goya, desarroll\u00f3 su tercera fecha, este s\u00e1bado en el Barrio Prefectura, en adhesi\u00f3n a la conmemoraci\u00f3n de los 215 a\u00f1os de la creaci\u00f3n de la Instituci\u00f3n Custodia de nuestros r\u00edos y mares. [&hellip;]<\/p>\n","protected":false},"author":2,"featured_media":24945,"comment_status":"closed","ping_status":"closed","sticky":false,"template":"","format":"standard","meta":{"footnotes":""},"categories":[78],"tags":[],"class_list":{"0":"post-24942","1":"post","2":"type-post","3":"status-publish","4":"format-standard","5":"has-post-thumbnail","7":"category-deportes"},"_links":{"self":[{"href":"https:\/\/radiobitacora.com.ar\/web\/wp-json\/wp\/v2\/posts\/24942","targetHints":{"allow":["GET"]}}],"collection":[{"href":"https:\/\/radiobitacora.com.ar\/web\/wp-json\/wp\/v2\/posts"}],"about":[{"href":"https:\/\/radiobitacora.com.ar\/web\/wp-json\/wp\/v2\/types\/post"}],"author":[{"embeddable":true,"href":"https:\/\/radiobitacora.com.ar\/web\/wp-json\/wp\/v2\/users\/2"}],"replies":[{"embeddable":true,"href":"https:\/\/radiobitacora.com.ar\/web\/wp-json\/wp\/v2\/comments?post=24942"}],"version-history":[{"count":0,"href":"https:\/\/radiobitacora.com.ar\/web\/wp-json\/wp\/v2\/posts\/24942\/revisions"}],"wp:featuredmedia":[{"embeddable":true,"href":"https:\/\/radiobitacora.com.ar\/web\/wp-json\/wp\/v2\/media\/24945"}],"wp:attachment":[{"href":"https:\/\/radiobitacora.com.ar\/web\/wp-json\/wp\/v2\/media?parent=24942"}],"wp:term":[{"taxonomy":"category","embeddable":true,"href":"https:\/\/radiobitacora.com.ar\/web\/wp-json\/wp\/v2\/categories?post=24942"},{"taxonomy":"post_tag","embeddable":true,"href":"https:\/\/radiobitacora.com.ar\/web\/wp-json\/wp\/v2\/tags?post=24942"}],"curies":[{"name":"wp","href":"https:\/\/api.w.org\/{rel}","templated":true}]}}