{"id":24947,"date":"2025-07-20T21:14:11","date_gmt":"2025-07-21T00:14:11","guid":{"rendered":"https:\/\/radiobitacora.com.ar\/web\/?p=24947"},"modified":"2025-07-20T21:14:11","modified_gmt":"2025-07-21T00:14:11","slug":"goya-taco-y-suela-4a-edicion","status":"publish","type":"post","link":"https:\/\/radiobitacora.com.ar\/web\/2025\/07\/20\/goya-taco-y-suela-4a-edicion\/","title":{"rendered":"GOYA TACO Y SUELA 4\u00aa EDICI\u00d3N"},"content":{"rendered":"<p style=\"font-weight: 400;\">\n<p style=\"font-weight: 400;\">GOYA TACO Y SUELA 4\u00aa EDICI\u00d3N<\/p>\n<p style=\"font-weight: 400;\">Imponente concurrencia al espacio Bailantero en el Barrio Leandro Alem<\/p>\n<p style=\"font-weight: 400;\">EL INTENDENTE MARIANO HORMAECHEA ACOMPA\u00d1\u00d3 LA PROPUESTA CULTURAL<\/p>\n<p style=\"font-weight: 400;\">Una nueva convocatoria del programa cultural de la Municipalidad, el domingo en el espacio de la Plaza de la Mujer en el Barrio Leandro N Alem, con excelente respuesta de los vecinos de diferentes barrios de la ciudad, de la zona rural para disfrutar de la jornada, destinada a promover la cultura chamamecera con el espacio necesario para la bailanta.<\/p>\n<p style=\"font-weight: 400;\"><img loading=\"lazy\" decoding=\"async\" class=\"wp-image-24948 alignleft\" src=\"https:\/\/radiobitacora.com.ar\/web\/wp-content\/uploads\/2025\/07\/Goya-Taco-y-Suela-en-Alem-5.jpg\" alt=\"\" width=\"356\" height=\"237\" srcset=\"https:\/\/radiobitacora.com.ar\/web\/wp-content\/uploads\/2025\/07\/Goya-Taco-y-Suela-en-Alem-5.jpg 1600w, https:\/\/radiobitacora.com.ar\/web\/wp-content\/uploads\/2025\/07\/Goya-Taco-y-Suela-en-Alem-5-696x464.jpg 696w, https:\/\/radiobitacora.com.ar\/web\/wp-content\/uploads\/2025\/07\/Goya-Taco-y-Suela-en-Alem-5-1068x712.jpg 1068w, https:\/\/radiobitacora.com.ar\/web\/wp-content\/uploads\/2025\/07\/Goya-Taco-y-Suela-en-Alem-5-630x420.jpg 630w\" sizes=\"auto, (max-width: 356px) 100vw, 356px\" \/><\/p>\n<p style=\"font-weight: 400;\">Un programa itinerante, que permite cada domingo visitar diferentes zonas de la ciudad, program\u00e1ndose el pr\u00f3ximo encuentro en la zona rural.<\/p>\n<p style=\"font-weight: 400;\">\n<p style=\"font-weight: 400;\">Este programa surgido desde la Secretar\u00eda de Gobierno, por medio de la Direcci\u00f3n de Cultura, junto a la Direcci\u00f3n de Promoci\u00f3n Social, que incentiva y acompa\u00f1a la presencia de artesanos y emprendedores para feriar y permitir comercializar sus productos, se consolida en cada jornada, vale mencionar que el espacio adem\u00e1s sirve para que instituciones deportivas, sociales y la comisi\u00f3n barrial ofrezcan sus mercanc\u00edas para recaudar fondos para sus proyectos.<\/p>\n<p style=\"font-weight: 400;\">\n<p style=\"font-weight: 400;\">Durante su visita al espacio p\u00fablico, el Intendente Mariano Hormaechea destac\u00f3 la iniciativa que permite \u201cRevalorizar nuestra cultura y nuestra identidad\u201d, agradeciendo la presencia de vecinos, agrupaciones tradicionalistas y ballet que cada domingo acompa\u00f1an este programa, destacando la oportunidad generada para los emprendedores y artesanos, quienes forman parte de \u201ceste gran equipo\u201d<\/p>\n<p style=\"font-weight: 400;\"><img loading=\"lazy\" decoding=\"async\" class=\"wp-image-24949 alignleft\" src=\"https:\/\/radiobitacora.com.ar\/web\/wp-content\/uploads\/2025\/07\/Goya-Taco-y-Suela-en-Alem-3-Paseo-del-Emprendedor.jpg\" alt=\"\" width=\"363\" height=\"242\" srcset=\"https:\/\/radiobitacora.com.ar\/web\/wp-content\/uploads\/2025\/07\/Goya-Taco-y-Suela-en-Alem-3-Paseo-del-Emprendedor.jpg 1600w, https:\/\/radiobitacora.com.ar\/web\/wp-content\/uploads\/2025\/07\/Goya-Taco-y-Suela-en-Alem-3-Paseo-del-Emprendedor-696x464.jpg 696w, https:\/\/radiobitacora.com.ar\/web\/wp-content\/uploads\/2025\/07\/Goya-Taco-y-Suela-en-Alem-3-Paseo-del-Emprendedor-1068x712.jpg 1068w, https:\/\/radiobitacora.com.ar\/web\/wp-content\/uploads\/2025\/07\/Goya-Taco-y-Suela-en-Alem-3-Paseo-del-Emprendedor-630x420.jpg 630w\" sizes=\"auto, (max-width: 363px) 100vw, 363px\" \/><\/p>\n<p style=\"font-weight: 400;\">Los espectadores disfrutaron de las actuaciones de Los Pikaros del Chamam\u00e9 y la Cumbia, de los Menchos del Pago y de la Cumbia con el cierre a cargo de Juan Zorrilla y Los Aguara en sus dos ritmos chamam\u00e9 y tropical.<\/p>\n<p style=\"font-weight: 400;\">\n<p style=\"font-weight: 400;\">Con gran expectativa los vecinos aguardaban la presencia del Intendente, tras recibirlos con los saludos correspondientes invitaron a sumarse al baile, invitaci\u00f3n gustosamente aceptada por Mariano Hormaechea, al igual que los funcionarios y concejales que compartieron la tarde de Taco y Suela, destac\u00e1ndose en la bailanta el Concejal Sebasti\u00e1n Mazzaro, anim\u00e1ndose a participar del baile, junto a los vecinos del lugar.<\/p>\n<p style=\"font-weight: 400;\">\n<p style=\"font-weight: 400;\">El Intendente Mariano Hormaechea junto al Secretario de Gobierno Pablo Fern\u00e1ndez, el Concejal Sebasti\u00e1n Mazzaro, los concejales y funcionarios presentes, recorrieron el paseo de los emprendedores, reiterando el agradecimiento por ser parte de este programa cultural.<\/p>\n<p style=\"font-weight: 400;\"><img loading=\"lazy\" decoding=\"async\" class=\"wp-image-24950 alignleft\" src=\"https:\/\/radiobitacora.com.ar\/web\/wp-content\/uploads\/2025\/07\/Goya-Taco-y-Suela-en-Alem-10.jpg\" alt=\"\" width=\"357\" height=\"200\" srcset=\"https:\/\/radiobitacora.com.ar\/web\/wp-content\/uploads\/2025\/07\/Goya-Taco-y-Suela-en-Alem-10.jpg 1599w, https:\/\/radiobitacora.com.ar\/web\/wp-content\/uploads\/2025\/07\/Goya-Taco-y-Suela-en-Alem-10-696x391.jpg 696w, https:\/\/radiobitacora.com.ar\/web\/wp-content\/uploads\/2025\/07\/Goya-Taco-y-Suela-en-Alem-10-1068x600.jpg 1068w, https:\/\/radiobitacora.com.ar\/web\/wp-content\/uploads\/2025\/07\/Goya-Taco-y-Suela-en-Alem-10-747x420.jpg 747w\" sizes=\"auto, (max-width: 357px) 100vw, 357px\" \/><\/p>\n<p style=\"font-weight: 400;\">MARIANO HORMAECHEA<\/p>\n<p style=\"font-weight: 400;\">En su saludo a los presentes, el Intendente Mariano Hormaechea, agradeci\u00f3 a las familias chamameceras por la presencia, el acompa\u00f1amiento de los Concejales Sebasti\u00e1n Mazzaro, Jorge Zorzoli, Gabriela Refojos, a los funcionarios, a todo el equipo municipal, para destacar: \u201cEstamos contentos con este programa que revaloriza nuestra identidad, nuestro chamam\u00e9, cuando nos juntamos en la Plaza Mitre, con el Corrientes de Punta a Punta, pudimos observar diferentes artistas, entendimos que era necesario hacer algo similar en nuestra ciudad, llevamos 4 ediciones de Taco y Suela, lo seguiremos haciendo, recorriendo los barrios, el pr\u00f3ximo domingo iremos al campo, a la zona rural, que tambi\u00e9n piden, gracias al Ballet Nuevo Amanecer, a las Agrupaciones, a los artesanos, emprendedores que siempre est\u00e1n son parte de este equipo, que est\u00e1 mirando hacia adelante, sigamos revalorizando nuestra identidad que es el chamam\u00e9\u201d<\/p>\n<p style=\"font-weight: 400;\">\n<p style=\"font-weight: 400;\">Tras las palabras del Intendente, los presentes continuaron animadamente con la bailanta, concluyendo de esta manera la 4\u00aa Edici\u00f3n de Goya Taco y Suela, anunci\u00e1ndose para el domingo la continuidad en el Paraje Punta Batel de nuestro departamento<\/p>\n<p style=\"font-weight: 400;\">\n<p style=\"font-weight: 400;\">Direcci\u00f3n de Prensa-Municipalidad de Goya<\/p>\n","protected":false},"excerpt":{"rendered":"<p>GOYA TACO Y SUELA 4\u00aa EDICI\u00d3N Imponente concurrencia al espacio Bailantero en el Barrio Leandro Alem EL INTENDENTE MARIANO HORMAECHEA ACOMPA\u00d1\u00d3 LA PROPUESTA CULTURAL Una nueva convocatoria del programa cultural de la Municipalidad, el domingo en el espacio de la Plaza de la Mujer en el Barrio Leandro N Alem, con excelente respuesta de los [&hellip;]<\/p>\n","protected":false},"author":2,"featured_media":24951,"comment_status":"closed","ping_status":"closed","sticky":false,"template":"","format":"standard","meta":{"footnotes":""},"categories":[56],"tags":[],"class_list":{"0":"post-24947","1":"post","2":"type-post","3":"status-publish","4":"format-standard","5":"has-post-thumbnail","7":"category-locales"},"_links":{"self":[{"href":"https:\/\/radiobitacora.com.ar\/web\/wp-json\/wp\/v2\/posts\/24947","targetHints":{"allow":["GET"]}}],"collection":[{"href":"https:\/\/radiobitacora.com.ar\/web\/wp-json\/wp\/v2\/posts"}],"about":[{"href":"https:\/\/radiobitacora.com.ar\/web\/wp-json\/wp\/v2\/types\/post"}],"author":[{"embeddable":true,"href":"https:\/\/radiobitacora.com.ar\/web\/wp-json\/wp\/v2\/users\/2"}],"replies":[{"embeddable":true,"href":"https:\/\/radiobitacora.com.ar\/web\/wp-json\/wp\/v2\/comments?post=24947"}],"version-history":[{"count":0,"href":"https:\/\/radiobitacora.com.ar\/web\/wp-json\/wp\/v2\/posts\/24947\/revisions"}],"wp:featuredmedia":[{"embeddable":true,"href":"https:\/\/radiobitacora.com.ar\/web\/wp-json\/wp\/v2\/media\/24951"}],"wp:attachment":[{"href":"https:\/\/radiobitacora.com.ar\/web\/wp-json\/wp\/v2\/media?parent=24947"}],"wp:term":[{"taxonomy":"category","embeddable":true,"href":"https:\/\/radiobitacora.com.ar\/web\/wp-json\/wp\/v2\/categories?post=24947"},{"taxonomy":"post_tag","embeddable":true,"href":"https:\/\/radiobitacora.com.ar\/web\/wp-json\/wp\/v2\/tags?post=24947"}],"curies":[{"name":"wp","href":"https:\/\/api.w.org\/{rel}","templated":true}]}}