{"id":24967,"date":"2025-07-20T21:38:54","date_gmt":"2025-07-21T00:38:54","guid":{"rendered":"https:\/\/radiobitacora.com.ar\/web\/?p=24967"},"modified":"2025-07-20T21:38:54","modified_gmt":"2025-07-21T00:38:54","slug":"rating-del-sabado-ni-mirtha-ni-ivan-de-pineda-que-fue-lo-mas-visto-del-dia","status":"publish","type":"post","link":"https:\/\/radiobitacora.com.ar\/web\/2025\/07\/20\/rating-del-sabado-ni-mirtha-ni-ivan-de-pineda-que-fue-lo-mas-visto-del-dia\/","title":{"rendered":"RATING DEL S\u00c1BADO: NI MIRTHA NI IV\u00c1N DE PINEDA, \u00bfQU\u00c9 FUE LO M\u00c1S VISTO DEL D\u00cdA?"},"content":{"rendered":"<div class=\"sc-808a5b4d-0 fiDTki normal-header false normal-header false\">\n<div class=\"sc-808a5b4d-0 fiDTki shared-header shared-header\">\n<div class=\"mt \">\n<ul>\n<li>La marca m\u00e1s alta fue de apenas 5,4 puntos, cayendo casi un punto en relaci\u00f3n a la semana pasada.<\/li>\n<li>El Trece pudo poner tres programas en el Top Five.<\/li>\n<li>Los m\u00e1s vistos de cada canal.<\/li>\n<\/ul>\n<\/div>\n<div class=\"image-container \"><picture><source srcset=\"https:\/\/www.clarin.com\/img\/2025\/07\/20\/qyJK-J4Y-_1256x620__1.jpg\" media=\"(min-width: 975px)\" \/><\/picture><button class=\"open-image\" aria-label=\"Open Image\"><\/button><span class=\"epigraphe\">Natalie Weber, Jorge Marrale, Moria Cas\u00e1n, Mirtha, Luis Novaresio y Mariano I\u00fadica.<\/span><\/div>\n<\/div>\n<\/div>\n<section class=\"sc-46e3ecc3-1 fMFjWA\">\n<article id=\"storyBody\" class=\"sc-46e3ecc3-2 cfXsMv\">\n<section class=\"sc-46e3ecc3-3 eNZxqX dataStory dataStory\">\n<div class=\"list-authors \">\n<div class=\"sc-4e7e5c5d-0 hgTTFo list-authors  speakable-author\">Redacci\u00f3n Clar\u00edn<\/div>\n<\/div>\n<\/section>\n<div class=\"StoryTextContainer vsmcontent\" data-mrf-recirculation=\"Article Body\">\n<div id=\"containerUalter\" class=\"trinity-skip-it\">\n<div class=\"ualter_content\">\n<section class=\"accordion\">\n<div class=\"tab\">\n<div class=\"tab__content\">\n<div class=\"sintesis\">\n<div class=\"sintesis-header\">\n<h4><img decoding=\"async\" style=\"font-family: Verdana, Geneva, sans-serif; font-size: 15px; color: #222222;\" src=\"https:\/\/www.clarin.com\/img\/2025\/07\/20\/qyJK-J4Y-_600x600__1.jpg\" alt=\"Natalie Weber, Jorge Marrale, Moria Cas\u00e1n, Mirtha, Luis Novaresio y Mariano I\u00fadica.\" data-readystate=\"complete\" \/><\/h4>\n<\/div>\n<div class=\"sintesis-content\">\n<div class=\"slider-wrapper\">\n<p class=\"img-epigraph\">\n<ul id=\"slides-container\" class=\"slides-container\">\n<li class=\"slide\"><img decoding=\"async\" src=\"https:\/\/www.clarin.com\/img\/2025\/07\/20\/lUkhT4fXh_600x600__1.jpg\" alt=\"Para promocionar su obra de teatro, Moria decidi\u00f3 volver a cenar con Mirtha, con quien estaba &quot;algo&quot; distanciada.\" data-readystate=\"complete\" \/>\n<p class=\"img-epigraph\">\n<\/li>\n<li class=\"slide\"><img decoding=\"async\" src=\"https:\/\/www.clarin.com\/img\/2025\/07\/20\/aEZpAIxrK_600x600__1.jpg\" alt=\"La pel\u00edcula &quot;Uncharted: fuera del mapa&quot; fue lo m\u00e1s visto del d\u00eda.\" data-readystate=\"complete\" \/>\n<p class=\"img-epigraph\">\n<p><img decoding=\"async\" src=\"https:\/\/www.clarin.com\/img\/2025\/05\/05\/QW0UsPuir_600x600__1.jpg\" alt=\"Iv\u00e1n de Pineda dej\u00f3 de ser lo m\u00e1s visto del d\u00eda para pasar al segundo casillero, con s\u00f3lo 4,8 puntos y una eisi\u00f3n repetida.\" \/><\/li>\n<\/ul>\n<\/div>\n<\/div>\n<div class=\"sintesis-footer\"><\/div>\n<\/div>\n<\/div>\n<\/div>\n<\/section>\n<\/div>\n<\/div>\n<div id=\"cuerpo\">\n<div id=\"element-body-0\" class=\"sc-45461e9c-0 eqiBeF container-text text-embed \">\n<p>Por m\u00e1s que los n\u00fameros del resto de la semana se modifiquen por estrenos o cambios de horarios,\u00a0<strong>los del s\u00e1bado siguen siendo los m\u00e1s flojos<\/strong>. Nada parece hacerlos sacudir. Y, encima, esta vez no s\u00f3lo no ganaron los dos programas m\u00e1s populares, sino que\u00a0<strong>la marca m\u00e1s alta -que el s\u00e1bado anterior hab\u00eda sido de 6,3 puntos- cay\u00f3 a 5,4 puntos<\/strong>. Es decir que en s\u00f3lo siete d\u00edas\u00a0<strong>perdi\u00f3 casi un punto<\/strong>.<\/p>\n<\/div>\n<div id=\"element-body-1\" class=\"sc-45461e9c-0 eqiBeF container-text text-embed \">\n<p>Este 19 de julio, la cima del podio\u00a0<strong>no estuvo re\u00f1ida entre Mirtha Legrand e Iv\u00e1n de Pineda<\/strong>, supuestamente los dos m\u00e1s convocantes de la grilla sabatina, sino que\u00a0<strong>el liderazgo qued\u00f3 en manos del ciclo Cine 13, con la pel\u00edcula Uncharted: fuera del mapa<\/strong>, que alguna vez ya la hab\u00eda emitido. Filme rendidor,\u00a0<strong>cosech\u00f3 5,4 puntos de promedio y logr\u00f3, como pocas veces sucede, que El Trece estuviera en lo m\u00e1s alto\u00a0<\/strong>del Top Five.<\/p>\n<\/div>\n<div id=\"element-body-2\" class=\"sc-45461e9c-0 eqiBeF container-text text-embed \">\n<p>En el segundo lugar s\u00ed apareci\u00f3<strong>\u00a0Pasapalabra<\/strong>, el casi infalible ciclo con De Pineda, pero el hecho de que Telefe decidiera poner\u00a0<strong>una emisi\u00f3n repetida le jug\u00f3 en contra<\/strong>. El duelo entre el equipo capitaneado por\u00a0<strong>Damla Maradona<\/strong>\u00a0(que jug\u00f3 junto a su mam\u00e1,\u00a0<strong>Claudia Villafa\u00f1e, que ya hab\u00eda estado el lunes<\/strong>) y el de<strong>\u00a0Belu Lucius<\/strong>\u00a0se hab\u00eda visto hace poquito: esta vez marc\u00f3<strong>\u00a04,8, sin sorpresas<\/strong>.\u00a0<em>El Rosco\u00a0<\/em>(el juego principal) entre la hija de Diego y Belu\u00a0<strong>fue para para humorista<\/strong>.<\/p>\n<\/div>\n<div class=\"sc-80d44df9-7 keNRi bannerCollapse\">\n<div id=\"div-gpt-ad-inread\" class=\"sc-1e0b2bc2-0 hNyRou lazyBanner\">\n<div id=\"google_ads_iframe_\/242767168\/clarin\/espectaculos\/nota\/inread_0__container__\"><\/div>\n<\/div>\n<\/div>\n<div id=\"element-body-3\" class=\"sc-45461e9c-0 eqiBeF container-text text-embed \">\n<p>El tercer escal\u00f3n del podio principal fue compartido por\u00a0<strong>La noche de Mirtha<\/strong>\u00a0(El Trece) y el ciclo<em>\u00a0Cine Telefe de los s\u00e1bados<\/em>, que puso la pel\u00edcula\u00a0<strong>Mi abuela es un peligro<\/strong>. Empataron en\u00a0<strong>4,2<\/strong>.<\/p>\n<\/div>\n<div id=\"element-body-4\" class=\"sc-98b114a2-0 bkqiHH image-embed  image-embed \"><picture class=\"sc-98b114a2-1 jRUlDm\"><source srcset=\"https:\/\/www.clarin.com\/img\/2025\/07\/20\/lUkhT4fXh_720x0__1.jpg\" media=\"(min-width: 975px)\" \/><img loading=\"lazy\" decoding=\"async\" src=\"https:\/\/www.clarin.com\/img\/2025\/07\/20\/lUkhT4fXh_720x0__1.jpg\" alt=\"Para promocionar su obra de teatro, Moria decidi\u00f3 volver a cenar con Mirtha, con quien estaba &quot;algo&quot; distanciada.\" width=\"720\" height=\"480\" data-nimg=\"1\" data-readystate=\"complete\" \/><\/picture><span class=\"epigraphe\">Para promocionar su obra de teatro, Moria decidi\u00f3 volver a cenar con Mirtha, con quien estaba &#8220;algo&#8221; distanciada.<\/span><\/div>\n<div id=\"element-body-5\" class=\"sc-45461e9c-0 eqiBeF container-text text-embed \">\n<p>Para su &#8220;mesaza&#8221; de este s\u00e1bado 19,\u00a0<em>La Chiqui\u00a0<\/em>eligi\u00f3 como invitados a\u00a0<strong>Moria Cas\u00e1n, Jorge Marrale, Luis Novaresio, Natalie Weber y Mariano I\u00fadica<\/strong>. Fue\u00a0<strong>una cena picante, ya que Moria, que hac\u00eda mucho que no iba a cenar con Mirtha, cop\u00f3 la parada<\/strong>.<\/p>\n<\/div>\n<div id=\"element-body-6\" class=\"sc-45461e9c-0 eqiBeF container-text text-embed \">\n<p>Y, con esos comensales,\u00a0<strong>Mirtha gan\u00f3 por varios lados: subi\u00f3 seis d\u00e9cimas en relaci\u00f3n a la semana pasada, pas\u00f3 del tercero al segundo puesto<\/strong>\u00a0del podio del canal y logr\u00f3 pisar el tercer escal\u00f3n del\u00a0<strong>Top Five<\/strong>, tabla a la que el s\u00e1bado 12 no hab\u00eda podido entrar.<\/p>\n<\/div>\n<div id=\"element-body-7\" class=\"sc-45461e9c-0 eqiBeF container-text text-embed \">\n<p>Y el\u00a0<em>Top Five<\/em>\u00a0del d\u00eda se cerr\u00f3 con otro largometraje del ciclo\u00a0<em>Cine 13<\/em>, que emiti\u00f3<strong>\u00a0El silencio de los esp\u00edas<\/strong>, con un promedio de\u00a0<strong>4 puntos<\/strong>\u00a0redondos. As\u00ed, el ranking principal<strong>\u00a0tuvo m\u00e1s programas de El Trece que de Telefe<\/strong>.<\/p>\n<\/div>\n<div id=\"element-body-8\" class=\"sc-98b114a2-0 bkqiHH image-embed  image-embed \"><picture class=\"sc-98b114a2-1 jRUlDm\"><source srcset=\"https:\/\/www.clarin.com\/img\/2025\/07\/20\/aEZpAIxrK_720x0__1.jpg\" media=\"(min-width: 975px)\" \/><img loading=\"lazy\" decoding=\"async\" src=\"https:\/\/www.clarin.com\/img\/2025\/07\/20\/aEZpAIxrK_720x0__1.jpg\" alt=\"La pel\u00edcula &quot;Uncharted: fuera del mapa&quot; fue lo m\u00e1s visto del d\u00eda.\" width=\"720\" height=\"480\" data-nimg=\"1\" data-readystate=\"complete\" \/><\/picture><span class=\"epigraphe\">La pel\u00edcula &#8220;Uncharted: fuera del mapa&#8221; fue lo m\u00e1s visto del d\u00eda.<\/span><\/div>\n<div id=\"element-body-9\" class=\"sc-45461e9c-0 eqiBeF container-text text-embed \">\n<h2>Los m\u00e1s vistos de los otros canales<\/h2>\n<\/div>\n<div id=\"element-body-10\" class=\"sc-45461e9c-0 eqiBeF container-text text-embed \">\n<p>Los otros canales quedaron as\u00ed: en Am\u00e9rica gan\u00f3\u00a0<strong>Secretos verdaderos<\/strong>, con 1,5 punto.<strong>\u00a0<\/strong>En Elnueve se impuso<strong>\u00a0Implacables<\/strong>\u00a0con 1,7.<\/p>\n<\/div>\n<div id=\"element-body-11\" class=\"sc-45461e9c-0 eqiBeF container-text text-embed \">\n<p>En la Televisi\u00f3n P\u00fablica lider\u00f3 el especial\u00a0<strong>Llave a la eternidad<\/strong>\u00a0con 0,6 punto<strong>.\u00a0<\/strong>Desde principio de julio, Kantar Ibope Media<strong>\u00a0no incluye en sus planillas las cifras de Net TV y Bravo<\/strong>, por eso desde ahora s\u00f3lo se conocen los promedios de s\u00f3lo cinco canales de los siete abiertos que hay en el aire.<\/p>\n<\/div>\n<div id=\"element-body-12\" class=\"sc-98b114a2-0 bkqiHH image-embed  image-embed \"><picture class=\"sc-98b114a2-1 jRUlDm\"><source srcset=\"https:\/\/www.clarin.com\/img\/2025\/05\/05\/QW0UsPuir_720x0__1.jpg\" media=\"(min-width: 975px)\" \/><img loading=\"lazy\" decoding=\"async\" src=\"https:\/\/www.clarin.com\/img\/2025\/05\/05\/QW0UsPuir_720x0__1.jpg\" alt=\"Iv\u00e1n de Pineda dej\u00f3 de ser lo m\u00e1s visto del d\u00eda para pasar al segundo casillero, con s\u00f3lo 4,8 puntos y una eisi\u00f3n repetida.\" width=\"720\" height=\"480\" data-nimg=\"1\" data-readystate=\"complete\" \/><\/picture><span class=\"epigraphe\">Iv\u00e1n de Pineda dej\u00f3 de ser lo m\u00e1s visto del d\u00eda para pasar al segundo casillero, con s\u00f3lo 4,8 puntos y una eisi\u00f3n repetida.<\/span><\/div>\n<div id=\"element-body-13\" class=\"sc-45461e9c-0 eqiBeF container-text text-embed \">\n<h2>El ranking de las emisoras<\/h2>\n<\/div>\n<div id=\"element-body-14\" class=\"sc-45461e9c-0 eqiBeF container-text text-embed \">\n<p>La lucha general entre los canales qued\u00f3 de esta manera:\u00a0<strong>Telefe arriba con 4,2 puntos (perdi\u00f3 cuatro d\u00e9cimas en una semana)<\/strong>, seguido por\u00a0<strong>El Trece con 3,4 (midi\u00f3 lo mismo que la anterior),<\/strong>\u00a0cifras que los aleja del pelot\u00f3n que los persigue.<\/p>\n<\/div>\n<div class=\"sc-80d44df9-7 keNRi bannerCollapse\">\n<div id=\"div-gpt-ad-inread4\" class=\"sc-1e0b2bc2-0 hNyRou lazyBanner\" data-google-query-id=\"CJPj3NXazI4DFdZeuAQd3HEMpQ\">\n<div id=\"google_ads_iframe_\/242767168\/clarin\/espectaculos\/nota\/inread4_0__container__\"><\/div>\n<\/div>\n<\/div>\n<div id=\"element-body-15\" class=\"sc-45461e9c-0 eqiBeF container-text text-embed \">\n<p><strong>Am\u00e9rica midi\u00f3 1, seguido por Elnueve con 0,8<\/strong>. Luego se ubic\u00f3\u00a0<strong>la TV P\u00fablica con 0,2\u00a0<\/strong>de promedio.<\/p>\n<\/div>\n<div id=\"element-body-16\" class=\"sc-45461e9c-0 eqiBeF container-text text-embed \">\n<p>Este domingo 20 de julio, Telefe volver\u00e1 a presentar\u00a0<strong>el t\u00e1ndem de Pasapalabra y de La voz Argentina<\/strong>.<\/p>\n<\/div>\n<div id=\"element-body-17\" class=\"sc-45461e9c-0 eqiBeF container-text text-embed \">\n<p>Esa misma f\u00f3rmula, pero invertida (<strong>primero ir\u00e1 Nico Occhiato y luego Iv\u00e1n de Pineda<\/strong>), se dar\u00e1 este lunes 21, cuando el canal intente conservar el liderazgo frente a\u00a0<strong>la segunda semana del nuevo t\u00e1ndem\u00a0<\/strong>de El Trece, integrado por\u00a0<strong>Guido Kaczka<\/strong>\u00a0con\u00a0<strong>Buenas noches familia<\/strong>\u00a0(gran estreno, fue lo m\u00e1s visto del canal en toda la semana) y por\u00a0<strong>Mario Pergolini\u00a0<\/strong>y\u00a0<strong>Otro d\u00eda perdido, que tuvo un flojo arranque<\/strong>.<\/p>\n<\/div>\n<\/div>\n<\/div>\n<\/article>\n<\/section>\n","protected":false},"excerpt":{"rendered":"<p>La marca m\u00e1s alta fue de apenas 5,4 puntos, cayendo casi un punto en relaci\u00f3n a la semana pasada. El Trece pudo poner tres programas en el Top Five. Los m\u00e1s vistos de cada canal. Natalie Weber, Jorge Marrale, Moria Cas\u00e1n, Mirtha, Luis Novaresio y Mariano I\u00fadica. Redacci\u00f3n Clar\u00edn Por m\u00e1s que los n\u00fameros del [&hellip;]<\/p>\n","protected":false},"author":2,"featured_media":24968,"comment_status":"closed","ping_status":"closed","sticky":false,"template":"","format":"standard","meta":{"footnotes":""},"categories":[1],"tags":[],"class_list":{"0":"post-24967","1":"post","2":"type-post","3":"status-publish","4":"format-standard","5":"has-post-thumbnail","7":"category-sin-categoria"},"_links":{"self":[{"href":"https:\/\/radiobitacora.com.ar\/web\/wp-json\/wp\/v2\/posts\/24967","targetHints":{"allow":["GET"]}}],"collection":[{"href":"https:\/\/radiobitacora.com.ar\/web\/wp-json\/wp\/v2\/posts"}],"about":[{"href":"https:\/\/radiobitacora.com.ar\/web\/wp-json\/wp\/v2\/types\/post"}],"author":[{"embeddable":true,"href":"https:\/\/radiobitacora.com.ar\/web\/wp-json\/wp\/v2\/users\/2"}],"replies":[{"embeddable":true,"href":"https:\/\/radiobitacora.com.ar\/web\/wp-json\/wp\/v2\/comments?post=24967"}],"version-history":[{"count":0,"href":"https:\/\/radiobitacora.com.ar\/web\/wp-json\/wp\/v2\/posts\/24967\/revisions"}],"wp:featuredmedia":[{"embeddable":true,"href":"https:\/\/radiobitacora.com.ar\/web\/wp-json\/wp\/v2\/media\/24968"}],"wp:attachment":[{"href":"https:\/\/radiobitacora.com.ar\/web\/wp-json\/wp\/v2\/media?parent=24967"}],"wp:term":[{"taxonomy":"category","embeddable":true,"href":"https:\/\/radiobitacora.com.ar\/web\/wp-json\/wp\/v2\/categories?post=24967"},{"taxonomy":"post_tag","embeddable":true,"href":"https:\/\/radiobitacora.com.ar\/web\/wp-json\/wp\/v2\/tags?post=24967"}],"curies":[{"name":"wp","href":"https:\/\/api.w.org\/{rel}","templated":true}]}}