{"id":24970,"date":"2025-07-20T21:47:37","date_gmt":"2025-07-21T00:47:37","guid":{"rendered":"https:\/\/radiobitacora.com.ar\/web\/?p=24970"},"modified":"2025-07-20T21:47:37","modified_gmt":"2025-07-21T00:47:37","slug":"en-la-vidriera-actualidad-politica-los-candidatos-de-goya-frente-al-espejo-de-la-ciudad","status":"publish","type":"post","link":"https:\/\/radiobitacora.com.ar\/web\/2025\/07\/20\/en-la-vidriera-actualidad-politica-los-candidatos-de-goya-frente-al-espejo-de-la-ciudad\/","title":{"rendered":"\u201cEN LA VIDRIERA \u2013 ACTUALIDAD POL\u00cdTICA\u201d: LOS CANDIDATOS DE GOYA FRENTE AL ESPEJO DE LA CIUDAD"},"content":{"rendered":"<p>Radio Bit\u00e1cora 98.9 lanza un nuevo ciclo de entrevistas pol\u00edticas que promete marcar la agenda local: \u201cEn La Vidriera \u2013 Actualidad Pol\u00edtica\u201d, conducido por Pedro S\u00e1, comunicador con amplio conocimiento del escenario pol\u00edtico de Goya.<\/p>\n<p>Con un formato \u00edntimo y cercano, las entrevistas se realizan desde el estudio principal de la emisora, justo detr\u00e1s de una vidriera que conecta simb\u00f3licamente con la ciudad: los vecinos pueden ver y escuchar las conversaciones en tiempo real, como si el pulso pol\u00edtico se reflejara directamente en las calles.<\/p>\n<p>\u201cEs una vidriera que no solo muestra\u2026 tambi\u00e9n pregunta, escucha y construye\u201d, define S\u00e1, quien propone un espacio de di\u00e1logo respetuoso, plural y profundo para conocer a quienes aspiran a gobernar la ciudad.<\/p>\n<p>Formato del programa:<br \/>\n\u2022 Entrevistas uno a uno, c\u00f3modas y sinceras, entre el conductor y cada candidato.<br \/>\n\u2022 Transmisi\u00f3n en vivo desde la vidriera del estudio, en el coraz\u00f3n de la ciudad.<br \/>\n\u2022 Participaci\u00f3n ciudadana, con preguntas enviadas por WhatsApp y redes sociales.<\/p>\n<p>Agenda Confirmada: Semana del 21 al 25<\/p>\n<p>La primera semana de emisi\u00f3n ya tiene a sus protagonistas definidos, todos candidatos a la intendencia de Goya:<br \/>\n\u2022 Lunes 21: Mariano Hormaechea, actual Intendente y candidato a la reelecci\u00f3n.<br \/>\n\u2022 Mi\u00e9rcoles 23: Pedro Gerardo Cassani, Viceintendente y tambi\u00e9n en carrera por la intendencia.<br \/>\n\u2022 Viernes 25: Lisandro Paleari, candidato que busca una renovaci\u00f3n en la pol\u00edtica local.<\/p>\n<p><em><strong>D\u00f3nde seguir el programa:<\/strong><\/em><br \/>\n\u2022 Radio Bit\u00e1cora 98.9 FM<br \/>\n\u2022 Televisi\u00f3n en 1.1 Gowigo<br \/>\n\u2022 Redes sociales: Facebook e Instagram @radiobitacora98.9<br \/>\n\u2022 Web: www.radiobitacora.com.ar<\/p>\n<p>\u201cEn La Vidriera\u201d ya est\u00e1 en marcha, y Goya tendr\u00e1 una nueva forma de mirar a sus dirigentes: cara a cara, palabra por palabra.<\/p>\n<p><img loading=\"lazy\" decoding=\"async\" class=\"aligncenter size-full wp-image-24971\" src=\"https:\/\/radiobitacora.com.ar\/web\/wp-content\/uploads\/2025\/07\/Agenda-.jpg\" alt=\"\" width=\"1414\" height=\"2000\" srcset=\"https:\/\/radiobitacora.com.ar\/web\/wp-content\/uploads\/2025\/07\/Agenda-.jpg 1414w, https:\/\/radiobitacora.com.ar\/web\/wp-content\/uploads\/2025\/07\/Agenda--696x984.jpg 696w, https:\/\/radiobitacora.com.ar\/web\/wp-content\/uploads\/2025\/07\/Agenda--1068x1511.jpg 1068w, https:\/\/radiobitacora.com.ar\/web\/wp-content\/uploads\/2025\/07\/Agenda--297x420.jpg 297w\" sizes=\"auto, (max-width: 1414px) 100vw, 1414px\" \/><\/p>\n","protected":false},"excerpt":{"rendered":"<p>Radio Bit\u00e1cora 98.9 lanza un nuevo ciclo de entrevistas pol\u00edticas que promete marcar la agenda local: \u201cEn La Vidriera \u2013 Actualidad Pol\u00edtica\u201d, conducido por Pedro S\u00e1, comunicador con amplio conocimiento del escenario pol\u00edtico de Goya. Con un formato \u00edntimo y cercano, las entrevistas se realizan desde el estudio principal de la emisora, justo detr\u00e1s de [&hellip;]<\/p>\n","protected":false},"author":2,"featured_media":24972,"comment_status":"closed","ping_status":"closed","sticky":false,"template":"","format":"standard","meta":{"footnotes":""},"categories":[74],"tags":[],"class_list":{"0":"post-24970","1":"post","2":"type-post","3":"status-publish","4":"format-standard","5":"has-post-thumbnail","7":"category-bitacora-tv"},"_links":{"self":[{"href":"https:\/\/radiobitacora.com.ar\/web\/wp-json\/wp\/v2\/posts\/24970","targetHints":{"allow":["GET"]}}],"collection":[{"href":"https:\/\/radiobitacora.com.ar\/web\/wp-json\/wp\/v2\/posts"}],"about":[{"href":"https:\/\/radiobitacora.com.ar\/web\/wp-json\/wp\/v2\/types\/post"}],"author":[{"embeddable":true,"href":"https:\/\/radiobitacora.com.ar\/web\/wp-json\/wp\/v2\/users\/2"}],"replies":[{"embeddable":true,"href":"https:\/\/radiobitacora.com.ar\/web\/wp-json\/wp\/v2\/comments?post=24970"}],"version-history":[{"count":0,"href":"https:\/\/radiobitacora.com.ar\/web\/wp-json\/wp\/v2\/posts\/24970\/revisions"}],"wp:featuredmedia":[{"embeddable":true,"href":"https:\/\/radiobitacora.com.ar\/web\/wp-json\/wp\/v2\/media\/24972"}],"wp:attachment":[{"href":"https:\/\/radiobitacora.com.ar\/web\/wp-json\/wp\/v2\/media?parent=24970"}],"wp:term":[{"taxonomy":"category","embeddable":true,"href":"https:\/\/radiobitacora.com.ar\/web\/wp-json\/wp\/v2\/categories?post=24970"},{"taxonomy":"post_tag","embeddable":true,"href":"https:\/\/radiobitacora.com.ar\/web\/wp-json\/wp\/v2\/tags?post=24970"}],"curies":[{"name":"wp","href":"https:\/\/api.w.org\/{rel}","templated":true}]}}