{"id":24980,"date":"2025-07-21T21:02:34","date_gmt":"2025-07-22T00:02:34","guid":{"rendered":"https:\/\/radiobitacora.com.ar\/web\/?p=24980"},"modified":"2025-07-21T21:02:34","modified_gmt":"2025-07-22T00:02:34","slug":"el-teatro-como-vehiculo-de-conciencia-medioambiental","status":"publish","type":"post","link":"https:\/\/radiobitacora.com.ar\/web\/2025\/07\/21\/el-teatro-como-vehiculo-de-conciencia-medioambiental\/","title":{"rendered":"EL TEATRO COMO VEH\u00cdCULO DE CONCIENCIA MEDIOAMBIENTAL"},"content":{"rendered":"<p style=\"font-weight: 400;\">La Escuela Municipal de Teatro de Goya, aprovechando el marco que gener\u00f3 la Feria del Libro en nuestra ciudad y en Corrientes capital, abord\u00f3 desde esta arista art\u00edstica un mensaje concienciador y actual en relaci\u00f3n a una tem\u00e1tica que concita preocupaci\u00f3n y ocupaci\u00f3n en todo el mundo: el medio ambiente.<\/p>\n<p style=\"font-weight: 400;\">La obra se titula \u201cLos guardianes del Paran\u00e1\u201d y mediante tres personajes aborda el cuidado de la vida que en la flora y la fauna tiene nuestro litoral.<\/p>\n<p style=\"font-weight: 400;\"><img loading=\"lazy\" decoding=\"async\" class=\"wp-image-24982 alignleft\" src=\"https:\/\/radiobitacora.com.ar\/web\/wp-content\/uploads\/2025\/07\/Javier-Camino.jpg\" alt=\"\" width=\"349\" height=\"235\" srcset=\"https:\/\/radiobitacora.com.ar\/web\/wp-content\/uploads\/2025\/07\/Javier-Camino.jpg 1024w, https:\/\/radiobitacora.com.ar\/web\/wp-content\/uploads\/2025\/07\/Javier-Camino-696x468.jpg 696w, https:\/\/radiobitacora.com.ar\/web\/wp-content\/uploads\/2025\/07\/Javier-Camino-624x420.jpg 624w\" sizes=\"auto, (max-width: 349px) 100vw, 349px\" \/><\/p>\n<p style=\"font-weight: 400;\">El coordinador de dicha escuela, Javier Camino, sostuvo que las tres funciones brindadas \u201cabren el tel\u00f3n a una nueva propuesta de la Escuela Municipal de Teatro, obra que intenta acercar a los ni\u00f1os y adultos al cuidado del medio ambiente, especialmente el m\u00e1s cercano a nuestro paisaje\u201d.<\/p>\n<p style=\"font-weight: 400;\">\n<p style=\"font-weight: 400;\">Fueron dos funciones \u201ca sala llena\u201d en la Feria del Libro Goya, como en la funci\u00f3n brindada en la Feria del Libro que se realiza en Corrientes capital, la cual concluy\u00f3 el viernes \u00faltimo pasado. \u201cLas ferias del libro se han puesto muy interesantes en nuestra regi\u00f3n, en nuestra ciudad ha crecido much\u00edsimo\u201d, destac\u00f3 Camino.<\/p>\n<p style=\"font-weight: 400;\">\n<p style=\"font-weight: 400;\">En relaci\u00f3n a las obras, afirm\u00f3: \u201cel s\u00e1bado y el domingo contamos con una platea completa, y lo mismo nos pas\u00f3 en Corrientes; a donde fuimos convocados a trav\u00e9s del Instituto Nacional del Teatro, mediante su representante en Corrientes\u201d.<\/p>\n<p style=\"font-weight: 400;\">\n<p style=\"font-weight: 400;\">Las artes en general son medios que invitan a la reflexi\u00f3n y el teatro, una de estas expresiones, permite a trav\u00e9s de sus personajes y situaciones la exploraci\u00f3n y expresi\u00f3n de emociones, la sensibilizaci\u00f3n sobre problemas sociales y el desarrollo de valores como la empat\u00eda y la solidaridad, todo lo cual se visibiliz\u00f3 en \u201cLos guardianes del Paran\u00e1\u201d.<\/p>\n<p style=\"font-weight: 400;\">\n<p style=\"font-weight: 400;\">Direcci\u00f3n de Prensa \u2013 Municipalidad de Goya<\/p>\n","protected":false},"excerpt":{"rendered":"<p>La Escuela Municipal de Teatro de Goya, aprovechando el marco que gener\u00f3 la Feria del Libro en nuestra ciudad y en Corrientes capital, abord\u00f3 desde esta arista art\u00edstica un mensaje concienciador y actual en relaci\u00f3n a una tem\u00e1tica que concita preocupaci\u00f3n y ocupaci\u00f3n en todo el mundo: el medio ambiente. La obra se titula \u201cLos [&hellip;]<\/p>\n","protected":false},"author":2,"featured_media":24983,"comment_status":"closed","ping_status":"closed","sticky":false,"template":"","format":"standard","meta":{"footnotes":""},"categories":[56],"tags":[],"class_list":{"0":"post-24980","1":"post","2":"type-post","3":"status-publish","4":"format-standard","5":"has-post-thumbnail","7":"category-locales"},"_links":{"self":[{"href":"https:\/\/radiobitacora.com.ar\/web\/wp-json\/wp\/v2\/posts\/24980","targetHints":{"allow":["GET"]}}],"collection":[{"href":"https:\/\/radiobitacora.com.ar\/web\/wp-json\/wp\/v2\/posts"}],"about":[{"href":"https:\/\/radiobitacora.com.ar\/web\/wp-json\/wp\/v2\/types\/post"}],"author":[{"embeddable":true,"href":"https:\/\/radiobitacora.com.ar\/web\/wp-json\/wp\/v2\/users\/2"}],"replies":[{"embeddable":true,"href":"https:\/\/radiobitacora.com.ar\/web\/wp-json\/wp\/v2\/comments?post=24980"}],"version-history":[{"count":0,"href":"https:\/\/radiobitacora.com.ar\/web\/wp-json\/wp\/v2\/posts\/24980\/revisions"}],"wp:featuredmedia":[{"embeddable":true,"href":"https:\/\/radiobitacora.com.ar\/web\/wp-json\/wp\/v2\/media\/24983"}],"wp:attachment":[{"href":"https:\/\/radiobitacora.com.ar\/web\/wp-json\/wp\/v2\/media?parent=24980"}],"wp:term":[{"taxonomy":"category","embeddable":true,"href":"https:\/\/radiobitacora.com.ar\/web\/wp-json\/wp\/v2\/categories?post=24980"},{"taxonomy":"post_tag","embeddable":true,"href":"https:\/\/radiobitacora.com.ar\/web\/wp-json\/wp\/v2\/tags?post=24980"}],"curies":[{"name":"wp","href":"https:\/\/api.w.org\/{rel}","templated":true}]}}