{"id":24985,"date":"2025-07-21T21:04:54","date_gmt":"2025-07-22T00:04:54","guid":{"rendered":"https:\/\/radiobitacora.com.ar\/web\/?p=24985"},"modified":"2025-07-21T21:05:00","modified_gmt":"2025-07-22T00:05:00","slug":"todos-por-un-sueno","status":"publish","type":"post","link":"https:\/\/radiobitacora.com.ar\/web\/2025\/07\/21\/todos-por-un-sueno\/","title":{"rendered":"TODOS POR UN SUE\u00d1O"},"content":{"rendered":"<p style=\"font-weight: 400;\">Con gran orgullo se est\u00e1n replicando expresiones que tienen a Brenda Insaurralde como protagonista. Es que esta atleta goyana de 15 a\u00f1os es quien representar\u00e1 a la Argentina en el Mundial de Trail de Monta\u00f1a el 28 de septiembre en Espa\u00f1a; pero para ello necesita hoy de nuestra ayuda. Es por eso que el Club Atenas Goya se encuentra organizando para el 3 de agosto venidero la prueba atl\u00e9tica \u201cTodos por un sue\u00f1o\u201d, en solidaridad con la atleta de nuestra ciudad que representar\u00e1 al pa\u00eds.<\/p>\n<p style=\"font-weight: 400;\">La participaci\u00f3n de Brenda en el mundial a\u00fan depende de cuestiones log\u00edsticas. La Confederaci\u00f3n Argentina de Atletismo fij\u00f3 la primera semana de agosto como fecha l\u00edmite para presentar los pasajes a\u00e9reos, lo cual oficializa la presencia de los atletas. Por ello, esta prueba atl\u00e9tica solidaria est\u00e1 prevista para el d\u00eda 3 de agosto.<\/p>\n<p style=\"font-weight: 400;\">Cabe destacar que el logro de Brenda es fruto de su esfuerzo como del trabajo constante de la Escuela Municipal de Atletismo de Goya y de sus entrenadores. El profesor y coordinador, Germ\u00e1n S\u00e1nchez, resalt\u00f3 oportunamente que la escuela sigue sumando logros \u201cy ahora una de nuestras alumnas, que comenz\u00f3 la escuela hace unos 4 o 5 a\u00f1os, pudo salir campeona nacional en la modalidad de trail. Brenda obtuvo la clasificaci\u00f3n para ir a participar a Espa\u00f1a en el mes de septiembre, y por supuesto, estamos s\u00faper contentos por ella, orgullosos de Brenda\u201d.<\/p>\n<p style=\"font-weight: 400;\">PRUEBA SOLIDARIA<\/p>\n<p style=\"font-weight: 400;\">La largada de la mencionada prueba atl\u00e9tica solidaria ser\u00e1 a las 16 hs desde el barrio Santa Clara, puntualmente desde la siguiente direcci\u00f3n: Zorzal 200.<\/p>\n<p style=\"font-weight: 400;\">Se correr\u00e1n distancias libres de 5 y 10 km, con un costo de $10.000 y premiaci\u00f3n en medallas del 1\u00b0 al 5\u00b0 lugar.<\/p>\n<p style=\"font-weight: 400;\">La inscripci\u00f3n presencial se registrar\u00e1 de 15 a 15:45 hs.<\/p>\n<p style=\"font-weight: 400;\">Desde la organizaci\u00f3n dieron a conocer el siguiente alias (Pico.poder.bonete) del Sr. Sergio Insaurralde para quienes deseen transferir el pago de la inscripci\u00f3n. Adem\u00e1s, solicitan enviar junto con el comprobante, distancia y datos, al 3777400820.<\/p>\n<p style=\"font-weight: 400;\">Sum\u00e9monos todos al sue\u00f1o de Brenda de representar a Goya y a Argentina en un mundial de atletismo.<\/p>\n<p style=\"font-weight: 400;\">IMPORTANCIA DEL ESPACIO DE FORMACI\u00d3N<\/p>\n<p style=\"font-weight: 400;\">La Escuela Municipal de Atletismo depende de la Direcci\u00f3n de Deportes del municipio de Goya, y es aqu\u00ed desde d\u00f3nde \u00e9sta atleta junto a otros tantos alumnos, fortalecen su formaci\u00f3n deportiva. Los mismos que participan anualmente en copas, torneos y cert\u00e1menes nacionales, lo que al mismo tiempo demuestra el trabajo constante de los profesores en el d\u00eda a d\u00eda.<\/p>\n<p style=\"font-weight: 400;\">\u201cEs la importancia de tener un entrenador apasionado en cualquier deporte en la ciudad. Sin el trabajo de los profes de nuestra escuelita de atletismo, quiz\u00e1s no hubi\u00e9ramos tenido una Brenda Insaurralde, un Lucas Piasentini o tantos otros campeones nacionales que hoy representan al atletismo en todo el pa\u00eds\u201d, asegur\u00f3 S\u00e1nchez.<\/p>\n<p style=\"font-weight: 400;\">Direcci\u00f3n de Prensa \u2013 Municipalidad de Goya<\/p>\n","protected":false},"excerpt":{"rendered":"<p>Con gran orgullo se est\u00e1n replicando expresiones que tienen a Brenda Insaurralde como protagonista. Es que esta atleta goyana de 15 a\u00f1os es quien representar\u00e1 a la Argentina en el Mundial de Trail de Monta\u00f1a el 28 de septiembre en Espa\u00f1a; pero para ello necesita hoy de nuestra ayuda. Es por eso que el Club [&hellip;]<\/p>\n","protected":false},"author":2,"featured_media":24986,"comment_status":"closed","ping_status":"closed","sticky":false,"template":"","format":"standard","meta":{"footnotes":""},"categories":[78],"tags":[],"class_list":{"0":"post-24985","1":"post","2":"type-post","3":"status-publish","4":"format-standard","5":"has-post-thumbnail","7":"category-deportes"},"_links":{"self":[{"href":"https:\/\/radiobitacora.com.ar\/web\/wp-json\/wp\/v2\/posts\/24985","targetHints":{"allow":["GET"]}}],"collection":[{"href":"https:\/\/radiobitacora.com.ar\/web\/wp-json\/wp\/v2\/posts"}],"about":[{"href":"https:\/\/radiobitacora.com.ar\/web\/wp-json\/wp\/v2\/types\/post"}],"author":[{"embeddable":true,"href":"https:\/\/radiobitacora.com.ar\/web\/wp-json\/wp\/v2\/users\/2"}],"replies":[{"embeddable":true,"href":"https:\/\/radiobitacora.com.ar\/web\/wp-json\/wp\/v2\/comments?post=24985"}],"version-history":[{"count":0,"href":"https:\/\/radiobitacora.com.ar\/web\/wp-json\/wp\/v2\/posts\/24985\/revisions"}],"wp:featuredmedia":[{"embeddable":true,"href":"https:\/\/radiobitacora.com.ar\/web\/wp-json\/wp\/v2\/media\/24986"}],"wp:attachment":[{"href":"https:\/\/radiobitacora.com.ar\/web\/wp-json\/wp\/v2\/media?parent=24985"}],"wp:term":[{"taxonomy":"category","embeddable":true,"href":"https:\/\/radiobitacora.com.ar\/web\/wp-json\/wp\/v2\/categories?post=24985"},{"taxonomy":"post_tag","embeddable":true,"href":"https:\/\/radiobitacora.com.ar\/web\/wp-json\/wp\/v2\/tags?post=24985"}],"curies":[{"name":"wp","href":"https:\/\/api.w.org\/{rel}","templated":true}]}}