{"id":24994,"date":"2025-07-22T19:29:57","date_gmt":"2025-07-22T22:29:57","guid":{"rendered":"https:\/\/radiobitacora.com.ar\/web\/?p=24994"},"modified":"2025-07-22T19:30:34","modified_gmt":"2025-07-22T22:30:34","slug":"reparacion-de-loza-en-jose-gomez-y-cabral","status":"publish","type":"post","link":"https:\/\/radiobitacora.com.ar\/web\/2025\/07\/22\/reparacion-de-loza-en-jose-gomez-y-cabral\/","title":{"rendered":"REPARACI\u00d3N DE LOZA EN JOS\u00c9 G\u00d3MEZ Y CABRAL"},"content":{"rendered":"<p style=\"font-weight: 400;\">Plan Integral de Bacheo:<\/p>\n<p style=\"font-weight: 400;\">La Municipalidad de Goya prosigue con el plan integral de bacheo en calles de la ciudad, en la continuidad de los trabajos que iniciaron la semana anterior en calle Jos\u00e9 G\u00f3mez, en la ma\u00f1ana de este martes la Secretaria de Obras y servicios P\u00fablicos avanza con la reparaci\u00f3n de losa de hormig\u00f3n armado en esta arteria a la altura de la intersecci\u00f3n con calle Cabral.<\/p>\n<p style=\"font-weight: 400;\">Este plan integral se desarrolla por zonas, priorizando donde se evidencian mayor circulaci\u00f3n, recordemos que el plan se inici\u00f3 el pasado mes de junio, en calle Espa\u00f1a y se desarrolla en diferentes arterias de la ciudad, personal y maquinaria municipal realiza las tareas de reparaci\u00f3n de losas de pavimento. A partir de un relevamiento \u00edntegro realizado por el \u00e1rea t\u00e9cnica del municipio, se identificaron con precisi\u00f3n los sectores con losas deterioradas que requieren renovaci\u00f3n.<\/p>\n<p style=\"font-weight: 400;\">Este programa consiste en recuperaci\u00f3n de pavimento en distintos puntos de la ciudad, obras de reparaci\u00f3n de calles donde se procede a la extracci\u00f3n de las losas rajadas o desniveladas, el posterior reemplazo con nuevo hormig\u00f3n, asegurando una base s\u00f3lida mediante la colocaci\u00f3n de arena cemento, estas intervenciones adem\u00e1s contemplan el tomado de juntas para garantizar mayor durabilidad.<\/p>\n<p style=\"font-weight: 400;\">Cabe remarcar que este Plan anunciado por el intendente Mariano Hormaechea, tiene como objetivo el mejoramiento del estado de las calles y avenidas para garantizar la transitabilidad y seguridad vial.<\/p>\n<p style=\"font-weight: 400;\">\n","protected":false},"excerpt":{"rendered":"<p>Plan Integral de Bacheo: La Municipalidad de Goya prosigue con el plan integral de bacheo en calles de la ciudad, en la continuidad de los trabajos que iniciaron la semana anterior en calle Jos\u00e9 G\u00f3mez, en la ma\u00f1ana de este martes la Secretaria de Obras y servicios P\u00fablicos avanza con la reparaci\u00f3n de losa de [&hellip;]<\/p>\n","protected":false},"author":2,"featured_media":24995,"comment_status":"closed","ping_status":"closed","sticky":false,"template":"","format":"standard","meta":{"footnotes":""},"categories":[56],"tags":[],"class_list":{"0":"post-24994","1":"post","2":"type-post","3":"status-publish","4":"format-standard","5":"has-post-thumbnail","7":"category-locales"},"_links":{"self":[{"href":"https:\/\/radiobitacora.com.ar\/web\/wp-json\/wp\/v2\/posts\/24994","targetHints":{"allow":["GET"]}}],"collection":[{"href":"https:\/\/radiobitacora.com.ar\/web\/wp-json\/wp\/v2\/posts"}],"about":[{"href":"https:\/\/radiobitacora.com.ar\/web\/wp-json\/wp\/v2\/types\/post"}],"author":[{"embeddable":true,"href":"https:\/\/radiobitacora.com.ar\/web\/wp-json\/wp\/v2\/users\/2"}],"replies":[{"embeddable":true,"href":"https:\/\/radiobitacora.com.ar\/web\/wp-json\/wp\/v2\/comments?post=24994"}],"version-history":[{"count":0,"href":"https:\/\/radiobitacora.com.ar\/web\/wp-json\/wp\/v2\/posts\/24994\/revisions"}],"wp:featuredmedia":[{"embeddable":true,"href":"https:\/\/radiobitacora.com.ar\/web\/wp-json\/wp\/v2\/media\/24995"}],"wp:attachment":[{"href":"https:\/\/radiobitacora.com.ar\/web\/wp-json\/wp\/v2\/media?parent=24994"}],"wp:term":[{"taxonomy":"category","embeddable":true,"href":"https:\/\/radiobitacora.com.ar\/web\/wp-json\/wp\/v2\/categories?post=24994"},{"taxonomy":"post_tag","embeddable":true,"href":"https:\/\/radiobitacora.com.ar\/web\/wp-json\/wp\/v2\/tags?post=24994"}],"curies":[{"name":"wp","href":"https:\/\/api.w.org\/{rel}","templated":true}]}}