{"id":24998,"date":"2025-07-22T19:33:30","date_gmt":"2025-07-22T22:33:30","guid":{"rendered":"https:\/\/radiobitacora.com.ar\/web\/?p=24998"},"modified":"2025-07-22T19:33:38","modified_gmt":"2025-07-22T22:33:38","slug":"el-drama-de-nicolas-de-la-cruz-en-flamengo-desde-brasil-informan-que-tiene-una-lesion-cronica-e-irreparable","status":"publish","type":"post","link":"https:\/\/radiobitacora.com.ar\/web\/2025\/07\/22\/el-drama-de-nicolas-de-la-cruz-en-flamengo-desde-brasil-informan-que-tiene-una-lesion-cronica-e-irreparable\/","title":{"rendered":"EL DRAMA DE NICOL\u00c1S DE LA CRUZ EN FLAMENGO: DESDE BRASIL INFORMAN QUE TIENE UNA LESI\u00d3N &#8220;CR\u00d3NICA E IRREPARABLE&#8221;"},"content":{"rendered":"<p>El exfutbolista del Millonario lleg\u00f3 a cambio de 16 millones de d\u00f3lares a fines de 2023 y desde entonces, se perdi\u00f3 nada menos que 25 partidos por molestias f\u00edsicas, equivalente a 106 d\u00edas de baja.<\/p>\n<div class=\"containerGrid\">\n<div class=\"col6 shareBar\"><\/div>\n<\/div>\n<figure class=\"kskddisable\" data-modal-description=\"Desde Brasil informan que Nicol\u00e1s De la Cruz tendr\u00eda una lesi\u00f3n &quot;cr\u00f3nica e irreparable&quot; (Buda Mendes\/Getty Images).\" data-modal-image=\"https:\/\/media.tycsports.com\/files\/2025\/07\/22\/864506\/nicolas-de-la-cruz_w862.webp\"><img loading=\"lazy\" decoding=\"async\" class=\"mainImg r16x9\" title=\"Nicol\u00e1s De la Cruz\" src=\"https:\/\/media.tycsports.com\/files\/2025\/07\/22\/864506\/nicolas-de-la-cruz_416x234.webp\" srcset=\"https:\/\/media.tycsports.com\/files\/2025\/07\/22\/864506\/nicolas-de-la-cruz_416x234.webp 960w,https:\/\/media.tycsports.com\/files\/2025\/07\/22\/864506\/nicolas-de-la-cruz_862x485.webp 1024w\" alt=\"Nicol\u00e1s De la Cruz\" width=\"416\" height=\"234\" \/><figcaption class=\"kskddisable\" data-kiosked-context-name=\"kskdUIContext_01k0t46z3sm1nkc80b3088drc8\">Desde Brasil informan que Nicol\u00e1s De la Cruz tendr\u00eda una lesi\u00f3n &#8220;cr\u00f3nica e irreparable&#8221; (Buda Mendes\/Getty Images).<\/figcaption><div id=\"kskd01k0t46z49rm12hwrjfvg3w46e\" class=\"kskdDiv kskdCls\" data-kiosked-role=\"anchor\" data-kiosked-type=\"in-line\" data-kioskid=\"01k0t46z49rm12hwrjfvg3w46e\" data-kiosked-cntrid=\"12549_a789ba49ca403e3b37efa4889ad1a172\">\n<div class=\"kskdDiv\" data-kiosked-role=\"boundary\">\n<div class=\"kskdDiv\" data-kioskid=\"01k0t46z49rm12hwrjfvg3w46e\" data-kiosked-role=\"ad-container\"><\/div>\n<\/div>\n<\/div>\n<\/figure>\n<p>El presente de\u00a0<b>Nicol\u00e1s De la Cruz\u00a0<\/b>en\u00a0<b>Flamengo\u00a0<\/b>no es el esperado. Es que desde su llegada a Brasil procedente de\u00a0<b>River<\/b>\u00a0por\u00a0<b>16 millones de d\u00f3lares<\/b>, el jugador se perdi\u00f3 nada menos que\u00a0<b>25 partidos por molestias f\u00edsicas<\/b>, un total de\u00a0<b>106 d\u00edas de baja<\/b>. En ese sentido, el medio\u00a0<i>GeGlobo<\/i>\u00a0revel\u00f3 que uno de los m\u00e9dicos del Mengao,\u00a0<b>Jos\u00e9 Luiz Runco<\/b>, asegur\u00f3 que el futbolista tiene una lesi\u00f3n &#8220;<i><b>cr\u00f3nica e irreparable<\/b><\/i>&#8220;.<\/p>\n<div id=\"ad-slot-inline1\" class=\"ad-slot-inline1 ad-slot\" data-adtype=\"inline1\" data-google-query-id=\"CLq7673C0Y4DFXxU3QIdRfIeGw\">\n<div id=\"google_ads_iframe_\/125006397\/tyc\/nota\/inline1_0__container__\"><\/div>\n<\/div>\n<p>Seg\u00fan el citado portal de noticias, la misma habr\u00eda salido a la luz porque el doctor\u00a0<b>lo coment\u00f3 en un grupo de WhatsApp con dirigentes y socios<\/b>. &#8220;<i>Fue fichado durante una administraci\u00f3n anterior, pero no est\u00e1 en condiciones de jugar, ya que tiene una lesi\u00f3n cr\u00f3nica e irreparable en la rodilla derecha y otra en la izquierda<\/i>&#8220;, continu\u00f3 Runco.<\/p>\n<div class=\"alsoReadContainer\">\n<h2 class=\"alsoReadText\">El lujo de Agust\u00edn Rossi con Flamengo en el cl\u00e1sico ante Fluminense<\/h2>\n<\/div>\n<p>&#8220;<i>Estamos haciendo todo lo posible para que pueda participar, pero es muy complicado. En cuanto a la venta, solo lo haremos si hay un club interesado por un motivo distinto al f\u00fatbol competitivo<\/i>&#8220;, habr\u00eda dicho el m\u00e9dico, admitiendo que el ex-<b>River no estar\u00eda en condiciones de volver a jugar de manera competitiva<\/b>.<\/p>\n<div id=\"ad-slot-inline2\" class=\"ad-slot-inline_grande ad-slot\" data-adtype=\"inline_grande\" data-google-query-id=\"CLu7673C0Y4DFXxU3QIdRfIeGw\">\n<div id=\"google_ads_iframe_\/125006397\/tyc\/nota\/inline2_0__container__\"><\/div>\n<\/div>\n<p>Por otro lado, cabe recordar que Flamengo ya incorpor\u00f3 a muchos futbolistas en la posici\u00f3n de De la Cruz, como\u00a0<b><a href=\"https:\/\/www.tycsports.com\/futbol-de-brasil\/bombazo-de-flamengo-para-el-mundial-de-clubes-le-dio-la-bienvenida-a-jorginho-id666175.html\" target=\"_blank\" rel=\"noopener\">Jorginho<\/a>\u00a0<\/b>o\u00a0<b><a href=\"https:\/\/www.tycsports.com\/futbol-de-brasil\/flamengo-incorporo-a-un-ex-river-para-pelear-la-copa-libertadores-id674349.html\" target=\"_blank\" rel=\"noopener\">Jorge Carrascal<\/a><\/b><a href=\"https:\/\/www.tycsports.com\/futbol-de-brasil\/flamengo-incorporo-a-un-ex-river-para-pelear-la-copa-libertadores-id674349.html\" target=\"_blank\" rel=\"noopener\">, reciente adquisici\u00f3n<\/a>, y a la espera de\u00a0<a href=\"https:\/\/www.tycsports.com\/futbol-de-brasil\/nuevo-bombazo-de-flamengo-quedo-a-un-paso-de-cerrar-a-saul-niguez-id675280.html\" target=\"_blank\" rel=\"noopener\">cerrar la llegada de\u00a0<\/a><b><a href=\"https:\/\/www.tycsports.com\/futbol-de-brasil\/nuevo-bombazo-de-flamengo-quedo-a-un-paso-de-cerrar-a-saul-niguez-id675280.html\" target=\"_blank\" rel=\"noopener\">Sa\u00fal \u00d1\u00edguez<\/a><\/b>, que vendr\u00eda directamente de\u00a0<b>Atl\u00e9tico de Madrid<\/b>. Por lo cual, todo parece indicar que quedar\u00e1 relegado al rol de suplente y ser\u00eda uno de los prescindibles del equipo.<\/p>\n<div id=\"video-genoa-864503\" class=\"videoPlayer genoa-async\" data-contentid=\"1782790\" data-share=\"https:\/\/www.tycsports.com\/futbol-de-brasil\/desde-brasil-aseguran-que-un-ex-river-tiene-una-lesion-cronica-e-irreparable-id675454.html\" data-playlist-related=\"true\" data-playlist=\"1763630,1782730,1782710,1782687,1770222\">\n<h3 class=\"videoTextTitle\">El \u00fanico tanto de Nicol\u00e1s De la Cruz en 2025<\/h3>\n<p><img loading=\"lazy\" decoding=\"async\" class=\"videoPlayerImg r16x9\" title=\"El \u00fanico tanto de Nicol\u00e1s De la Cruz en 2025\" src=\"https:\/\/media.tycsports.com\/files\/2025\/07\/22\/864503\/el-unico-tanto-de-nicolas-de-la-cruz-en-2025_416x234.webp\" srcset=\"https:\/\/media.tycsports.com\/files\/2025\/07\/22\/864503\/el-unico-tanto-de-nicolas-de-la-cruz-en-2025_416x234.webp 960w,https:\/\/media.tycsports.com\/files\/2025\/07\/22\/864503\/el-unico-tanto-de-nicolas-de-la-cruz-en-2025_862x485.webp 1024w\" alt=\"El \u00fanico tanto de Nicol\u00e1s De la Cruz en 2025\" width=\"416\" height=\"234\" data-src=\"https:\/\/media.tycsports.com\/files\/2025\/07\/22\/864503\/el-unico-tanto-de-nicolas-de-la-cruz-en-2025_416x234.webp\" data-srcset=\"https:\/\/media.tycsports.com\/files\/2025\/07\/22\/864503\/el-unico-tanto-de-nicolas-de-la-cruz-en-2025_416x234.webp 960w,https:\/\/media.tycsports.com\/files\/2025\/07\/22\/864503\/el-unico-tanto-de-nicolas-de-la-cruz-en-2025_862x485.webp 1024w\" \/><\/p>\n<\/div>\n<h2>Los n\u00famero de Nicol\u00e1s De la Cruz en 2025<\/h2>\n<p>El uruguayo sum\u00f3\u00a0<b>20 encuentros<\/b>\u00a0en lo que va del a\u00f1o, en los que solo aport\u00f3\u00a0<b>un gol<\/b>\u00a0en la hist\u00f3rica\u00a0<a href=\"https:\/\/www.tycsports.com\/copa-libertadores\/flamengo-vs-central-cordoba-se-en-vivo-hora-donde-ver-y-formaciones-id647496.html\" target=\"_blank\" rel=\"noopener\">victoria de Central C\u00f3rdoba sobre el Mengao<\/a>\u00a0en el Maracan\u00e1 por Copa Libertadores. Incluso fue al Mundial de Clubes, pero solo jug\u00f3 un pu\u00f1ado de minutos en la\u00a0<a href=\"https:\/\/www.tycsports.com\/mundial-de-clubes\/flamengo-vs-bayern-munich-en-vivo-hora-donde-ver-y-formaciones-id670532.html\" target=\"_blank\" rel=\"noopener\">derrota frente a Bayern M\u00fanich en octavos de final<\/a>.<\/p>\n","protected":false},"excerpt":{"rendered":"<p>El exfutbolista del Millonario lleg\u00f3 a cambio de 16 millones de d\u00f3lares a fines de 2023 y desde entonces, se perdi\u00f3 nada menos que 25 partidos por molestias f\u00edsicas, equivalente a 106 d\u00edas de baja. Desde Brasil informan que Nicol\u00e1s De la Cruz tendr\u00eda una lesi\u00f3n &#8220;cr\u00f3nica e irreparable&#8221; (Buda Mendes\/Getty Images). El presente de\u00a0Nicol\u00e1s [&hellip;]<\/p>\n","protected":false},"author":2,"featured_media":24999,"comment_status":"closed","ping_status":"closed","sticky":false,"template":"","format":"standard","meta":{"footnotes":""},"categories":[78],"tags":[],"class_list":{"0":"post-24998","1":"post","2":"type-post","3":"status-publish","4":"format-standard","5":"has-post-thumbnail","7":"category-deportes"},"_links":{"self":[{"href":"https:\/\/radiobitacora.com.ar\/web\/wp-json\/wp\/v2\/posts\/24998","targetHints":{"allow":["GET"]}}],"collection":[{"href":"https:\/\/radiobitacora.com.ar\/web\/wp-json\/wp\/v2\/posts"}],"about":[{"href":"https:\/\/radiobitacora.com.ar\/web\/wp-json\/wp\/v2\/types\/post"}],"author":[{"embeddable":true,"href":"https:\/\/radiobitacora.com.ar\/web\/wp-json\/wp\/v2\/users\/2"}],"replies":[{"embeddable":true,"href":"https:\/\/radiobitacora.com.ar\/web\/wp-json\/wp\/v2\/comments?post=24998"}],"version-history":[{"count":0,"href":"https:\/\/radiobitacora.com.ar\/web\/wp-json\/wp\/v2\/posts\/24998\/revisions"}],"wp:featuredmedia":[{"embeddable":true,"href":"https:\/\/radiobitacora.com.ar\/web\/wp-json\/wp\/v2\/media\/24999"}],"wp:attachment":[{"href":"https:\/\/radiobitacora.com.ar\/web\/wp-json\/wp\/v2\/media?parent=24998"}],"wp:term":[{"taxonomy":"category","embeddable":true,"href":"https:\/\/radiobitacora.com.ar\/web\/wp-json\/wp\/v2\/categories?post=24998"},{"taxonomy":"post_tag","embeddable":true,"href":"https:\/\/radiobitacora.com.ar\/web\/wp-json\/wp\/v2\/tags?post=24998"}],"curies":[{"name":"wp","href":"https:\/\/api.w.org\/{rel}","templated":true}]}}